{"id":10789,"date":"2023-10-12T10:10:56","date_gmt":"2023-10-12T13:10:56","guid":{"rendered":"https:\/\/vimagazine.com.br\/?p=10789"},"modified":"2023-10-12T10:10:59","modified_gmt":"2023-10-12T13:10:59","slug":"mes-da-crianca-a-importancia-do-acompanhamento-psicologico-desde-a-infancia","status":"publish","type":"post","link":"https:\/\/vimagazine.com.br\/?p=10789","title":{"rendered":"M\u00eas da crian\u00e7a: A import\u00e2ncia do acompanhamento psicol\u00f3gico desde a inf\u00e2ncia"},"content":{"rendered":"\n<p class=\"has-text-align-center\">Investir na sa\u00fade mental infantil promove resili\u00eancia e bem-estar a longo prazo<\/p>\n\n\n\n<p class=\"has-text-align-center\">O Dia das Crian\u00e7as, celebrado em 12 de outubro, \u00e9 uma data especial, pois comemora a inf\u00e2ncia, uma fase marcante que desempenha um papel fundamental na forma\u00e7\u00e3o do c\u00e9rebro, o que torna essencial cuidar da sa\u00fade mental desde cedo.<\/p>\n\n\n\n<p class=\"has-text-align-center\"> O acompanhamento psicol\u00f3gico na inf\u00e2ncia n\u00e3o apenas oferece benef\u00edcios imediatos, mas tamb\u00e9m estabelece as bases para um desenvolvimento saud\u00e1vel e bem-estar emocional a longo prazo.<\/p>\n\n\n\n<p class=\"has-text-align-center\">De acordo com a psic\u00f3loga cl\u00ednica Tatiane Paula, a resili\u00eancia emocional, autoestima, habilidades sociais e redu\u00e7\u00e3o do estresse s\u00e3o componentes-chave para enfrentar desafios ao longo da vida. Al\u00e9m disso, investir na sa\u00fade mental na inf\u00e2ncia pode reduzir o risco de problemas psicol\u00f3gicos no futuro.<\/p>\n\n\n\n<p class=\"has-text-align-center\">Os pais e educadores desempenham um papel fundamental no reconhecimento da necessidade de ajuda psicol\u00f3gica para seus filhos. \u201c<em>Reconhecer os sinais e comunicar a necessidade de apoio psicol\u00f3gico s\u00e3o os primeiros passos. <\/em><\/p>\n\n\n\n<p class=\"has-text-align-center\"><em>Encontrar um profissional qualificado e se envolver no processo de terapia \u00e9 essencial. A cria\u00e7\u00e3o de um ambiente seguro e amoroso e o respeito \u00e0 privacidade da crian\u00e7a s\u00e3o igualmente importantes. <\/em><\/p>\n\n\n\n<p class=\"has-text-align-center\"><em>Al\u00e9m disso, os pais devem educar-se sobre sa\u00fade mental infantil e acompanhar o progresso de seus filhos ao longo do tratamento<\/em>\u201d, destaca a psic\u00f3loga.<\/p>\n\n\n\n<p class=\"has-text-align-center\">Existem v\u00e1rias abordagens terap\u00eauticas para atender \u00e0s necessidades individuais da crian\u00e7a. A Terapia Cognitivo-Comportamental \u00e9 eficaz para lidar com ansiedade, depress\u00e3o e transtornos de comportamento, enquanto a Terapia de Atividades L\u00fadicas \u00e9 indicada para crian\u00e7as mais novas ou com dificuldades de comunica\u00e7\u00e3o. <\/p>\n\n\n\n<p class=\"has-text-align-center\">A Terapia Familiar envolve toda a fam\u00edlia, a Terapia de Arte permite que as crian\u00e7as se expressem de forma n\u00e3o verbal, e a Terapia de Exposi\u00e7\u00e3o \u00e9 \u00fatil no tratamento de transtornos de ansiedade. <\/p>\n\n\n\n<p class=\"has-text-align-center\">Terapia de Apoio e Terapia de Grupo tamb\u00e9m desempenham pap\u00e9is importantes.<\/p>\n\n\n\n<p class=\"has-text-align-center\">\u201c<em>A escolha da abordagem terap\u00eautica mais eficaz depende das necessidades espec\u00edficas da crian\u00e7a, da natureza do problema e da avalia\u00e7\u00e3o do terapeuta.<\/em><\/p>\n\n\n\n<p class=\"has-text-align-center\"><em> Em muitos casos, uma abordagem integrativa que combina elementos de diferentes terapias pode ser a mais adequada.<\/em><\/p>\n\n\n\n<p class=\"has-text-align-center\"><em> O importante \u00e9 envolver um profissional qualificado que possa personalizar o tratamento de acordo com o que cada crian\u00e7a precisa<\/em>\u201d, explica a psic\u00f3loga.<\/p>\n\n\n\n<p class=\"has-text-align-center\">Buscar terapia acess\u00edvel pode ser desafiador, mas h\u00e1 op\u00e7\u00f5es dispon\u00edveis. Tatiane indica que planos de seguro de sa\u00fade, cl\u00ednicas de sa\u00fade comunit\u00e1ria, programas de assist\u00eancia social e recursos em universidades e faculdades s\u00e3o maneiras de acessar tratamento sem comprometer as finan\u00e7as.<\/p>\n\n\n\n<p class=\"has-text-align-center\"> Al\u00e9m disso, terapeutas de baixo custo e terapeutas volunt\u00e1rios em organiza\u00e7\u00f5es sem fins lucrativos podem oferecer suporte financeiramente vi\u00e1vel.<\/p>\n\n\n\n<p class=\"has-text-align-center\"><strong>Fonte<\/strong><\/p>\n\n\n\n<p class=\"has-text-align-center\">Tatiane Paula &#8211; Psic\u00f3loga Cl\u00ednica<br>@tatianepaula.psi<\/p>\n\n\n\n<p class=\"has-text-align-center\"><strong>Contatos Imprensa:<\/strong><br>Carol Freitas Assessoria<br>Ana Carolina de Freitas \u2013 11 98110-6493<br><a href=\"mailto:Carolfreitas.jornalista@gmail.com\" target=\"_blank\" rel=\"noreferrer noopener\">Carolfreitas.jornalista<\/a>@edu-oliveira<\/p>\n\n\n\n<p class=\"has-text-align-center\">Cr\u00e9ditos: Depositphotos<\/p>\n","protected":false},"excerpt":{"rendered":"<p>Investir na sa\u00fade mental infantil promove resili\u00eancia e bem-estar a longo prazo O Dia das&#8230;<\/p>\n","protected":false},"author":3,"featured_media":10790,"comment_status":"closed","ping_status":"open","sticky":false,"template":"","format":"standard","meta":{"om_disable_all_campaigns":false,"_monsterinsights_skip_tracking":false,"_monsterinsights_sitenote_active":false,"_monsterinsights_sitenote_note":"","_monsterinsights_sitenote_category":0,"spay_email":""},"categories":[1],"tags":[],"jetpack_featured_media_url":"https:\/\/vimagazine.com.br\/wp-content\/uploads\/2023\/10\/pasted-image-0.jpg","_links":{"self":[{"href":"https:\/\/vimagazine.com.br\/index.php?rest_route=\/wp\/v2\/posts\/10789"}],"collection":[{"href":"https:\/\/vimagazine.com.br\/index.php?rest_route=\/wp\/v2\/posts"}],"about":[{"href":"https:\/\/vimagazine.com.br\/index.php?rest_route=\/wp\/v2\/types\/post"}],"author":[{"embeddable":true,"href":"https:\/\/vimagazine.com.br\/index.php?rest_route=\/wp\/v2\/users\/3"}],"replies":[{"embeddable":true,"href":"https:\/\/vimagazine.com.br\/index.php?rest_route=%2Fwp%2Fv2%2Fcomments&post=10789"}],"version-history":[{"count":1,"href":"https:\/\/vimagazine.com.br\/index.php?rest_route=\/wp\/v2\/posts\/10789\/revisions"}],"predecessor-version":[{"id":10791,"href":"https:\/\/vimagazine.com.br\/index.php?rest_route=\/wp\/v2\/posts\/10789\/revisions\/10791"}],"wp:featuredmedia":[{"embeddable":true,"href":"https:\/\/vimagazine.com.br\/index.php?rest_route=\/wp\/v2\/media\/10790"}],"wp:attachment":[{"href":"https:\/\/vimagazine.com.br\/index.php?rest_route=%2Fwp%2Fv2%2Fmedia&parent=10789"}],"wp:term":[{"taxonomy":"category","embeddable":true,"href":"https:\/\/vimagazine.com.br\/index.php?rest_route=%2Fwp%2Fv2%2Fcategories&post=10789"},{"taxonomy":"post_tag","embeddable":true,"href":"https:\/\/vimagazine.com.br\/index.php?rest_route=%2Fwp%2Fv2%2Ftags&post=10789"}],"curies":[{"name":"wp","href":"https:\/\/api.w.org\/{rel}","templated":true}]}}