{"id":10793,"date":"2023-10-13T09:55:23","date_gmt":"2023-10-13T12:55:23","guid":{"rendered":"https:\/\/vimagazine.com.br\/?p=10793"},"modified":"2023-10-13T09:55:26","modified_gmt":"2023-10-13T12:55:26","slug":"joinvillecult-abre-edital-para-artistas-catarinenses-participarem-da-galeria-33","status":"publish","type":"post","link":"https:\/\/vimagazine.com.br\/?p=10793","title":{"rendered":"\u00a0Joinville+Cult abre edital para artistas catarinenses participarem da Galeria 33"},"content":{"rendered":"\n<p><em>As inscri\u00e7\u00f5es s\u00e3o gratuitas e podem ser feitas at\u00e9 o dia 31 de outubro<\/em><\/p>\n\n\n\n<p>O Joinville+Cult est\u00e1 com<a href=\"https:\/\/www.galeria33.com\/_files\/ugd\/77631c_38222d16a2c243858373b5d81a889c3c.pdf\"> edital aberto<\/a> para sele\u00e7\u00e3o de propostas de Artes Visuais, que v\u00e3o ocupar a Galeria 33 em 2024. As inscri\u00e7\u00f5es podem ser realizadas gratuitamente por artistas catarinenses de forma totalmente on-line, por meio de envio de portf\u00f3lio e demais documentos no site da institui\u00e7\u00e3o, at\u00e9 o dia 31 de outubro. As propostas poder\u00e3o ser de mostras individuais ou coletivas e sendo aberta a diversas linguagens visuais, incluindo gravura, desenho, escultura, fotografia, objeto de arte, instala\u00e7\u00e3o, videoarte e arte digital.<\/p>\n\n\n\n<p>A sele\u00e7\u00e3o das exposi\u00e7\u00f5es acontecer\u00e1 mediante an\u00e1lise e decis\u00e3o da comiss\u00e3o de curadores formada pelas doutoras Maria Am\u00e9lia Bulh\u00f5es, Ros\u00e2ngela Miranda Cherem e Nadja Lamas. O resultado ser\u00e1 divulgado no site www.galeria33.com at\u00e9 24\/11\/2023. Ser\u00e3o escolhidas 3 propostas de exposi\u00e7\u00f5es que ocorrer\u00e3o no per\u00edodo entre fevereiro e junho do ano que vem.<\/p>\n\n\n\n<p>A Galeria 33 j\u00e1 recebeu importantes nomes como Juarez Machado, M\u00f4a, Schwanke e Alceu Bett. O espa\u00e7o surgiu com o objetivo de promover e divulgar a arte em suas in\u00fameras express\u00f5es e linguagens art\u00edsticas.<\/p>\n\n\n\n<p>O Joinville+Cult \u00e9 incentivado atrav\u00e9s do PIC &#8211; Programa de Incentivo \u00e0 Cultura (Mecenato Estadual SC Projeto n\u00ba 9906-120405). D\u00favidas ou esclarecimentos basta acessar o e-mail contato@galeria33.com ou pelo telefone 47 9 9277 9816.<\/p>\n","protected":false},"excerpt":{"rendered":"<p>As inscri\u00e7\u00f5es s\u00e3o gratuitas e podem ser feitas at\u00e9 o dia 31 de outubro O&#8230;<\/p>\n","protected":false},"author":20,"featured_media":10798,"comment_status":"closed","ping_status":"open","sticky":false,"template":"","format":"standard","meta":{"om_disable_all_campaigns":false,"_monsterinsights_skip_tracking":false,"_monsterinsights_sitenote_active":false,"_monsterinsights_sitenote_note":"","_monsterinsights_sitenote_category":0,"spay_email":""},"categories":[1],"tags":[],"jetpack_featured_media_url":"https:\/\/vimagazine.com.br\/wp-content\/uploads\/2023\/10\/IMG_3086.jpg","_links":{"self":[{"href":"https:\/\/vimagazine.com.br\/index.php?rest_route=\/wp\/v2\/posts\/10793"}],"collection":[{"href":"https:\/\/vimagazine.com.br\/index.php?rest_route=\/wp\/v2\/posts"}],"about":[{"href":"https:\/\/vimagazine.com.br\/index.php?rest_route=\/wp\/v2\/types\/post"}],"author":[{"embeddable":true,"href":"https:\/\/vimagazine.com.br\/index.php?rest_route=\/wp\/v2\/users\/20"}],"replies":[{"embeddable":true,"href":"https:\/\/vimagazine.com.br\/index.php?rest_route=%2Fwp%2Fv2%2Fcomments&post=10793"}],"version-history":[{"count":1,"href":"https:\/\/vimagazine.com.br\/index.php?rest_route=\/wp\/v2\/posts\/10793\/revisions"}],"predecessor-version":[{"id":10799,"href":"https:\/\/vimagazine.com.br\/index.php?rest_route=\/wp\/v2\/posts\/10793\/revisions\/10799"}],"wp:featuredmedia":[{"embeddable":true,"href":"https:\/\/vimagazine.com.br\/index.php?rest_route=\/wp\/v2\/media\/10798"}],"wp:attachment":[{"href":"https:\/\/vimagazine.com.br\/index.php?rest_route=%2Fwp%2Fv2%2Fmedia&parent=10793"}],"wp:term":[{"taxonomy":"category","embeddable":true,"href":"https:\/\/vimagazine.com.br\/index.php?rest_route=%2Fwp%2Fv2%2Fcategories&post=10793"},{"taxonomy":"post_tag","embeddable":true,"href":"https:\/\/vimagazine.com.br\/index.php?rest_route=%2Fwp%2Fv2%2Ftags&post=10793"}],"curies":[{"name":"wp","href":"https:\/\/api.w.org\/{rel}","templated":true}]}}