{"id":10801,"date":"2023-10-16T11:16:45","date_gmt":"2023-10-16T14:16:45","guid":{"rendered":"https:\/\/vimagazine.com.br\/?p=10801"},"modified":"2023-10-16T11:16:46","modified_gmt":"2023-10-16T14:16:46","slug":"ex-panicat-aricia-silva-e-anunciada-como-musa-na-atual-campea-do-carnaval-do-rj-imperatriz-leopoldinense","status":"publish","type":"post","link":"https:\/\/vimagazine.com.br\/?p=10801","title":{"rendered":"Ex Panicat Aricia Silva \u00e9 anunciada como Musa na atual Campe\u00e3 do Carnaval do RJ, Imperatriz Leopoldinense"},"content":{"rendered":"\n<figure class=\"wp-block-image aligncenter size-large is-resized\"><img src=\"https:\/\/vimagazine.com.br\/wp-content\/uploads\/2023\/10\/Aricia-Silva-Credito-da-Foto-Danilo-Gram-Divulgacao-01-1024x682.jpeg\" alt=\"\" class=\"wp-image-10802\" width=\"633\" height=\"421\" srcset=\"https:\/\/vimagazine.com.br\/wp-content\/uploads\/2023\/10\/Aricia-Silva-Credito-da-Foto-Danilo-Gram-Divulgacao-01-1024x682.jpeg 1024w, https:\/\/vimagazine.com.br\/wp-content\/uploads\/2023\/10\/Aricia-Silva-Credito-da-Foto-Danilo-Gram-Divulgacao-01-300x200.jpeg 300w, https:\/\/vimagazine.com.br\/wp-content\/uploads\/2023\/10\/Aricia-Silva-Credito-da-Foto-Danilo-Gram-Divulgacao-01-768x512.jpeg 768w, https:\/\/vimagazine.com.br\/wp-content\/uploads\/2023\/10\/Aricia-Silva-Credito-da-Foto-Danilo-Gram-Divulgacao-01-1536x1023.jpeg 1536w, https:\/\/vimagazine.com.br\/wp-content\/uploads\/2023\/10\/Aricia-Silva-Credito-da-Foto-Danilo-Gram-Divulgacao-01.jpeg 1600w\" sizes=\"(max-width: 633px) 100vw, 633px\" \/><\/figure>\n\n\n\n<p>A Escola de Samba Imperatriz Leopoldinense, atual campe\u00e3 do carnaval carioca, est\u00e1 cheia de novidades para o desfile de 2024. Uma delas \u00e9 o an\u00fancio da modelo e ex-Panicat&nbsp;<strong>Aricia Silva<\/strong>&nbsp;(29 anos), como a mais nova musa da agremia\u00e7\u00e3o. A beldade coleciona participa\u00e7\u00f5es na TV, al\u00e9m de fazer sucesso com publica\u00e7\u00f5es nas redes sociais.<\/p>\n\n\n\n<p>A artista ganhou notoriedade em 2009, ano em que foi campe\u00e3 de um concurso de beleza de Florian\u00f3polis (SC), sua cidade natal. Mas foi em 2014, ap\u00f3s entrar para o Programa P\u00e2nico, que a musa ficou nacionalmente conhecida como uma das Panicats mais querida e engra\u00e7ada. Aricia destacou a import\u00e2ncia de representar um pavilh\u00e3o t\u00e3o importante quanto o da verde e branca de Ramos. Ela afirmou que est\u00e1 feliz e animada para o an\u00fancio:<\/p>\n\n\n\n<p>\u201c\u00c9 uma honra fazer parte do time da Imperatriz Leopoldinense. Mas muito al\u00e9m da performance art\u00edstica, para mim, ser Musa \u00e9 um chamado. Quero levar a minha audi\u00eancia pra dentro da comunidade; Conhecer e aprender com as pessoas de l\u00e1; Me colocar \u00e0 disposi\u00e7\u00e3o, poder somar de alguma forma. Essas pessoas s\u00e3o as verdadeiras estrelas. E eu vou me dedicar para ser bem-vinda no palco delas\u201d, conta Aricia<\/p>\n\n\n\n<p>A agremia\u00e7\u00e3o que \u00e9 presidida por C\u00e1tia Drumond, \u00e9 a atual campe\u00e3 do carnaval carioca, ser\u00e1 a sexta e \u00faltima escola a desfilar no domingo, 11 de fevereiro, com o enredo &#8220;Com a sorte virada pra lua segundo o testamento da cigana Esmeralda&#8221;, o qual est\u00e1 sendo desenvolvido pelo carnavalesco Leandro Vieira, onde tentar\u00e3o buscar o bicampeonato para o bairro de Ramos durante o carnaval 2024.<\/p>\n\n\n\n<p>O Gr\u00eamio Recreativo Escola de Samba Imperatriz Leopoldinense \u00e9 uma Escola de Samba do Rio de Janeiro, sediada no bairro de Ramos, na zona norte da cidade. Fundada em 6 de mar\u00e7o de 1959 pelo farmac\u00eautico Amaury J\u00f3rio, juntamente a alguns sambistas da Zona da Leopoldina e remanescentes da extinta agremia\u00e7\u00e3o Recreio de Ramos, seu nome faz refer\u00eancia \u00e0 Estrada de Ferro Leopoldina &#8211; que cortava o bairro de Ramos &#8211; e que, por sua vez, recebeu esse nome em refer\u00eancia \u00e0 Imperatriz Maria Leopoldina do Brasil.<\/p>\n\n\n\n<p><strong>Cr\u00e9dito das Fotos: Danilo Gram \/ Betinho Alves &#8211; Divulga\u00e7\u00e3o<\/strong><\/p>\n","protected":false},"excerpt":{"rendered":"<p>A Escola de Samba Imperatriz Leopoldinense, atual campe\u00e3 do carnaval carioca, est\u00e1 cheia de novidades&#8230;<\/p>\n","protected":false},"author":19,"featured_media":10803,"comment_status":"closed","ping_status":"open","sticky":false,"template":"","format":"standard","meta":{"om_disable_all_campaigns":false,"_monsterinsights_skip_tracking":false,"_monsterinsights_sitenote_active":false,"_monsterinsights_sitenote_note":"","_monsterinsights_sitenote_category":0,"spay_email":""},"categories":[26],"tags":[],"jetpack_featured_media_url":"https:\/\/vimagazine.com.br\/wp-content\/uploads\/2023\/10\/Carnavalesco-Leandro-Vieira-Aricia-Silva-e-Leonardo-Leonel-\u2014-Foto-Divulgacao.jpeg","_links":{"self":[{"href":"https:\/\/vimagazine.com.br\/index.php?rest_route=\/wp\/v2\/posts\/10801"}],"collection":[{"href":"https:\/\/vimagazine.com.br\/index.php?rest_route=\/wp\/v2\/posts"}],"about":[{"href":"https:\/\/vimagazine.com.br\/index.php?rest_route=\/wp\/v2\/types\/post"}],"author":[{"embeddable":true,"href":"https:\/\/vimagazine.com.br\/index.php?rest_route=\/wp\/v2\/users\/19"}],"replies":[{"embeddable":true,"href":"https:\/\/vimagazine.com.br\/index.php?rest_route=%2Fwp%2Fv2%2Fcomments&post=10801"}],"version-history":[{"count":1,"href":"https:\/\/vimagazine.com.br\/index.php?rest_route=\/wp\/v2\/posts\/10801\/revisions"}],"predecessor-version":[{"id":10804,"href":"https:\/\/vimagazine.com.br\/index.php?rest_route=\/wp\/v2\/posts\/10801\/revisions\/10804"}],"wp:featuredmedia":[{"embeddable":true,"href":"https:\/\/vimagazine.com.br\/index.php?rest_route=\/wp\/v2\/media\/10803"}],"wp:attachment":[{"href":"https:\/\/vimagazine.com.br\/index.php?rest_route=%2Fwp%2Fv2%2Fmedia&parent=10801"}],"wp:term":[{"taxonomy":"category","embeddable":true,"href":"https:\/\/vimagazine.com.br\/index.php?rest_route=%2Fwp%2Fv2%2Fcategories&post=10801"},{"taxonomy":"post_tag","embeddable":true,"href":"https:\/\/vimagazine.com.br\/index.php?rest_route=%2Fwp%2Fv2%2Ftags&post=10801"}],"curies":[{"name":"wp","href":"https:\/\/api.w.org\/{rel}","templated":true}]}}