{"id":10805,"date":"2023-10-16T11:21:27","date_gmt":"2023-10-16T14:21:27","guid":{"rendered":"https:\/\/vimagazine.com.br\/?p=10805"},"modified":"2023-10-16T11:21:30","modified_gmt":"2023-10-16T14:21:30","slug":"atriz-maria-fernanda-candido-prestigia-amiga-pamela-ferreira-na-semana-de-moda-paris-fashion-week","status":"publish","type":"post","link":"https:\/\/vimagazine.com.br\/?p=10805","title":{"rendered":"Atriz Maria Fernanda C\u00e2ndido prestigia amiga Pamela Ferreira na semana de moda Paris Fashion Week"},"content":{"rendered":"\n<figure class=\"wp-block-image size-large\"><img width=\"1024\" height=\"682\" src=\"https:\/\/vimagazine.com.br\/wp-content\/uploads\/2023\/10\/Pamela-Ferreira-com-convidados-na-semana-de-moda-Paris-Fashion-Week-1024x682.jpeg\" alt=\"\" class=\"wp-image-10806\" srcset=\"https:\/\/vimagazine.com.br\/wp-content\/uploads\/2023\/10\/Pamela-Ferreira-com-convidados-na-semana-de-moda-Paris-Fashion-Week-1024x682.jpeg 1024w, https:\/\/vimagazine.com.br\/wp-content\/uploads\/2023\/10\/Pamela-Ferreira-com-convidados-na-semana-de-moda-Paris-Fashion-Week-300x200.jpeg 300w, https:\/\/vimagazine.com.br\/wp-content\/uploads\/2023\/10\/Pamela-Ferreira-com-convidados-na-semana-de-moda-Paris-Fashion-Week-768x512.jpeg 768w, https:\/\/vimagazine.com.br\/wp-content\/uploads\/2023\/10\/Pamela-Ferreira-com-convidados-na-semana-de-moda-Paris-Fashion-Week-1536x1023.jpeg 1536w, https:\/\/vimagazine.com.br\/wp-content\/uploads\/2023\/10\/Pamela-Ferreira-com-convidados-na-semana-de-moda-Paris-Fashion-Week.jpeg 1600w\" sizes=\"(max-width: 1024px) 100vw, 1024px\" \/><\/figure>\n\n\n\n<figure class=\"wp-block-image aligncenter size-large is-resized\"><img src=\"https:\/\/vimagazine.com.br\/wp-content\/uploads\/2023\/10\/Pamela-Ferreira-e-Rony-Delgado-770x1024.jpeg\" alt=\"\" class=\"wp-image-10807\" width=\"476\" height=\"633\" srcset=\"https:\/\/vimagazine.com.br\/wp-content\/uploads\/2023\/10\/Pamela-Ferreira-e-Rony-Delgado-770x1024.jpeg 770w, https:\/\/vimagazine.com.br\/wp-content\/uploads\/2023\/10\/Pamela-Ferreira-e-Rony-Delgado-226x300.jpeg 226w, https:\/\/vimagazine.com.br\/wp-content\/uploads\/2023\/10\/Pamela-Ferreira-e-Rony-Delgado-768x1021.jpeg 768w, https:\/\/vimagazine.com.br\/wp-content\/uploads\/2023\/10\/Pamela-Ferreira-e-Rony-Delgado-1024x1361.jpeg 1024w, https:\/\/vimagazine.com.br\/wp-content\/uploads\/2023\/10\/Pamela-Ferreira-e-Rony-Delgado.jpeg 1066w\" sizes=\"(max-width: 476px) 100vw, 476px\" \/><\/figure>\n\n\n\n<p>Na primeira semana deste m\u00eas de outubro, aconteceu em Paris, conhecido como a famosa cidade luz, mais uma edi\u00e7\u00e3o da glamourosa e mais famosa semana de moda. O local escolhido estrategicamente para essa edi\u00e7\u00e3o foi o Hotel 5 estrelas Marignan Champs Elysees.<\/p>\n\n\n\n<p><strong>Pamela Ferreira<\/strong>&nbsp;&#8211; CEO da LME\u00c0V &#8211; La Maison Est \u00c0 Vous (A casa \u00e9 sua) juntamente com&nbsp;<strong>Rony Delgado<\/strong>, Diretor de marketing da ag\u00eancia LME\u00c0V e sua equipe, realizaram com maestria o acolhimento \u00e0s diversas personalidades que chegaram para prestigiar a Paris Fashion Week.<\/p>\n\n\n\n<p>Notamos algumas presen\u00e7as relevantes que carimbaram o passaporte da Moda e agregaram com diversidade, pluralidade e inclus\u00e3o o universo fashion: Paula Freitas ex-BBB 23, o empres\u00e1rio e Influenciador Murillo Rabelo, Rita Carreira, estrela que est\u00e1 revolucionando padr\u00f5es e criando refer\u00eancia de um futuro acess\u00edvel no universo da moda, uma das tops negras mais engajadas na luta pela diversidade na ind\u00fastria marcada pelo racismo, tamb\u00e9m passou por l\u00e1 Raissa Santana modelo e rainha da beleza brasileira que em 2016 quebrou o jejum de 30 anos da beleza da mulher negra, sendo coroada miss Brasil, Duda Soares, Elisa Leite (m\u00e3e de Bernardo), que \u00e9 fruto do relacionamento que teve com o saudoso cantor Cristiano Ara\u00fajo, al\u00e9m de Ally Camargo, Patricia Costa, Lidiane Bezerra, Vivi Siqueira mulher negra embaixadora da Loreal Paris e Capa da Marie Claire em 2023, Pri Pena, Juliana Mathias, Bianca Lopes, Estela Nelbold, Paula Manosso, Bria Raven, Di Lemes entre outros.<\/p>\n\n\n\n<p>Com todo um planejamento exclusivo, para que fosse sucesso atuando como cen\u00e1rio de inclus\u00e3o social e porta de entrada para as marcas brasileiras, j\u00e1 em sua terceira edi\u00e7\u00e3o com a evolu\u00e7\u00e3o para LME\u00c0V Paris, o objetivo foi realizado com \u00eaxito!<\/p>\n\n\n\n<p>Pamela blindou o seu showroom com o glamour e sofistica\u00e7\u00e3o de um servi\u00e7o completo e diferenciado, com uma experi\u00eancia imersiva, que une a beleza e a paix\u00e3o das marcas brasileiras no cen\u00e1rio mais cobi\u00e7ado da moda internacional cumprindo seu prop\u00f3sito de trazer uma moda democr\u00e1tica com o direito humano, civil e universal de TODOS existirem nesse motor de beleza que n\u00e3o para.<\/p>\n\n\n\n<p>Neste contexto, dois aspectos ganham relev\u00e2ncia. O primeiro deles diz respeito \u00e0 sinergia da equipe de beauty production formados pela Make Up Atelier Paris, onde Pamela Ferreira \u00e9 mentora e embaixadora da marca desde 2018. O segundo, se faz relevante pela coadjuva\u00e7\u00e3o das ilustres marcas parceiras e de grande prestigio nacional do setor da beleza e da moda: DAZ\u00d3TTO (sapatos e acess\u00f3rios femininos de Maring\u00e1\/PR), Day Make-up, Rigolim Hair Co, TJAMA (de Tiago Abravanel, empresa de pijama confort\u00e1vel que pode-se usar dia a dia), Pou, Tedantex, Malu Pires, Zanir Furtado (bolsas de couro do Rio Negro portal do Pantanal), V\u00edrginia Cavalheiro, Versa Brand, Fernanda Nabhan, Sommer, Patr\u00edcia Nascimento, Carmen Steffens, Chilli Beans, Monarca, Imperio Hair, Makeup Atelier Paris, Surmonter J\u00f3ias e Rossil J\u00f3ias, foram participantes de mais esta juntura espetacular.<\/p>\n\n\n\n<p>Esses dois aspectos precisaram ser levados em conta, pois somente com a intera\u00e7\u00e3o e apoio deste pool que estava no entorno \u00e9 que foi poss\u00edvel a acelera\u00e7\u00e3o deste plano de neg\u00f3cios.<\/p>\n\n\n\n<p>A cereja do bolo ficou por conta da conceituad\u00edssima diretora Tavani Marchand da Rabanne, que recebeu o Squad de Influencers da LME\u00c1V PARIS, para um Press Day exclusivo da suntuosa boutique da Avenue Montaigne.<\/p>\n\n\n\n<p>Para chancelar esse projeto audacioso e com prop\u00f3sito genu\u00edno, Pamela Ferreira recebeu sua amiga e consagrada atriz Maria Fernanda C\u00e2ndido juntamente com Paula Martins, colunista de Moda da Caras Brasil e Helena Augusta (assessoria de comunica\u00e7\u00e3o).<\/p>\n\n\n\n<p>Outra personalidade da moda que marcou presen\u00e7a no Showroom foi Ana Clara Garmendia, correspondente da Elle Brasil, e a renomada RP Nina Kauffamann.<\/p>\n\n\n\n<p>\u201cContei com marcas que s\u00e3o uma pot\u00eancia no empreendedorismo, o real DNA brasileiro! Al\u00e9m de um momento de networking entre os participantes do projeto, o conhecimento adquirido ser\u00e1 sempre o maior patrim\u00f4nio que podemos conquistar, e que ningu\u00e9m poder\u00e1 retirar de n\u00f3s. Acreditamos que assim, fomentamos tamb\u00e9m a gera\u00e7\u00e3o de renda e emprego, al\u00e9m de incentivar a diversifica\u00e7\u00e3o da economia.&#8221; discorre Pamela.<\/p>\n\n\n\n<p>Fique por dentro, a casa \u00e9 sua!&nbsp;<strong><a href=\"https:\/\/www.instagram.com\/pamelaferreiraparis\/\" target=\"_blank\" rel=\"noreferrer noopener\">@pamelaferreiraparis<\/a>&nbsp;&nbsp;<a href=\"https:\/\/www.instagram.com\/lmeavparis\/\" target=\"_blank\" rel=\"noreferrer noopener\">@lmeavparis<\/a><\/strong><\/p>\n\n\n\n<p><strong>Cr\u00e9dito da Foto: Marcos Dourado \/ Zuleika Ferreira &#8211; Divulga\u00e7\u00e3o&nbsp;&nbsp;<\/strong><br><\/p>\n","protected":false},"excerpt":{"rendered":"<p>Na primeira semana deste m\u00eas de outubro, aconteceu em Paris, conhecido como a famosa cidade&#8230;<\/p>\n","protected":false},"author":19,"featured_media":10808,"comment_status":"closed","ping_status":"open","sticky":false,"template":"","format":"standard","meta":{"om_disable_all_campaigns":false,"_monsterinsights_skip_tracking":false,"_monsterinsights_sitenote_active":false,"_monsterinsights_sitenote_note":"","_monsterinsights_sitenote_category":0,"spay_email":""},"categories":[26],"tags":[],"jetpack_featured_media_url":"https:\/\/vimagazine.com.br\/wp-content\/uploads\/2023\/10\/Pamela-Ferreira-e-a-atriz-Maria-Fernanda-Candido-01.jpg","_links":{"self":[{"href":"https:\/\/vimagazine.com.br\/index.php?rest_route=\/wp\/v2\/posts\/10805"}],"collection":[{"href":"https:\/\/vimagazine.com.br\/index.php?rest_route=\/wp\/v2\/posts"}],"about":[{"href":"https:\/\/vimagazine.com.br\/index.php?rest_route=\/wp\/v2\/types\/post"}],"author":[{"embeddable":true,"href":"https:\/\/vimagazine.com.br\/index.php?rest_route=\/wp\/v2\/users\/19"}],"replies":[{"embeddable":true,"href":"https:\/\/vimagazine.com.br\/index.php?rest_route=%2Fwp%2Fv2%2Fcomments&post=10805"}],"version-history":[{"count":1,"href":"https:\/\/vimagazine.com.br\/index.php?rest_route=\/wp\/v2\/posts\/10805\/revisions"}],"predecessor-version":[{"id":10809,"href":"https:\/\/vimagazine.com.br\/index.php?rest_route=\/wp\/v2\/posts\/10805\/revisions\/10809"}],"wp:featuredmedia":[{"embeddable":true,"href":"https:\/\/vimagazine.com.br\/index.php?rest_route=\/wp\/v2\/media\/10808"}],"wp:attachment":[{"href":"https:\/\/vimagazine.com.br\/index.php?rest_route=%2Fwp%2Fv2%2Fmedia&parent=10805"}],"wp:term":[{"taxonomy":"category","embeddable":true,"href":"https:\/\/vimagazine.com.br\/index.php?rest_route=%2Fwp%2Fv2%2Fcategories&post=10805"},{"taxonomy":"post_tag","embeddable":true,"href":"https:\/\/vimagazine.com.br\/index.php?rest_route=%2Fwp%2Fv2%2Ftags&post=10805"}],"curies":[{"name":"wp","href":"https:\/\/api.w.org\/{rel}","templated":true}]}}