{"id":10824,"date":"2023-10-17T02:16:05","date_gmt":"2023-10-17T05:16:05","guid":{"rendered":"https:\/\/vimagazine.com.br\/?p=10824"},"modified":"2023-10-19T07:26:22","modified_gmt":"2023-10-19T10:26:22","slug":"maquiadora-dos-famosos-fala-com-exclusividade-sobre-o-lancamento-do-seu-livro-beleza-por-jo-castro","status":"publish","type":"post","link":"https:\/\/vimagazine.com.br\/?p=10824","title":{"rendered":"<strong>Maquiadora dos famosos fala com exclusividade sobre o lan\u00e7amento do seu livro: &#8216;Beleza Por J\u00f4 Castro&#8217;<\/strong>"},"content":{"rendered":"\n<p><strong>&nbsp;&nbsp; J\u00f4 Castro<\/strong> \u00e9 Professora de Artes, Maquiadora desde 2005, vencedora do <strong>Pr\u00eamio Avon 21<\/strong>, possui cursos de make em <strong>Nova York<\/strong> com a maquiadora Lan Nguyen Grealis, com Michel\u00e2ngelo do <strong>Instituto Of Florence<\/strong>, <strong>Make Up for Ever<\/strong> na It\u00e1lia Roma e workshop com Sebastian, <strong>Loreal Paris<\/strong>, Mac, kvd entre outros.<\/p>\n\n\n\n<p>\u00a0 Em um bate-papo descontra\u00eddo a entrevistada contou um pouco das suas a\u00e7\u00f5es sociais, alguns detalhes da sua carreira de mais de 20 anos e falou sobre o lan\u00e7amento do seu livro.<\/p>\n\n\n\n<p><strong><em>&nbsp;Quando e como surgiu a ideia de escrever o livro &#8216;Beleza Por J\u00f4 Castro&#8217;?<\/em><\/strong><\/p>\n\n\n\n<p>&nbsp;<strong>R:<\/strong>&nbsp; H\u00e1 um bom tempo eu tinha o sonho de ter um livro, falando sobre o meu trabalho, foram seis anos para isso acontecer, e tamb\u00e9m estou dedicando esse livro aos meus filhos: <strong>Jo\u00e3o<\/strong>, <strong>Juliana<\/strong> e <strong>J\u00falia<\/strong> (eles s\u00e3o maquiadores).<\/p>\n\n\n\n<p><strong><em>&nbsp;Quais s\u00e3o os principais aspectos que voc\u00ea aborda na obra?<\/em><\/strong><\/p>\n\n\n\n<p>&nbsp;<strong>R:<\/strong> Muita diversidade, pois s\u00e3o 15 temas e mais um de alunas minhas do projeto Beleza Negra do Cap\u00e3o Redondo.<\/p>\n\n\n\n<p><strong><em>&nbsp;Para qual p\u00fablico o seu livro \u00e9 direcionado?<\/em><\/strong><\/p>\n\n\n\n<p><strong>&nbsp;R:<\/strong> Maquiadores, pessoas da moda e que amam maquiagem.<\/p>\n\n\n\n<p><strong><em>Quando e onde ser\u00e1 o lan\u00e7amento do seu livro?&nbsp; Como est\u00e3o sendo os preparativos para o lan\u00e7amento?&nbsp;<\/em><\/strong><\/p>\n\n\n\n<p><strong>&nbsp; R:<\/strong>&nbsp; O lan\u00e7amento ser\u00e1 no dia 21 de outubro, na Av. Paulista. Estamos a mil com os preparativos para receber com muito carinho a todos.<\/p>\n\n\n\n<p><strong><em>Quais s\u00e3o as marcas, patrocinadores e colaboradores que est\u00e3o participando com voc\u00ea? Qual a import\u00e2ncia deles?<\/em><\/strong><\/p>\n\n\n\n<p>&nbsp;&nbsp; <strong>R:<\/strong>&nbsp; Os patrocinares s\u00e3o <strong>Capa MGT<\/strong> ag\u00eancia na qual fa\u00e7o parte como Maquiadora, <strong>Acquaflora<\/strong> que acreditou no meu trabalho, <strong>Brundia Company <\/strong>que est\u00e1 fazendo tudo acontecer, me ajudando em tudo.<\/p>\n\n\n\n<p>&nbsp;&nbsp; &#8211; Sem falar dos colaboradores como <strong>Dalane Costa Advocacia<\/strong>, <strong>Global Pescados<\/strong>, <strong>Hero Beuat\u00e9<\/strong>, <strong>Swaroviski<\/strong><\/p>\n\n\n\n<p><strong><em>Quais as suas p\u00e1ginas, redes sociais nas quais as pessoas podem conhecer mais sobre o seu trabalho e adquirir o seu livro?<\/em><\/strong><\/p>\n\n\n\n<p>&nbsp;<strong>R:<\/strong> Pelas seguintes contas no Instagram: <a href=\"https:\/\/www.instagram.com\/jocastroficial\/\">@jocastrooficial<\/a>, <a href=\"https:\/\/www.instagram.com\/jocastrobeauty\/\">@jocastrobeauty<\/a>,&nbsp; atrav\u00e9s do site, no dia do lan\u00e7amento do livro e por meio da <strong>Editora Origem<\/strong>.<\/p>\n\n\n\n<p><em>&nbsp; 20% de todo o valor arrecadado ser\u00e1 revertido para o Projeto Beleza Negra &#8211; <strong>CEU Feiti\u00e7o da Vila <\/strong>e <strong>C.A.P.O.H.E<\/strong>, <strong>Projetos Formiguinhas<\/strong> e o <strong>Irapa<\/strong>. Qual a relev\u00e2ncia desses projetos?<\/em><\/p>\n\n\n\n<p>&nbsp;<strong>R: <\/strong>Cada uma dessas Ongs tem uma imensa relev\u00e2ncia. Reitero que nessas Ongs h\u00e1 o aspecto da diversidade, o que a rigor, \u00e9 algo que defendo.<\/p>\n\n\n\n<p><strong><em>&nbsp;Quais as suas considera\u00e7\u00f5es finais?<\/em><\/strong><\/p>\n\n\n\n<p>&nbsp; <strong>R: <\/strong>Quero mostrar todo meu carinho e dedica\u00e7\u00e3o nesse livro que foi feito com tanto amor! Sei que cada um de voc\u00eas ir\u00e3o se identificar com algum tema citado no livro. Desde j\u00e1, obrigada e um beijo carinho! J\u00f4 Castro.<\/p>\n\n\n\n<p>&nbsp;Foto: divulga\u00e7\u00e3o<\/p>\n\n\n\n<p><\/p>\n","protected":false},"excerpt":{"rendered":"<p>&nbsp;&nbsp; J\u00f4 Castro \u00e9 Professora de Artes, Maquiadora desde 2005, vencedora do Pr\u00eamio Avon 21,&#8230;<\/p>\n","protected":false},"author":2,"featured_media":10825,"comment_status":"closed","ping_status":"open","sticky":false,"template":"","format":"standard","meta":{"om_disable_all_campaigns":false,"_monsterinsights_skip_tracking":false,"_monsterinsights_sitenote_active":false,"_monsterinsights_sitenote_note":"","_monsterinsights_sitenote_category":0,"spay_email":""},"categories":[26,31,1],"tags":[108,752,753],"jetpack_featured_media_url":"https:\/\/vimagazine.com.br\/wp-content\/uploads\/2023\/10\/bfe29157-1cd9-4db7-9e52-76b74ea67f79-1.jpg","_links":{"self":[{"href":"https:\/\/vimagazine.com.br\/index.php?rest_route=\/wp\/v2\/posts\/10824"}],"collection":[{"href":"https:\/\/vimagazine.com.br\/index.php?rest_route=\/wp\/v2\/posts"}],"about":[{"href":"https:\/\/vimagazine.com.br\/index.php?rest_route=\/wp\/v2\/types\/post"}],"author":[{"embeddable":true,"href":"https:\/\/vimagazine.com.br\/index.php?rest_route=\/wp\/v2\/users\/2"}],"replies":[{"embeddable":true,"href":"https:\/\/vimagazine.com.br\/index.php?rest_route=%2Fwp%2Fv2%2Fcomments&post=10824"}],"version-history":[{"count":2,"href":"https:\/\/vimagazine.com.br\/index.php?rest_route=\/wp\/v2\/posts\/10824\/revisions"}],"predecessor-version":[{"id":10856,"href":"https:\/\/vimagazine.com.br\/index.php?rest_route=\/wp\/v2\/posts\/10824\/revisions\/10856"}],"wp:featuredmedia":[{"embeddable":true,"href":"https:\/\/vimagazine.com.br\/index.php?rest_route=\/wp\/v2\/media\/10825"}],"wp:attachment":[{"href":"https:\/\/vimagazine.com.br\/index.php?rest_route=%2Fwp%2Fv2%2Fmedia&parent=10824"}],"wp:term":[{"taxonomy":"category","embeddable":true,"href":"https:\/\/vimagazine.com.br\/index.php?rest_route=%2Fwp%2Fv2%2Fcategories&post=10824"},{"taxonomy":"post_tag","embeddable":true,"href":"https:\/\/vimagazine.com.br\/index.php?rest_route=%2Fwp%2Fv2%2Ftags&post=10824"}],"curies":[{"name":"wp","href":"https:\/\/api.w.org\/{rel}","templated":true}]}}