{"id":10847,"date":"2023-10-18T19:13:55","date_gmt":"2023-10-18T22:13:55","guid":{"rendered":"https:\/\/vimagazine.com.br\/?p=10847"},"modified":"2023-10-18T19:13:59","modified_gmt":"2023-10-18T22:13:59","slug":"campanha-visa-construir-clinica-de-atendimento-ao-cancer-infanto-juvenil-em-joinville-2","status":"publish","type":"post","link":"https:\/\/vimagazine.com.br\/?p=10847","title":{"rendered":"Campanha visa construir cl\u00ednica de atendimento ao c\u00e2ncer infanto-juvenil em Joinville"},"content":{"rendered":"\n<p class=\"has-text-align-center\">O m\u00eas de outubro marca o lan\u00e7amento da campanha \u201cAbra\u00e7o do Bem\u201d. Promovida pelo Instituto Oliveira, tem como objetivo arrecadar R$ 1 milh\u00e3o em doa\u00e7\u00f5es para a constru\u00e7\u00e3o de uma cl\u00ednica de apoio \u00e0s fam\u00edlias que enfrentam o c\u00e2ncer em crian\u00e7as e adolescentes.<\/p>\n\n\n\n<p class=\"has-text-align-center\">Segundo o m\u00e9dico oncologista, idealizador do Instituto e que na inf\u00e2ncia tamb\u00e9m passou pela doen\u00e7a, Hugo Martins De Oliveira, Santa Catarina carece de um servi\u00e7o especializado. <\/p>\n\n\n\n<p class=\"has-text-align-center\">\u201cN\u00e3o temos uma cl\u00ednica no estado focada no tratamento de crian\u00e7as com c\u00e2ncer, para fornecer o tratamento adequado\u201d, destaca. <\/p>\n\n\n\n<p class=\"has-text-align-center\">\u201cEssa \u00e9 uma iniciativa importante e que precisa da ajuda da comunidade para tornar esse sonho real a tantas crian\u00e7as e adolescentes. <\/p>\n\n\n\n<p class=\"has-text-align-center\"><strong>Que puder contribuir, nos procure, participe dos eventos\u201d, complementa.<\/strong><\/p>\n\n\n\n<p class=\"has-text-align-center\">Entre os eventos que fazem parte da iniciativa, est\u00e1 a &#8220;La\u00e7ada do Bem&#8221;, nos dias 26 e 29 de outubro. <\/p>\n\n\n\n<p class=\"has-text-align-center\">A atra\u00e7\u00e3o contar\u00e1 com parque de divers\u00f5es, pra\u00e7as de alimenta\u00e7\u00e3o e &#8220;Carreteiro do Bem&#8221; no s\u00e1bado e domingo, al\u00e9m de dois bailes no galp\u00e3o do CTG Chaparral.<\/p>\n\n\n\n<p class=\"has-text-align-center\"><strong>Em 23 de novembro, Dia Nacional de Combate ao C\u00e2ncer Infantojuvenil, o Instituto far\u00e1 a entrega do resultado da campanha Abra\u00e7o do Bem.<\/strong><\/p>\n\n\n\n<p class=\"has-text-align-center\">E no Dia Internacional da Luta Contra o C\u00e2ncer na Inf\u00e2ncia, celebrado em dia 15 de fevereiro, ocorrer\u00e1 a inaugura\u00e7\u00e3o simb\u00f3lica da cl\u00ednica, constru\u00edda com os fundos arrecadados nas campanhas.<\/p>\n\n\n\n<p class=\"has-text-align-center\">At\u00e9 o momento, destacam-se como patrocinadores da La\u00e7ada do Bem: Solturi, Frigor\u00edfico S\u00e3o Jo\u00e3o, Opa e Bier Joinville. <\/p>\n\n\n\n<p class=\"has-text-align-center\">Empresas e pessoas f\u00edsicas que desejarem contribuir com a causa podem entrar em contato pelo telefone: (47) 99960-5023 Acesse o Instagram: institutooliveirasc<\/p>\n\n\n\n<p class=\"has-text-align-center\">Sobre a institui\u00e7\u00e3o<br>O Instituto Oliveira complementa o trabalho hospitalar com uma equipe multiprofissional que conta com fonoaudi\u00f3logo, psic\u00f3logo, nutricionista, terapeuta, conselheiro e outros. Acolhe as fam\u00edlias dos pacientes para continuarem vivendo de forma completa.<\/p>\n\n\n\n<p><\/p>\n","protected":false},"excerpt":{"rendered":"<p>O m\u00eas de outubro marca o lan\u00e7amento da campanha \u201cAbra\u00e7o do Bem\u201d. Promovida pelo Instituto&#8230;<\/p>\n","protected":false},"author":3,"featured_media":10848,"comment_status":"closed","ping_status":"open","sticky":false,"template":"","format":"standard","meta":{"om_disable_all_campaigns":false,"_monsterinsights_skip_tracking":false,"_monsterinsights_sitenote_active":false,"_monsterinsights_sitenote_note":"","_monsterinsights_sitenote_category":0,"spay_email":""},"categories":[1],"tags":[],"jetpack_featured_media_url":"https:\/\/vimagazine.com.br\/wp-content\/uploads\/2023\/10\/WhatsApp-Image-2023-10-18-at-09.32.51.jpeg","_links":{"self":[{"href":"https:\/\/vimagazine.com.br\/index.php?rest_route=\/wp\/v2\/posts\/10847"}],"collection":[{"href":"https:\/\/vimagazine.com.br\/index.php?rest_route=\/wp\/v2\/posts"}],"about":[{"href":"https:\/\/vimagazine.com.br\/index.php?rest_route=\/wp\/v2\/types\/post"}],"author":[{"embeddable":true,"href":"https:\/\/vimagazine.com.br\/index.php?rest_route=\/wp\/v2\/users\/3"}],"replies":[{"embeddable":true,"href":"https:\/\/vimagazine.com.br\/index.php?rest_route=%2Fwp%2Fv2%2Fcomments&post=10847"}],"version-history":[{"count":1,"href":"https:\/\/vimagazine.com.br\/index.php?rest_route=\/wp\/v2\/posts\/10847\/revisions"}],"predecessor-version":[{"id":10849,"href":"https:\/\/vimagazine.com.br\/index.php?rest_route=\/wp\/v2\/posts\/10847\/revisions\/10849"}],"wp:featuredmedia":[{"embeddable":true,"href":"https:\/\/vimagazine.com.br\/index.php?rest_route=\/wp\/v2\/media\/10848"}],"wp:attachment":[{"href":"https:\/\/vimagazine.com.br\/index.php?rest_route=%2Fwp%2Fv2%2Fmedia&parent=10847"}],"wp:term":[{"taxonomy":"category","embeddable":true,"href":"https:\/\/vimagazine.com.br\/index.php?rest_route=%2Fwp%2Fv2%2Fcategories&post=10847"},{"taxonomy":"post_tag","embeddable":true,"href":"https:\/\/vimagazine.com.br\/index.php?rest_route=%2Fwp%2Fv2%2Ftags&post=10847"}],"curies":[{"name":"wp","href":"https:\/\/api.w.org\/{rel}","templated":true}]}}