{"id":10850,"date":"2023-10-18T19:28:37","date_gmt":"2023-10-18T22:28:37","guid":{"rendered":"https:\/\/vimagazine.com.br\/?p=10850"},"modified":"2023-10-18T19:28:41","modified_gmt":"2023-10-18T22:28:41","slug":"afeto-e-respeito-e-tema-de-espetaculo-que-chega-a-joinville-e-sao-francisco-do-sul","status":"publish","type":"post","link":"https:\/\/vimagazine.com.br\/?p=10850","title":{"rendered":"Afeto e respeito \u00e9 tema de espet\u00e1culo que chega \u00e0 Joinville e S\u00e3o Francisco do Sul"},"content":{"rendered":"\n<p class=\"has-text-align-center\"><strong>\u00a0<\/strong><em><strong>\u201cEst\u00f3rias Brincantes de Muitos Paizinhos\u201d, da Cia. do Abra\u00e7\u00e3o (PR), tem apresenta\u00e7\u00f5es gratuitas neste s\u00e1bado (21), no Cine Teatro X de Novembro, e domingo (22), no Teatro ETT<\/strong><\/em><\/p>\n\n\n\n<p class=\"has-text-align-center\"><br>Afeto, diversidade, respeito, saudades e boas lembran\u00e7as. Emo\u00e7\u00f5es acalentadas no trabalho da Cia. do Abra\u00e7\u00e3o, de Curitiba, e que frutificar\u00e3o em quem for assistir a \u201cEst\u00f3rias de Brincantes de Muitos Paizinhos\u201d, espet\u00e1culo que o grupo apresenta com entrada gratuita no s\u00e1bado, \u00e0s 16h, no Cine Teatro X de Novembro, em S\u00e3o Francisco do Sul, e no domingo (22), \u00e0s 16h, no Teatro ETT, em Joinville.<\/p>\n\n\n\n<p class=\"has-text-align-center\"> A vinda do grupo tamb\u00e9m inclui apresenta\u00e7\u00f5es em escolas p\u00fablicas e \u00e9 poss\u00edvel gra\u00e7as ao Programa Divers\u00e3o em Cena, da Funda\u00e7\u00e3o ArcelorMittal.<\/p>\n\n\n\n<p class=\"has-text-align-center\"><br>\u201cEst\u00f3rias Brincantes de Muitos Paizinhos\u201d tem como foco tem\u00e1tico a rela\u00e7\u00e3o entre pais e filhos, ressaltando o respeito que devemos ter pelas diferen\u00e7as individuais de cada ser humano, seja ele pai ou filho. <\/p>\n\n\n\n<figure class=\"wp-block-image aligncenter size-large\"><img width=\"683\" height=\"1024\" src=\"https:\/\/vimagazine.com.br\/wp-content\/uploads\/2023\/10\/ESTORIAS-BRINCANTES-DE-MUITOS-PAIZINHOS_ISABELE-NERI-5-683x1024.jpg\" alt=\"\" class=\"wp-image-10852\" srcset=\"https:\/\/vimagazine.com.br\/wp-content\/uploads\/2023\/10\/ESTORIAS-BRINCANTES-DE-MUITOS-PAIZINHOS_ISABELE-NERI-5-683x1024.jpg 683w, https:\/\/vimagazine.com.br\/wp-content\/uploads\/2023\/10\/ESTORIAS-BRINCANTES-DE-MUITOS-PAIZINHOS_ISABELE-NERI-5-200x300.jpg 200w, https:\/\/vimagazine.com.br\/wp-content\/uploads\/2023\/10\/ESTORIAS-BRINCANTES-DE-MUITOS-PAIZINHOS_ISABELE-NERI-5-768x1152.jpg 768w, https:\/\/vimagazine.com.br\/wp-content\/uploads\/2023\/10\/ESTORIAS-BRINCANTES-DE-MUITOS-PAIZINHOS_ISABELE-NERI-5-1024x1536.jpg 1024w, https:\/\/vimagazine.com.br\/wp-content\/uploads\/2023\/10\/ESTORIAS-BRINCANTES-DE-MUITOS-PAIZINHOS_ISABELE-NERI-5.jpg 1280w\" sizes=\"(max-width: 683px) 100vw, 683px\" \/><\/figure>\n\n\n\n<p class=\"has-text-align-center\"><strong>Os \u201cTingas\u201d, tr\u00eas simp\u00e1ticos e on\u00edricos personagens, buscam um Pai, um norte que oriente a escolha de caminhos e \u201cd\u00ea um jeito\u201d na bagun\u00e7a do mundo. <\/strong><\/p>\n\n\n\n<p class=\"has-text-align-center\">Assim, apresentam-se \u00e0s crian\u00e7as v\u00e1rias figuras paternas, desde o pai biol\u00f3gico ao adotivo, aquele que educa em casa e na escola, o pai escolhido por afinidade e at\u00e9 mesmo a pr\u00f3pria \u201cm\u00e3e-pai\u201d, entre outras diversas formas de afeto paternalista.<\/p>\n\n\n\n<p class=\"has-text-align-center\"><br>De forma l\u00fadica, a pe\u00e7a possibilita a compreens\u00e3o de diferentes aspectos da rela\u00e7\u00e3o pai e filho, de suas abstra\u00e7\u00f5es e met\u00e1foras.<\/p>\n\n\n\n<p class=\"has-text-align-center\"> \u00c9 uma brincadeira de encontros e amores com nossa identidade, e a certeza de que ser pai \u00e9 antes de tudo uma celebra\u00e7\u00e3o da vida, do amor e do sagrado. <\/p>\n\n\n\n<p class=\"has-text-align-center\">A dire\u00e7\u00e3o \u00e9 de Let\u00edcia Guimar\u00e3es, e o elenco \u00e9 formado por Ana Sercunvius, Dylan Willms e Heloisa Giovenardi.<\/p>\n\n\n\n<p class=\"has-text-align-center\"><br>Em S\u00e3o Francisco do Sul, a Cia. do Abra\u00e7\u00e3o ainda faz apresenta\u00e7\u00f5es do espet\u00e1culo \u201cEst\u00f3rias Brincantes de Muitas Mainhas\u201d no\u00a0CMEI Toninhas, no dia 19, e no CMEI Mickey Mouse, no dia 20.<\/p>\n\n\n\n<p class=\"has-text-align-center\"><strong>Em Joinville, s\u00e3o os alunos da Escola Municipal Navarro Lins, no bairro Comasa, que assistir\u00e3o a pe\u00e7a nos dias 23 e 24.<\/strong><br><br><strong>Sobre a Cia. do Abra\u00e7\u00e3o<\/strong><br><br>A Cia. Abra\u00e7\u00e3o iniciou as atividades em 2001, desenvolvendo pesquisa de teatro e dan\u00e7a contempor\u00e2nea, oferecendo \u00e0 comunidade os resultados em forma de eventos culturais gratuitos e pe\u00e7as teatrais amadoras e profissionais. <\/p>\n\n\n\n<p class=\"has-text-align-center\">O grupo mant\u00e9m no seu repert\u00f3rio 21 espet\u00e1culos dirigidos \u00e0 inf\u00e2ncia e juventude. <\/p>\n\n\n\n<p class=\"has-text-align-center\">A produ\u00e7\u00e3o da pe\u00e7a \u201cSonho de uma Noite de Ver\u00e3o\u201d, em 2002, trouxe reconhecimento do p\u00fablico e da cr\u00edtica especializada, sendo considerado o melhor espet\u00e1culo daquele ano. <\/p>\n\n\n\n<p class=\"has-text-align-center\">Com este trabalho, iniciou-se o grupo de pesquisas c\u00eanicas e dramat\u00fargicas da Cia. do Abra\u00e7\u00e3o. A s\u00e9rie de pesquisas em arte-educa\u00e7\u00e3o e teatro para crian\u00e7as continuou com as obras \u201cConto de Coisas e M\u00e3es\u201d e \u201cUm Mundo Debaixo do Meu Chap\u00e9u\u201d, em 2003 e 2004.<\/p>\n\n\n\n<p class=\"has-text-align-center\"><br>Desde 2009, a companhia realiza o Pequeno Encontro de Teatro para Crian\u00e7as de Todas as Idades, festival que tem o objetivo de pesquisar a linguagem teatral para crian\u00e7as, reunindo artistas nacionais e internacionais. Em 2022, aconteceu a 11\u00aa edi\u00e7\u00e3o do evento.<\/p>\n\n\n\n<figure class=\"wp-block-image size-large\"><img width=\"1024\" height=\"683\" src=\"https:\/\/vimagazine.com.br\/wp-content\/uploads\/2023\/10\/ESTORIAS-BRINCANTES-DE-MUITOS-PAIZINHOS_ISABELE-NERI-1-1024x683.jpg\" alt=\"\" class=\"wp-image-10853\" srcset=\"https:\/\/vimagazine.com.br\/wp-content\/uploads\/2023\/10\/ESTORIAS-BRINCANTES-DE-MUITOS-PAIZINHOS_ISABELE-NERI-1-1024x683.jpg 1024w, https:\/\/vimagazine.com.br\/wp-content\/uploads\/2023\/10\/ESTORIAS-BRINCANTES-DE-MUITOS-PAIZINHOS_ISABELE-NERI-1-300x200.jpg 300w, https:\/\/vimagazine.com.br\/wp-content\/uploads\/2023\/10\/ESTORIAS-BRINCANTES-DE-MUITOS-PAIZINHOS_ISABELE-NERI-1-768x512.jpg 768w, https:\/\/vimagazine.com.br\/wp-content\/uploads\/2023\/10\/ESTORIAS-BRINCANTES-DE-MUITOS-PAIZINHOS_ISABELE-NERI-1-1536x1024.jpg 1536w, https:\/\/vimagazine.com.br\/wp-content\/uploads\/2023\/10\/ESTORIAS-BRINCANTES-DE-MUITOS-PAIZINHOS_ISABELE-NERI-1.jpg 1920w\" sizes=\"(max-width: 1024px) 100vw, 1024px\" \/><\/figure>\n\n\n\n<p class=\"has-text-align-center\"><strong>Sobre a Funda\u00e7\u00e3o ArcelorMittal<\/strong><\/p>\n\n\n\n<p class=\"has-text-align-center\">A Funda\u00e7\u00e3o ArcelorMittal \u00e9 o n\u00facleo de investimento e transforma\u00e7\u00e3o social do Grupo ArcelorMittal, e sua estrat\u00e9gia principal se divide em tr\u00eas eixos de atua\u00e7\u00e3o: educa\u00e7\u00e3o, cultura e esporte. <\/p>\n\n\n\n<p class=\"has-text-align-center\">Por meio de projetos e iniciativas nessas \u00e1reas, se prop\u00f5e a transformar a vida de crian\u00e7as e jovens de forma coletiva e participativa, compartilhando conhecimento e inova\u00e7\u00e3o, contribuindo para a inclus\u00e3o e a forma\u00e7\u00e3o de cidad\u00e3os para um futuro melhor. Saiba mais em:\u00a0<a href=\"http:\/\/www.famb.org.br\/\" target=\"_blank\" rel=\"noreferrer noopener\">www.famb.org.br<\/a>.<\/p>\n\n\n\n<p class=\"has-text-align-center\"><br>Promovido h\u00e1 13 anos, o Divers\u00e3o em Cena est\u00e1 presente em mais de 60 territ\u00f3rios, de todas as regi\u00f5es do pa\u00eds, sempre com atra\u00e7\u00f5es culturais gratuitas ou a pre\u00e7os populares.<\/p>\n\n\n\n<p class=\"has-text-align-center\"> No estado de Santa Catarina, conta com o patroc\u00ednio da unidade Vega, da ArcelorMittal.<\/p>\n\n\n\n<p class=\"has-text-align-center\">A temporada 2023 do programa faz parte das a\u00e7\u00f5es comemorativas pelos 35 anos da Funda\u00e7\u00e3o ArcelorMittal.<\/p>\n\n\n\n<p class=\"has-text-align-center\"><br><strong><u>S\u00e3o Francisco do Sul<\/u><\/strong><\/p>\n\n\n\n<p class=\"has-text-align-center\"><strong>O QU\u00ca: Espet\u00e1culo \u201cEst\u00f3rias Brincantes de Muitos Paizinhos\u201d.<br>QUANDO: s\u00e1bado, dia 21, \u00e0s 16h.<br>ONDE: Cine Teatro X de Novembro, rua Dr. Herc\u00edlio Luz, 50, Centro.:<br>QUANTO: gratuito. Distribui\u00e7\u00e3o de ingressos uma hora antes do in\u00edcio da sess\u00e3o.<\/strong><\/p>\n\n\n\n<p class=\"has-text-align-center\">Fonte: Rubens Herbst<\/p>\n\n\n\n<figure class=\"wp-block-image size-large\"><img width=\"1024\" height=\"682\" src=\"https:\/\/vimagazine.com.br\/wp-content\/uploads\/2023\/10\/Estorias-Brincantes-de-Muitos-Paizinhos-11-Pget-1024x682.jpg\" alt=\"\" class=\"wp-image-10854\" srcset=\"https:\/\/vimagazine.com.br\/wp-content\/uploads\/2023\/10\/Estorias-Brincantes-de-Muitos-Paizinhos-11-Pget-1024x682.jpg 1024w, https:\/\/vimagazine.com.br\/wp-content\/uploads\/2023\/10\/Estorias-Brincantes-de-Muitos-Paizinhos-11-Pget-300x200.jpg 300w, https:\/\/vimagazine.com.br\/wp-content\/uploads\/2023\/10\/Estorias-Brincantes-de-Muitos-Paizinhos-11-Pget-768x512.jpg 768w, https:\/\/vimagazine.com.br\/wp-content\/uploads\/2023\/10\/Estorias-Brincantes-de-Muitos-Paizinhos-11-Pget-1536x1023.jpg 1536w, https:\/\/vimagazine.com.br\/wp-content\/uploads\/2023\/10\/Estorias-Brincantes-de-Muitos-Paizinhos-11-Pget.jpg 1920w\" sizes=\"(max-width: 1024px) 100vw, 1024px\" \/><\/figure>\n\n\n\n<p class=\"has-text-align-center\"><strong><br><u>Joinville<\/u><br><br>O QU\u00ca: Espet\u00e1culo \u201cEst\u00f3rias Brincantes de Muitos Paizinhos\u201d.<br>QUANDO: Domingo, dia 22, \u00e0s 16h.<br>ONDE: Teatro da ETT UNISOCIESC &#8211; Campus Boa Vista, rua Helmuth Fallgatter, s\/n.<br>QUANTO:&nbsp; &nbsp;Gratuito. Distribui\u00e7\u00e3o de ingressos uma hora antes do in\u00edcio da sess\u00e3o.<br>CLASSIFICA\u00c7\u00c3O: A partir de 5 anos.<\/strong><\/p>\n\n\n\n<p><\/p>\n","protected":false},"excerpt":{"rendered":"<p>\u00a0\u201cEst\u00f3rias Brincantes de Muitos Paizinhos\u201d, da Cia. do Abra\u00e7\u00e3o (PR), tem apresenta\u00e7\u00f5es gratuitas neste s\u00e1bado&#8230;<\/p>\n","protected":false},"author":3,"featured_media":10851,"comment_status":"closed","ping_status":"open","sticky":false,"template":"","format":"standard","meta":{"om_disable_all_campaigns":false,"_monsterinsights_skip_tracking":false,"_monsterinsights_sitenote_active":false,"_monsterinsights_sitenote_note":"","_monsterinsights_sitenote_category":0,"spay_email":""},"categories":[1],"tags":[],"jetpack_featured_media_url":"https:\/\/vimagazine.com.br\/wp-content\/uploads\/2023\/10\/ESTORIAS-BRINCANTES-DE-MUITOS-PAIZINHOS_ISABELE-NERI-3-e1697667687189.jpg","_links":{"self":[{"href":"https:\/\/vimagazine.com.br\/index.php?rest_route=\/wp\/v2\/posts\/10850"}],"collection":[{"href":"https:\/\/vimagazine.com.br\/index.php?rest_route=\/wp\/v2\/posts"}],"about":[{"href":"https:\/\/vimagazine.com.br\/index.php?rest_route=\/wp\/v2\/types\/post"}],"author":[{"embeddable":true,"href":"https:\/\/vimagazine.com.br\/index.php?rest_route=\/wp\/v2\/users\/3"}],"replies":[{"embeddable":true,"href":"https:\/\/vimagazine.com.br\/index.php?rest_route=%2Fwp%2Fv2%2Fcomments&post=10850"}],"version-history":[{"count":1,"href":"https:\/\/vimagazine.com.br\/index.php?rest_route=\/wp\/v2\/posts\/10850\/revisions"}],"predecessor-version":[{"id":10855,"href":"https:\/\/vimagazine.com.br\/index.php?rest_route=\/wp\/v2\/posts\/10850\/revisions\/10855"}],"wp:featuredmedia":[{"embeddable":true,"href":"https:\/\/vimagazine.com.br\/index.php?rest_route=\/wp\/v2\/media\/10851"}],"wp:attachment":[{"href":"https:\/\/vimagazine.com.br\/index.php?rest_route=%2Fwp%2Fv2%2Fmedia&parent=10850"}],"wp:term":[{"taxonomy":"category","embeddable":true,"href":"https:\/\/vimagazine.com.br\/index.php?rest_route=%2Fwp%2Fv2%2Fcategories&post=10850"},{"taxonomy":"post_tag","embeddable":true,"href":"https:\/\/vimagazine.com.br\/index.php?rest_route=%2Fwp%2Fv2%2Ftags&post=10850"}],"curies":[{"name":"wp","href":"https:\/\/api.w.org\/{rel}","templated":true}]}}