{"id":10860,"date":"2023-10-19T21:38:33","date_gmt":"2023-10-20T00:38:33","guid":{"rendered":"https:\/\/vimagazine.com.br\/?p=10860"},"modified":"2023-10-19T21:38:37","modified_gmt":"2023-10-20T00:38:37","slug":"fgm-participa-de-conferencia-sobre-inovacao-na-odontologia-no-mexico","status":"publish","type":"post","link":"https:\/\/vimagazine.com.br\/?p=10860","title":{"rendered":"FGM participa de confer\u00eancia sobre inova\u00e7\u00e3o na odontologia, no M\u00e9xico"},"content":{"rendered":"\n<p class=\"has-text-align-center\"><em>O Summit M\u00e9xico ser\u00e1 realizado nos dias 17 e 18 de outubro, na Cidade do M\u00e9xico, e re\u00fane especialistas em odontologia est\u00e9tica&nbsp;<\/em><\/p>\n\n\n\n<p class=\"has-text-align-center\">A FGM Dental Group, ind\u00fastria catarinense de produtos odontol\u00f3gicos, l\u00edder brasileira em clareamento dental, com presen\u00e7a em mais de 100 pa\u00edses, tem sido protagonista em eventos no exterior que promovem a inova\u00e7\u00e3o na odontologia. <\/p>\n\n\n\n<p class=\"has-text-align-center\">Entre os dias 17 e 18 de outubro, no World Trade Center da Cidade do M\u00e9xico, ser\u00e1 realizado o Summit M\u00e9xico &#8211; dois dias de confer\u00eancias que ir\u00e3o abordar os principais assuntos relacionados \u00e0 odontologia est\u00e9tica.\u00a0<\/p>\n\n\n\n<p class=\"has-text-align-center\">Entre os nomes que estar\u00e3o presentes, destaca-se o renomado Dr. Luis Narciso Baratieri, professor de odontologia da Universidade Federal de Santa Catarina (UFSC), que possui mais de 25 livros publicados em 30 idiomas.\u00a0<\/p>\n\n\n\n<p class=\"has-text-align-center\">\u201cSer\u00e3o dois dias de palestras de doutores renomados tanto do M\u00e9xico quanto do Brasil,\u00a0o evento levar\u00e1 ao p\u00fablico mexicano todo o conhecimento cl\u00ednico e cient\u00edfico de um time de especialistas\u201d,\u00a0comenta Juliana Felicio, gerente de marketing.<\/p>\n\n\n\n<p class=\"has-text-align-center\">Para o evento, a FGM ir\u00e1 levar em seu porf\u00f3lio o rec\u00e9m-lan\u00e7ado\u00a0Vittra APS Unique, uma\u00a0resina\u00a0unicrom\u00e1tica que dispensa a necessidade de trabalhar com v\u00e1rias cores de resina pois adapta-se a qualquer cor de dente. <\/p>\n\n\n\n<p class=\"has-text-align-center\">\u201cEla se diferencia pela tecnologia que permite maior tempo de trabalho sob a luz do refletor, sendo compat\u00edvel com todos os fotopolimerizadores emissores de luz azul, destaca o consultor t\u00e9cnico da FGM, doutor Felipe Rodrigues.<\/p>\n\n\n\n<p class=\"has-text-align-center\">O Summit M\u00e9xico tamb\u00e9m enfatiza a parceria de anos entre a FGM e o Laborat\u00f3rio Gayz, e a presen\u00e7a com a Universidade Nacional Aut\u00f4noma do M\u00e9xico (UNAM). <\/p>\n\n\n\n<p class=\"has-text-align-center\">\u201cA presen\u00e7a da marca FGM na Am\u00e9rica Latina tem se ampliado e fortalecido, com portf\u00f3lio amplo e produtos inovadores como a Vittra APS Unique, al\u00e9m disso nosso pioneirismo e lideran\u00e7a se concretiza cada vez mais de forma global\u201d, afirma a CEO Bianca Mittelst\u00e4dt.<\/p>\n\n\n\n<p class=\"has-text-align-center\"><strong>Sobre a FGM Dental Group<\/strong><\/p>\n\n\n\n<p class=\"has-text-align-center\">A FGM Dental Group \u00e9 uma ind\u00fastria catarinense de produtos odontol\u00f3gicos, l\u00edder brasileira em clareamento dental.<\/p>\n\n\n\n<p class=\"has-text-align-center\"> Tamb\u00e9m det\u00e9m a lideran\u00e7a do mercado de clareamento em mais de 15 pa\u00edses. Fundada em Joinville, Santa Catarina, em 1996, pelo casal Friedrich Georg Mittelst\u00e4dt e Bianca Mittelst\u00e4dt. Refer\u00eancia em reabilita\u00e7\u00e3o oral e est\u00e9tica, a empresa conta com mais de 400 produtos nas linhas de est\u00e9tica, clareadores, biomateriais, pr\u00f3tese e implantes e est\u00e1 presente em mais de 100 pa\u00edses.<\/p>\n\n\n\n<p class=\"has-text-align-center\">Atualmente, fazem parte da FGM Dental Group a f\u00e1brica de produtos de Dent\u00edstica e a matriz com administrativo em Joinville.<\/p>\n\n\n\n<p class=\"has-text-align-center\"> No Perini Business Park, em Joinville, est\u00e3o as opera\u00e7\u00f5es da unidade fabril de Clareadores, da f\u00e1brica de Biomateriais e Implantes e do Centro Log\u00edstico.<\/p>\n\n\n\n<p class=\"has-text-align-center\"><strong>Lilian Philippi<\/strong><\/p>\n\n\n\n<p class=\"has-text-align-center\">Analista de Comunica\u00e7\u00e3o<\/p>\n\n\n\n<p class=\"has-text-align-center\">Primeira Via Comunica\u00e7\u00e3o<\/p>\n","protected":false},"excerpt":{"rendered":"<p>O Summit M\u00e9xico ser\u00e1 realizado nos dias 17 e 18 de outubro, na Cidade do&#8230;<\/p>\n","protected":false},"author":3,"featured_media":10861,"comment_status":"closed","ping_status":"open","sticky":false,"template":"","format":"standard","meta":{"om_disable_all_campaigns":false,"_monsterinsights_skip_tracking":false,"_monsterinsights_sitenote_active":false,"_monsterinsights_sitenote_note":"","_monsterinsights_sitenote_category":0,"spay_email":""},"categories":[1],"tags":[],"jetpack_featured_media_url":"https:\/\/vimagazine.com.br\/wp-content\/uploads\/2023\/10\/Summit-MX_Divulgacao-e1697762159385.jpg","_links":{"self":[{"href":"https:\/\/vimagazine.com.br\/index.php?rest_route=\/wp\/v2\/posts\/10860"}],"collection":[{"href":"https:\/\/vimagazine.com.br\/index.php?rest_route=\/wp\/v2\/posts"}],"about":[{"href":"https:\/\/vimagazine.com.br\/index.php?rest_route=\/wp\/v2\/types\/post"}],"author":[{"embeddable":true,"href":"https:\/\/vimagazine.com.br\/index.php?rest_route=\/wp\/v2\/users\/3"}],"replies":[{"embeddable":true,"href":"https:\/\/vimagazine.com.br\/index.php?rest_route=%2Fwp%2Fv2%2Fcomments&post=10860"}],"version-history":[{"count":1,"href":"https:\/\/vimagazine.com.br\/index.php?rest_route=\/wp\/v2\/posts\/10860\/revisions"}],"predecessor-version":[{"id":10862,"href":"https:\/\/vimagazine.com.br\/index.php?rest_route=\/wp\/v2\/posts\/10860\/revisions\/10862"}],"wp:featuredmedia":[{"embeddable":true,"href":"https:\/\/vimagazine.com.br\/index.php?rest_route=\/wp\/v2\/media\/10861"}],"wp:attachment":[{"href":"https:\/\/vimagazine.com.br\/index.php?rest_route=%2Fwp%2Fv2%2Fmedia&parent=10860"}],"wp:term":[{"taxonomy":"category","embeddable":true,"href":"https:\/\/vimagazine.com.br\/index.php?rest_route=%2Fwp%2Fv2%2Fcategories&post=10860"},{"taxonomy":"post_tag","embeddable":true,"href":"https:\/\/vimagazine.com.br\/index.php?rest_route=%2Fwp%2Fv2%2Ftags&post=10860"}],"curies":[{"name":"wp","href":"https:\/\/api.w.org\/{rel}","templated":true}]}}