{"id":10870,"date":"2023-10-23T01:41:10","date_gmt":"2023-10-23T04:41:10","guid":{"rendered":"https:\/\/vimagazine.com.br\/?p=10870"},"modified":"2023-10-23T01:41:11","modified_gmt":"2023-10-23T04:41:11","slug":"como-e-quando-surgiu-a-sua-historia-de-amor-pela-musica-o-que-mais-o-motivou-a-ingressar-na-area-e-motiva-ate-hoje","status":"publish","type":"post","link":"https:\/\/vimagazine.com.br\/?p=10870","title":{"rendered":"Como e quando surgiu a sua hist\u00f3ria de amor pela m\u00fasica? O que mais o motivou a ingressar na \u00e1rea e motiva at\u00e9 hoje?"},"content":{"rendered":"\n<p><strong>&nbsp;&nbsp;&nbsp;&nbsp; Gabriel Pacheco<\/strong> \u00e9 Produtor e Curador Musical, Dj, Rela\u00e7\u00f5es P\u00fablicas, Empres\u00e1rio e Artista com assinatura em diversas playlists, tem presen\u00e7a h\u00e1 anos em casamentos, festas em geral, festivais dentre outros.<\/p>\n\n\n\n<p>\u00a0\u00a0 Em uma entrevista para l\u00e1 de descontra\u00edda, o produtor musical, abriu o cora\u00e7\u00e3o e falou da sua carreira profissional, tend\u00eancias do mercado no segmento e quais as suas perspectivas para o futuro.<\/p>\n\n\n\n<figure class=\"wp-block-image size-full\"><img width=\"800\" height=\"533\" src=\"https:\/\/vimagazine.com.br\/wp-content\/uploads\/2023\/10\/10aa539e-e251-4c01-88b6-15f2862e87b4.jpg\" alt=\"     Gabriel Pacheco \u00e9 Produtor e Curador Musical, Dj, Rela\u00e7\u00f5es P\u00fablicas, Empres\u00e1rio e Artista com assinatura em diversas playlists, tem presen\u00e7a h\u00e1 anos em casamentos, festas em geral, festivais dentre outros. \n   Em uma entrevista para l\u00e1 de descontra\u00edda, o produtor musical, abriu o cora\u00e7\u00e3o e falou da sua carreira profissional, tend\u00eancias do mercado no segmento e quais as suas perspectivas para o futuro. \n\" class=\"wp-image-10872\" srcset=\"https:\/\/vimagazine.com.br\/wp-content\/uploads\/2023\/10\/10aa539e-e251-4c01-88b6-15f2862e87b4.jpg 800w, https:\/\/vimagazine.com.br\/wp-content\/uploads\/2023\/10\/10aa539e-e251-4c01-88b6-15f2862e87b4-300x200.jpg 300w, https:\/\/vimagazine.com.br\/wp-content\/uploads\/2023\/10\/10aa539e-e251-4c01-88b6-15f2862e87b4-768x512.jpg 768w\" sizes=\"(max-width: 800px) 100vw, 800px\" \/><\/figure>\n\n\n\n<p><strong><em><br><\/em><\/strong>&nbsp;<strong>R:<\/strong> Esse amor pela m\u00fasica surgiu quando eu ainda tinha 12 anos de idade, era uma \u00e9poca em que o cen\u00e1rio da m\u00fasica eletr\u00f4nica estava forte, grandes artistas e djs rodavam o mundo se apresentando em shows e festivais e eu era muito encantado com tudo aquilo. Na minha cabe\u00e7a, aquilo era uma realidade, vamos dizer, bem distante, meio fantasia at\u00e9, mas tinha alguns pontos que me chamavam muito a aten\u00e7\u00e3o. As pessoas dan\u00e7avam, era felizes, sabiam mesmo aproveitar e tornar aqueles momentos \u00fanicos. Essa era uma das sensa\u00e7\u00f5es que me trazia quando via este tipo de conte\u00fado ou at\u00e9 mesmo ouvia as m\u00fasicas naquela \u00e9poca.<\/p>\n\n\n\n<p>&nbsp;&#8211; A m\u00fasica mexe muito com a nossa vida e convive com a gente todos os dias, desde quando acordamos at\u00e9 a hora de dormir. Naquela \u00e9poca ent\u00e3o eu j\u00e1 pensava, ser\u00e1 que eu consigo transmitir felicidade, alegria, bons momentos tamb\u00e9m para as pessoas? Da mesma forma, que eu me sentia bem ouvindo certo \u00e1lbum ou certa trilha, as pessoas tamb\u00e9m podem, e como eu fa\u00e7o isso? Qual o caminho? Foi ent\u00e3o que come\u00e7ou o interesse na produ\u00e7\u00e3o musical. E o que me motiva at\u00e9 hoje a permanecer nessa caminhada, s\u00e3o as pessoas sentindo um bem-estar, uma autoestima elevada, sorrindo, dan\u00e7ando e vibrando cada vez mais de forma positiva, quando escutam algo que eu propus fazer com muito amor.<\/p>\n\n\n\n<p><strong><em>Voc\u00ea tem uma empresa de curadoria, quais s\u00e3o os principais trabalhos que voc\u00ea faz nesse sentido, p\u00fablico-alvo?<\/em><\/strong><\/p>\n\n\n\n<p>&nbsp;&nbsp; <strong>R:<\/strong>&nbsp; Eu digo que a curadoria musical \u00e9 essencial quando se trata de experi\u00eancia sensorial. Do que adianta um restaurante ter um bom menu, um bom atendimento, um bom ambiente, mas n\u00e3o tem um acess\u00f3rio chave que \u00e9 a m\u00fasica. Sempre falo aos meus clientes que desejam entregar experi\u00eancia e hospitalidade em seus servi\u00e7os. A m\u00fasica tamb\u00e9m \u00e9 um ponto fundamental deste pacote quando falamos do marketing sensorial. Isso torna o ambiente muito mais aconchegante e receptivo. Hoje comigo est\u00e3o o Restaurante Watanabe do Chef Denis Watanabe, Kazuo Asian Cuisine e Emy, ambos do Chef Kazuo Harada, tamb\u00e9m as unidades do Sal\u00e3o 1838 que est\u00e3o no Jardins e as unidades do sal\u00e3o MGET.<\/p>\n\n\n\n<p>&nbsp;&nbsp; &#8211;&nbsp; Sempre foquei nos estabelecimentos que atendem um p\u00fablico-alvo do Itaim Bibi, Jardins. S\u00e3o lugares que se preocupam com excel\u00eancia a entrega de seus servi\u00e7os para os consumidores da regi\u00e3o.<\/p>\n\n\n\n<p><strong><em>Quais s\u00e3o as suas principais produ\u00e7\u00f5es?<\/em><\/strong><\/p>\n\n\n\n<p>&nbsp; <strong>R:<\/strong>&nbsp; Em 2020, eu lancei em parceria um remix de uma m\u00fasica chamada Keep On Rising que foi um hit nos anos 2000. Atualmente ando trabalhando em novos lan\u00e7amentos, inclusive um \u00e1lbum!<\/p>\n\n\n\n<p><strong><em>Como produtor musical quais t\u00eam sido os eventos nos quais voc\u00ea tem tocado mais e qual a sua an\u00e1lise do segmento no mercado p\u00f3s-pandemia?<\/em><\/strong><\/p>\n\n\n\n<p>&nbsp;<strong>R:<\/strong> Nestes \u00faltimos tempos, toquei muito em eventos corporativos e casamentos, adoro casar as pessoas! J\u00e1 tive a oportunidade de tocar em v\u00e1rios clubs e bares renomados em S\u00e3o Paulo e festas de R\u00e9veillon pelo Litoral Norte de S\u00e3o Paulo. Creio que o mercado deu uma bela sacudida p\u00f3s-pandemia. Muitos eventos aconteceram em curtos per\u00edodos, at\u00e9 pela proposta de recuperar o preju\u00edzo que a pandemia nos trouxe.<\/p>\n\n\n\n<p><strong><em>&nbsp;Com base em todas as frentes de trabalho nas quais voc\u00ea atua, qual a sua avalia\u00e7\u00e3o do ano de 2023 em mat\u00e9ria de resultados? Quais as suas perspectivas para de ano de 2024?<\/em><\/strong><\/p>\n\n\n\n<p>&nbsp;&nbsp; <strong>R:<\/strong>&nbsp; Neste ano de 2023, eu decidi dar uma aten\u00e7\u00e3o maior na Produ\u00e7\u00e3o Musical que foi um dos motivos de mergulhar de cabe\u00e7a nesse mundo. Ent\u00e3o, resolvi passar maior tempo em est\u00fadio, produzindo m\u00fasicas para come\u00e7armos 2024 com o p\u00e9 direito. Tenho a perspectiva de ano que vem estar mais presente nos ouvidos das pessoas. Colocar as m\u00fasicas feitas com amor para girar e levar essa energia com shows e apresenta\u00e7\u00f5es mundo a fora.<\/p>\n\n\n\n<p><strong><em>Quais as suas redes sociais para que as pessoas conhe\u00e7am mais sobre os seus trabalhos?<\/em><\/strong><\/p>\n\n\n\n<p>&nbsp;<strong>R:<\/strong> Voc\u00eas podem seguir meu trabalho no Instagram pelo <a href=\"https:\/\/www.instagram.com\/gapachecobr\/\">@gapachecobr<\/a> e ouvir alguns dos meus trabalhos no <a href=\"https:\/\/soundcloud.com\/listentopache\">soundcloud.com\/listentopache<\/a>.&nbsp;<\/p>\n\n\n\n<p>&nbsp;&nbsp;&#8211; J\u00e1 anotem meu <a href=\"https:\/\/open.spotify.com\/intl-pt\/artist\/0kstGkLZL1WToK99rZmVQM\">Spotify PACHE<\/a>, &nbsp;pois 2024 chegar\u00e1 recheado de m\u00fasicas novas e boas para todos.<\/p>\n\n\n\n<p>Foto: divulga\u00e7\u00e3o<\/p>\n","protected":false},"excerpt":{"rendered":"<p>&nbsp;&nbsp;&nbsp;&nbsp; Gabriel Pacheco \u00e9 Produtor e Curador Musical, Dj, Rela\u00e7\u00f5es P\u00fablicas, Empres\u00e1rio e Artista com&#8230;<\/p>\n","protected":false},"author":2,"featured_media":10871,"comment_status":"closed","ping_status":"open","sticky":false,"template":"","format":"standard","meta":{"om_disable_all_campaigns":false,"_monsterinsights_skip_tracking":false,"_monsterinsights_sitenote_active":false,"_monsterinsights_sitenote_note":"","_monsterinsights_sitenote_category":0,"spay_email":""},"categories":[27,26,31,75],"tags":[757,756,147,34,758,754,676,755,563],"jetpack_featured_media_url":"https:\/\/vimagazine.com.br\/wp-content\/uploads\/2023\/10\/5852f8e1-0b71-49ac-9f36-5f348796e240.jpg","_links":{"self":[{"href":"https:\/\/vimagazine.com.br\/index.php?rest_route=\/wp\/v2\/posts\/10870"}],"collection":[{"href":"https:\/\/vimagazine.com.br\/index.php?rest_route=\/wp\/v2\/posts"}],"about":[{"href":"https:\/\/vimagazine.com.br\/index.php?rest_route=\/wp\/v2\/types\/post"}],"author":[{"embeddable":true,"href":"https:\/\/vimagazine.com.br\/index.php?rest_route=\/wp\/v2\/users\/2"}],"replies":[{"embeddable":true,"href":"https:\/\/vimagazine.com.br\/index.php?rest_route=%2Fwp%2Fv2%2Fcomments&post=10870"}],"version-history":[{"count":1,"href":"https:\/\/vimagazine.com.br\/index.php?rest_route=\/wp\/v2\/posts\/10870\/revisions"}],"predecessor-version":[{"id":10873,"href":"https:\/\/vimagazine.com.br\/index.php?rest_route=\/wp\/v2\/posts\/10870\/revisions\/10873"}],"wp:featuredmedia":[{"embeddable":true,"href":"https:\/\/vimagazine.com.br\/index.php?rest_route=\/wp\/v2\/media\/10871"}],"wp:attachment":[{"href":"https:\/\/vimagazine.com.br\/index.php?rest_route=%2Fwp%2Fv2%2Fmedia&parent=10870"}],"wp:term":[{"taxonomy":"category","embeddable":true,"href":"https:\/\/vimagazine.com.br\/index.php?rest_route=%2Fwp%2Fv2%2Fcategories&post=10870"},{"taxonomy":"post_tag","embeddable":true,"href":"https:\/\/vimagazine.com.br\/index.php?rest_route=%2Fwp%2Fv2%2Ftags&post=10870"}],"curies":[{"name":"wp","href":"https:\/\/api.w.org\/{rel}","templated":true}]}}