{"id":10881,"date":"2023-10-24T15:11:13","date_gmt":"2023-10-24T18:11:13","guid":{"rendered":"https:\/\/vimagazine.com.br\/?p=10881"},"modified":"2023-10-24T15:14:44","modified_gmt":"2023-10-24T18:14:44","slug":"outubro-rosa-recuperacao-capilar-facilitada-apos-tratamento-contra-o-cancer-de-mama","status":"publish","type":"post","link":"https:\/\/vimagazine.com.br\/?p=10881","title":{"rendered":"Outubro Rosa &#8211; Recupera\u00e7\u00e3o capilar facilitada ap\u00f3s tratamento contra o c\u00e2ncer de mama"},"content":{"rendered":"\n<p><\/p>\n\n\n\n<p><\/p>\n\n\n\n<p class=\"has-medium-font-size\"><strong>Especialista tranquiliza mulheres que passam por quimioterapia<\/strong><\/p>\n\n\n\n<p><\/p>\n\n\n\n<p>As mulheres que enfrentam o c\u00e2ncer de mama t\u00eam que superar consequ\u00eancias que abalam muito o lado psicol\u00f3gico. A doen\u00e7a atinge partes do corpo que s\u00e3o identidades marcantes para a personalidade feminina. Al\u00e9m da mama, o cabelo tamb\u00e9m \u00e9 alvo do tratamento de combate \u00e0 doen\u00e7a.<br>A quimioterapia abala a sa\u00fade capilar fazendo com que a mulher fique um per\u00edodo com perda total do cabelo. Mas como a prioridade \u00e9 a vida, o foco prim\u00e1rio \u00e9 eliminar a doen\u00e7a para, depois, recuperar a est\u00e9tica capilar, por meio da revitaliza\u00e7\u00e3o do cabelo.<br>Uma das pioneiras no Brasil na especializa\u00e7\u00e3o em Tricologia, \u00e1rea da sa\u00fade voltada em preven\u00e7\u00e3o e tratamento capitar, a doutora Simone Correia, tranquiliza todas as mulheres que passam pela luta contra o c\u00e2ncer.<br>\u201cA perda de cabelo faz com que a mulher fique mais abalada emocionalmente no tratamento contra o c\u00e2ncer, mas hoje temos m\u00e9todos espec\u00edficos para recuperar a sa\u00fade capilar, ap\u00f3s ela passar por todo o processo de combate ao c\u00e2ncer\u201d, destaca a doutora Simone, que tamb\u00e9m \u00e9 biom\u00e9dica.<\/p>\n\n\n\n<p>A Tricologista, Simone Correia, tamb\u00e9m observa que quando a pessoa est\u00e1 emocionalmente abalada, por causa de uma doen\u00e7a, \u00e9 normal haver um reflexo na sa\u00fade do cabelo, com o enfraquecimentos dos fol\u00edculos.<\/p>\n\n\n\n<p>\u201cPor isso \u00e9 importante a mulher em recupera\u00e7\u00e3o estar tranquila, por mais dif\u00edcil que seja nesse per\u00edodo. Quando mais fortalecida a sa\u00fade emocional, melhor para a recupera\u00e7\u00e3o do corpo e do sistema capilar da paciente\u201d, analisa a doutora Simone.<br>A especialista, administra a rede de cl\u00ednicas Recupere, voltada exclusivamente \u00e0 recupera\u00e7\u00e3o capilar. A marca atua com tratamento pr\u00f3prio, nas unidades localizadas em Joinville, Florian\u00f3polis, Curitiba (PR) e Vit\u00f3ria (ES).<br>A doutora Simone tamb\u00e9m orienta \u00e0s mulheres em fase final de tratamento contra o c\u00e2ncer que evitem fazer procedimentos qu\u00edmicos no cabelo, porque nesse processo o sistema capilar est\u00e1 mais fragilizado.<br>\u201c\u00c9 importante a paciente ter uma boa alimenta\u00e7\u00e3o, para que tenha nutrientes e vitaminas para fortalecer o cabelo. Al\u00e9m de um bom sono, fazer atividades f\u00edsicas e tamb\u00e9m controlar a ansiedade e o estresse\u201d, indica.<\/p>\n\n\n\n<p>Principais etapas do tratamento capilar p\u00f3s-c\u00e2ncer:<\/p>\n\n\n\n<ul><li>Aguardar a libera\u00e7\u00e3o do oncologista de quando pode iniciar o tratamento de recupera\u00e7\u00e3o capilar<\/li><li>Fazer uma an\u00e1lise inicial com um especialista antes de iniciar um tratamento espec\u00edfico<\/li><li>O especialista vai avaliar a situa\u00e7\u00e3o do paciente para tra\u00e7ar o melhor tratamento para o fortalecimento do organismo, ap\u00f3s passar pelo per\u00edodo de combate contra o c\u00e2ncer<\/li><li>Entre os procedimentos avaliados est\u00e1 a quest\u00e3o nutricional, para fortalecimento do sistema imunol\u00f3gico.<\/li><li>As metodologias empregadas pela rede de cl\u00ednicas Recupere trabalham com estimuladores naturais para ativar circula\u00e7\u00e3o no couro cabeludo, com uso de extratos de vegetais espec\u00edficos para esses procedimentos.<\/li><\/ul>\n\n\n\n<p class=\"has-small-font-size\">Foto: Junior Schmitt<\/p>\n","protected":false},"excerpt":{"rendered":"<p>Especialista tranquiliza mulheres que passam por quimioterapia As mulheres que enfrentam o c\u00e2ncer de mama&#8230;<\/p>\n","protected":false},"author":1,"featured_media":10882,"comment_status":"closed","ping_status":"open","sticky":false,"template":"","format":"standard","meta":{"om_disable_all_campaigns":false,"_monsterinsights_skip_tracking":false,"_monsterinsights_sitenote_active":false,"_monsterinsights_sitenote_note":"","_monsterinsights_sitenote_category":0,"spay_email":""},"categories":[1],"tags":[],"jetpack_featured_media_url":"https:\/\/vimagazine.com.br\/wp-content\/uploads\/2023\/10\/WhatsApp-Image-2023-10-18-at-09.15.47.jpeg","_links":{"self":[{"href":"https:\/\/vimagazine.com.br\/index.php?rest_route=\/wp\/v2\/posts\/10881"}],"collection":[{"href":"https:\/\/vimagazine.com.br\/index.php?rest_route=\/wp\/v2\/posts"}],"about":[{"href":"https:\/\/vimagazine.com.br\/index.php?rest_route=\/wp\/v2\/types\/post"}],"author":[{"embeddable":true,"href":"https:\/\/vimagazine.com.br\/index.php?rest_route=\/wp\/v2\/users\/1"}],"replies":[{"embeddable":true,"href":"https:\/\/vimagazine.com.br\/index.php?rest_route=%2Fwp%2Fv2%2Fcomments&post=10881"}],"version-history":[{"count":2,"href":"https:\/\/vimagazine.com.br\/index.php?rest_route=\/wp\/v2\/posts\/10881\/revisions"}],"predecessor-version":[{"id":10885,"href":"https:\/\/vimagazine.com.br\/index.php?rest_route=\/wp\/v2\/posts\/10881\/revisions\/10885"}],"wp:featuredmedia":[{"embeddable":true,"href":"https:\/\/vimagazine.com.br\/index.php?rest_route=\/wp\/v2\/media\/10882"}],"wp:attachment":[{"href":"https:\/\/vimagazine.com.br\/index.php?rest_route=%2Fwp%2Fv2%2Fmedia&parent=10881"}],"wp:term":[{"taxonomy":"category","embeddable":true,"href":"https:\/\/vimagazine.com.br\/index.php?rest_route=%2Fwp%2Fv2%2Fcategories&post=10881"},{"taxonomy":"post_tag","embeddable":true,"href":"https:\/\/vimagazine.com.br\/index.php?rest_route=%2Fwp%2Fv2%2Ftags&post=10881"}],"curies":[{"name":"wp","href":"https:\/\/api.w.org\/{rel}","templated":true}]}}