{"id":10889,"date":"2023-10-24T16:29:27","date_gmt":"2023-10-24T19:29:27","guid":{"rendered":"https:\/\/vimagazine.com.br\/?p=10889"},"modified":"2023-10-24T16:29:31","modified_gmt":"2023-10-24T19:29:31","slug":"industrias-de-joinville-apresentam-boas-praticas-lixo-zero-em-evento-na-acij%ef%bf%bc","status":"publish","type":"post","link":"https:\/\/vimagazine.com.br\/?p=10889","title":{"rendered":"Ind\u00fastrias de Joinville apresentam boas pr\u00e1ticas lixo zero em evento na ACIJ\ufffc"},"content":{"rendered":"\n<p class=\"has-text-align-center\"><em><strong>Evento est\u00e1 marcado para o dia 26, a partir das 8h. Participa\u00e7\u00e3o do p\u00fablico \u00e9 gratuita.<\/strong><\/em><\/p>\n\n\n\n<p class=\"has-text-align-center\">Exemplos inspiradores e cases positivos na gest\u00e3o de res\u00edduos industriais ser\u00e3o apresentados no Painel Ind\u00fastria: boas pr\u00e1ticas lixo zero, que ocorre nesta quinta-feira (26\/10), das 8h \u00e0s 10h30, no sal\u00e3o nobre da Associa\u00e7\u00e3o Comercial de Joinville (ACIJ).<\/p>\n\n\n\n<p class=\"has-text-align-center\"> O evento faz parte da 10\u00aa Semana Lixo Zero Joinville, que come\u00e7ou no \u00faltimo dia 20 e ser\u00e1 realizada at\u00e9 o dia 28 de outubro com mais de 150 a\u00e7\u00f5es gratuitas em v\u00e1rios pontos da cidade.\u00a0<\/p>\n\n\n\n<p class=\"has-text-align-center\"><strong>No Painel, o p\u00fablico poder\u00e1 conhecer as boas pr\u00e1ticas de quatro empresas da cidade. <\/strong><\/p>\n\n\n\n<p class=\"has-text-align-center\">Os cases ser\u00e3o apresentados pela diretora de Opera\u00e7\u00f5es da Termot\u00e9cnica, Regina Zimmermann; pelo diretor de Opera\u00e7\u00f5es da Schulz Automotiva, Bruno Salmeron; pelo analista de ESG da Docol, F\u00e1bio Deschamps; e pela gerente comercial da Reset Descarte Eletr\u00f4nico, M\u00f4nica Tomasi.\u00a0<\/p>\n\n\n\n<p class=\"has-text-align-center\">Na agenda da Semana Lixo Zero Joinville h\u00e1 v\u00e1rias edi\u00e7\u00f5es, o envolvimento das ind\u00fastrias da cidade no evento j\u00e1 se tornou tradi\u00e7\u00e3o. <\/p>\n\n\n\n<p class=\"has-text-align-center\">Segundo o diretor executivo do Coletivo Joinville Lixo Zero e um dos organizadores do evento, Arthur Rancatti, o evento \u00e9 uma oportunidade para saber como elas contribuem para uma Joinville mais sustent\u00e1vel. <\/p>\n\n\n\n<p class=\"has-text-align-center\">\u201cNossa cidade \u00e9 uma pot\u00eancia global no setor industrial e, por isso, queremos dar a oportunidade para que as empresas possam mostrar exemplos que poder\u00e3o inspirar outras a seguirem o mesmo caminho\u201d, diz.\u00a0<\/p>\n\n\n\n<p class=\"has-text-align-center\">O evento inicia com um caf\u00e9 da manh\u00e3 e network entre os presentes. A participa\u00e7\u00e3o do p\u00fablico \u00e9 gratuita, mas devem ser feitas inscri\u00e7\u00f5es pr\u00e9vias <a href=\"https:\/\/www.sympla.com.br\/evento\/painel-industria-boas-praticas-lixo-zero\/2207691?_gl=1*15siap3*_ga*MTcyMzg5MTQ5OS4xNjY2MDE5ODAx*_ga_KXH10SQTZF*MTY5NzM4Mjc4Mi43Mi4xLjE2OTczODMyNTQuMC4wLjA.&amp;referrer=www.semanalixozero.eco.br\">neste link<\/a>. <\/p>\n\n\n\n<p class=\"has-text-align-center\">Para quem puder, a organiza\u00e7\u00e3o aceita a oferta de um 1kg de alimento n\u00e3o perec\u00edvel, que ser\u00e1 doado ao projeto Sesc Mesa Brasil. <\/p>\n\n\n\n<p class=\"has-text-align-center\"><strong>O projeto distribui alimentos para pessoas em vulnerabilidade social e inseguran\u00e7a alimentar.\u00a0<\/strong><\/p>\n\n\n\n<p class=\"has-text-align-center\">Neste ano, a Semana \u00e9 apresentada pela Schulz S.A e tem como patrocinadores a Docol, Level Garden, Luz Contadores, Reset Descarte Tecnol\u00f3gico e Termot\u00e9cnica. Esta edi\u00e7\u00e3o conta ainda com o apoio da Prefeitura de Joinville e Shopping Mueller. <\/p>\n\n\n\n<p class=\"has-text-align-center\"><strong>O evento conta com o apoio da ACIJ.<\/strong><\/p>\n\n\n\n<p class=\"has-text-align-center\"> A programa\u00e7\u00e3o completa pode ser acompanhada no site <a href=\"http:\/\/www.semanalixozero.eco.br\/joinville\">www.semanalixozero.eco.br\/joinville<\/a>.<\/p>\n\n\n\n<p class=\"has-text-align-center\"><strong>Servi\u00e7o<\/strong><br>Painel Ind\u00fastria: boas pr\u00e1ticas lixo zero<\/p>\n\n\n\n<p class=\"has-text-align-center\">Quando: 26 de outubro<\/p>\n\n\n\n<p class=\"has-text-align-center\">Onde: Sal\u00e3o Nobre da ACIJ \u2013 Av. Alu\u00edsio Pires Condeixa, 2550, Sagua\u00e7u.<\/p>\n\n\n\n<p class=\"has-text-align-center\">Quanto: gratuito, com ingresso solid\u00e1rio opcional de 1kg de alimento n\u00e3o perec\u00edvel.<\/p>\n\n\n\n<p class=\"has-text-align-center\">Inscri\u00e7\u00f5es <a href=\"https:\/\/www.sympla.com.br\/evento\/painel-industria-boas-praticas-lixo-zero\/2207691?_gl=1*15siap3*_ga*MTcyMzg5MTQ5OS4xNjY2MDE5ODAx*_ga_KXH10SQTZF*MTY5NzM4Mjc4Mi43Mi4xLjE2OTczODMyNTQuMC4wLjA.&amp;referrer=www.semanalixozero.eco.br\">aqui<\/a>&nbsp;<\/p>\n\n\n\n<p class=\"has-text-align-center\">Agenda completa: <a href=\"http:\/\/www.semanalixozero.eco.br\/joinville\">www.semanalixozero.eco.br\/joinville<\/a><\/p>\n\n\n\n<p class=\"has-text-align-center\"><strong>Assessoria de Imprensa<\/strong><\/p>\n\n\n\n<p class=\"has-text-align-center\">Ta\u00edsa Rodrigues | 47 98864.3373<\/p>\n\n\n\n<p class=\"has-text-align-center\">Cil\u00e9ia Pontes | 47 99991.1953<\/p>\n","protected":false},"excerpt":{"rendered":"<p>Evento est\u00e1 marcado para o dia 26, a partir das 8h. Participa\u00e7\u00e3o do p\u00fablico \u00e9&#8230;<\/p>\n","protected":false},"author":3,"featured_media":10890,"comment_status":"closed","ping_status":"open","sticky":false,"template":"","format":"standard","meta":{"om_disable_all_campaigns":false,"_monsterinsights_skip_tracking":false,"_monsterinsights_sitenote_active":false,"_monsterinsights_sitenote_note":"","_monsterinsights_sitenote_category":0,"spay_email":""},"categories":[1],"tags":[],"jetpack_featured_media_url":"https:\/\/vimagazine.com.br\/wp-content\/uploads\/2023\/10\/bfe1f716-7ce8-466f-9743-76e327205011.jpg","_links":{"self":[{"href":"https:\/\/vimagazine.com.br\/index.php?rest_route=\/wp\/v2\/posts\/10889"}],"collection":[{"href":"https:\/\/vimagazine.com.br\/index.php?rest_route=\/wp\/v2\/posts"}],"about":[{"href":"https:\/\/vimagazine.com.br\/index.php?rest_route=\/wp\/v2\/types\/post"}],"author":[{"embeddable":true,"href":"https:\/\/vimagazine.com.br\/index.php?rest_route=\/wp\/v2\/users\/3"}],"replies":[{"embeddable":true,"href":"https:\/\/vimagazine.com.br\/index.php?rest_route=%2Fwp%2Fv2%2Fcomments&post=10889"}],"version-history":[{"count":1,"href":"https:\/\/vimagazine.com.br\/index.php?rest_route=\/wp\/v2\/posts\/10889\/revisions"}],"predecessor-version":[{"id":10891,"href":"https:\/\/vimagazine.com.br\/index.php?rest_route=\/wp\/v2\/posts\/10889\/revisions\/10891"}],"wp:featuredmedia":[{"embeddable":true,"href":"https:\/\/vimagazine.com.br\/index.php?rest_route=\/wp\/v2\/media\/10890"}],"wp:attachment":[{"href":"https:\/\/vimagazine.com.br\/index.php?rest_route=%2Fwp%2Fv2%2Fmedia&parent=10889"}],"wp:term":[{"taxonomy":"category","embeddable":true,"href":"https:\/\/vimagazine.com.br\/index.php?rest_route=%2Fwp%2Fv2%2Fcategories&post=10889"},{"taxonomy":"post_tag","embeddable":true,"href":"https:\/\/vimagazine.com.br\/index.php?rest_route=%2Fwp%2Fv2%2Ftags&post=10889"}],"curies":[{"name":"wp","href":"https:\/\/api.w.org\/{rel}","templated":true}]}}