{"id":10896,"date":"2023-10-25T19:20:13","date_gmt":"2023-10-25T22:20:13","guid":{"rendered":"https:\/\/vimagazine.com.br\/?p=10896"},"modified":"2023-10-25T19:28:16","modified_gmt":"2023-10-25T22:28:16","slug":"editora-leader-estara-na-feira-do-livro-de-porto-alegre-com-a-obra-moda-alegre","status":"publish","type":"post","link":"https:\/\/vimagazine.com.br\/?p=10896","title":{"rendered":"Editora Leader estar\u00e1 na Feira do Livro de Porto Alegre com a obra \u201cModa Alegre\u201d"},"content":{"rendered":"\n<p><\/p>\n\n\n\n<p class=\"has-text-align-center\">Com mais um lan\u00e7amento do selo S\u00e9rie Mulheres, registrado em mais de 170 pa\u00edses, a editora Leader marca presen\u00e7a em um dos principais eventos liter\u00e1rios do pa\u00eds.<\/p>\n\n\n\n<p class=\"has-text-align-center\">O selo editorial S\u00e9rie Mulheres, idealizado pela CEO Andr\u00e9ia Roma da Editora Leader, d\u00e1 voz a 20 mulheres de comunidades carentes da capital ga\u00facha, que come\u00e7aram do zero, e, por meio da costura, estavam determinadas a vencer.<\/p>\n\n\n\n<p class=\"has-text-align-center\">Esse \u00e9 o foco do livro \u201cModa Alegre\u201d, resultado do programa de mesmo nome, lan\u00e7ado oficialmente em 2019, por sua idealizadora e CEO, a advogada e digital empreendedora social Tain\u00e1 Vidal, juntamente com a vice-presidente de Expans\u00e3o e Carreira do projeto, a psicanalista Sirley Carvalho. <\/p>\n\n\n\n<p class=\"has-text-align-center\">As hist\u00f3rias de cada uma delas, integrantes deste universo, s\u00e3o contadas por cap\u00edtulos nas 272 p\u00e1ginas da publica\u00e7\u00e3o, que tem a chancela da Editora Leader, pioneira na busca pela igualdade de g\u00eanero.<\/p>\n\n\n\n<p class=\"has-text-align-center\"><br>A obra, assim como suas coordenadoras e autoras estar\u00e3o presentes na Feira do Livro de Porto Alegre, que acontece de 27 de outubro a 15 de novembro de 2023.<\/p>\n\n\n\n<p class=\"has-text-align-center\"><br>\u201cPor meio do livro Moda Alegre podemos mostrar para outras mulheres em diversas localidades do Pa\u00eds, sua pot\u00eancia e possibilidade de pensar o empreendedorismo, mudando suas realidades e de suas comunidades\u201d, enfatiza Tain\u00e1 Vidal.<\/p>\n\n\n\n<p class=\"has-text-align-center\"><br>No livro s\u00e3o apresentadas as trajet\u00f3rias dessas guerreiras, que t\u00eam a coragem e a inspira\u00e7\u00e3o em seu DNA, caracter\u00edsticas fundamentais para quem deseja empreender, seja no ramo que for. <\/p>\n\n\n\n<p class=\"has-text-align-center\">Suas hist\u00f3rias de supera\u00e7\u00e3o, atrav\u00e9s da arte de costurar e da busca pelo empreendedorismo, s\u00e3o abordadas como cases reais, demostrando que \u00e9 poss\u00edvel a essas mulheres conquistarem espa\u00e7o e efetiva participa\u00e7\u00e3o no mercado de trabalho. <\/p>\n\n\n\n<p class=\"has-text-align-center\">O exemplar traz o caminho percorrido de uma por uma, expondo seus percal\u00e7os, desafios e preconceitos, bem como as diferentes estrat\u00e9gias  que tiveram de aprender e colocar em pr\u00e1tica para alavancar seus neg\u00f3cios.<br>\u201cTrabalhar em prol do empreendedorismo feminino \u00e9 acreditar na for\u00e7a das mulheres, que, por meio dessa oportunidade, contribuem para suas comunidades e para a economia do Pa\u00eds. \u00c9 uma iniciativa que tem o poder de nos surpreender a cada dia, tendo, sempre, algo novo a ser desenvolvido\u201d, evidencia Sirley Carvalho.<br>Projeto Moda Alegre \u2013 O programa de empreendedorismo social \u201cModa Alegre\u201d come\u00e7ou a ser concebido em 2017, sendo oficialmente lan\u00e7ado em 2019, culminando, agora, com a publica\u00e7\u00e3o do livro hom\u00f4nimo. <\/p>\n\n\n\n<p class=\"has-text-align-center\">O Moda  Alegre \u201ctrilhas de conhecimento\u201d \u00e9 um projeto de capacita\u00e7\u00e3o profissional, de educa\u00e7\u00e3o socioemocional, que potencializa a economia circular, colaborativa, lideran\u00e7a feminina e desenvolvimento local.<\/p>\n\n\n\n<p class=\"has-text-align-center\"> <strong>A iniciativa atua com base em tr\u00eas pilares concomitantemente: educa\u00e7\u00e3o, gera\u00e7\u00e3o de renda e valoriza\u00e7\u00e3o pessoal.<\/strong><\/p>\n\n\n\n<p class=\"has-text-align-center\"><strong>Sobre o Selo S\u00e9rie Mulheres:<\/strong><\/p>\n\n\n\n<p class=\"has-text-align-center\"><br>S\u00e9rie Mulheres \u00e9 uma expans\u00e3o do projeto iniciado pela Editora Leader, abrangendo diferentes \u00e1reas do mundo corporativo e outras. <\/p>\n\n\n\n<p class=\"has-text-align-center\">Al\u00e9m disso, todos os t\u00edtulos lan\u00e7ados pelo selo editorial S\u00e9rie Mulheres s\u00e3o de propriedade intelectual exclusiva da Leader, registrados no INPI, o que os torna \u00fanicos no Brasil. Isso garante que cada mulher participante seja \u00fanica em cada \u00e1rea e setor, a sele\u00e7\u00e3o \u00e9 feita pela CEO Andr\u00e9ia Roma.<br>\u00danico selo editorial voltado a mulheres com a miss\u00e3o de premi\u00e1-las em v\u00e1rios setores, atrav\u00e9s do Trof\u00e9u S\u00e9rie Mulheres na Literatura atrav\u00e9s de suas hist\u00f3rias, cases e metodologias.<\/p>\n\n\n\n<p class=\"has-text-align-center\"><br>A S\u00e9rie Mulheres tem um cuidado especial com a reputa\u00e7\u00e3o de cada mulher selecionada. Al\u00e9m disso, o selo vai al\u00e9m das fronteiras nacionais, com registro autoral em mais de 170 pa\u00edses, atualmente j\u00e1 em 182 pa\u00edses.<br><strong>J\u00e1 somos muito mais que mil mulheres certificadas por este selo. <\/strong><\/p>\n\n\n\n<p class=\"has-text-align-center\">Embora o foco seja nas mulheres, a S\u00e9rie Mulheres n\u00e3o \u00e9 exclusiva para o p\u00fablico feminino, mas tamb\u00e9m para homens que desejam aprender e se inspirar com mulheres que acreditam em seus prop\u00f3sitos.<\/p>\n\n\n\n<p class=\"has-text-align-center\"><br>De acordo com o relat\u00f3rio global da Mercer When Women Thrive 2020, a maioria (81%) das organiza\u00e7\u00f5es em todo o mundo afirma que melhorar a   diversidade e a inclus\u00e3o \u00e9 importante, mas menos da metade (42%) possui uma estrat\u00e9gia documentada e de longo prazo para alcan\u00e7ar a equidade de g\u00eanero, atualmente muitas empresas apoiam o projeto e est\u00e3o sendo registradas na contracapa dos livros com o prop\u00f3sito de mudar tamb\u00e9m a estat\u00edstica.<\/p>\n\n\n\n<p class=\"has-text-align-center\"><br>A obra estar\u00e1 dispon\u00edvel pelos QR Codes das coautoras, que podem ser acessados diretamente em suas redes sociais, e, neste caso, com percentual de 15% revertido para elas. <\/p>\n\n\n\n<p class=\"has-text-align-center\">\u00c9 poss\u00edvel ainda solicitar o livro pelo @modaalegre. J\u00e1 institui\u00e7\u00f5es p\u00fablicas e privadas, que quiserem adquirir os livros do Projeto Moda Alegre para divulgar o programa, e, assim, colaborar com sua continuidade, podem comprar por lotes. <\/p>\n\n\n\n<p class=\"has-text-align-center\"><strong>A venda \u00e9 diretamente pelo Instagram, por meio do direct, e site do Moda Alegre  https:\/\/modaalegre.com.br\/.<\/strong><\/p>\n\n\n\n<p class=\"has-text-align-center\"><br>A edi\u00e7\u00e3o conta tamb\u00e9m com embaixadoras, que investiram financeiramente, possibilitando que a publica\u00e7\u00e3o se tornasse realidade, al\u00e9m de empresas patrocinadoras, que acreditaram na firmeza dessas e de tantas outras representantes do sexo feminino que vir\u00e3o, de vencer na vida e se tornarem capacitadas e donas de seus pr\u00f3prios neg\u00f3cios.<\/p>\n\n\n\n<p class=\"has-text-align-center\"><br>O movimento e o selo editorial da S\u00e9rie Mulheres est\u00e3o alinhados com o objetivo da ODS 5, que visa a igualdade de g\u00eanero e o empoderamento de todas as mulheres e meninas, promovendo a abertura de oportunidades de lideran\u00e7a em todos os n\u00edveis de tomada de decis\u00e3o na pol\u00edtica, economia e<br>esfera p\u00fablica, sendo reconhecida por especialistas atrav\u00e9s de valida\u00e7\u00f5es e certifica\u00e7\u00f5es como a \u00fanica Editora no Brasil que atua neste prop\u00f3sito.<\/p>\n\n\n\n<p class=\"has-text-align-center\"><strong><br>A S\u00e9rie Mulheres, com seu hist\u00f3rico de sucesso, continua expandindo seu projeto editorial. <\/strong><\/p>\n\n\n\n<p class=\"has-text-align-center\">Desde o lan\u00e7amento do primeiro livro, Mulheres Inspiradoras em 2015, v\u00e1rios t\u00edtulos foram lan\u00e7ados, abordando diferentes \u00e1reas do mundo corporativo, como marketing, recursos humanos, finan\u00e7as, energia, imobili\u00e1rio, direito, medicina, psicologia, entre outros.<\/p>\n\n\n\n<p class=\"has-text-align-center\"> Todas as obras publicadas t\u00eam como objetivo transformar hist\u00f3rias reais em autobiografias inspiradoras, apresentando casos e metodologias de mulheres que se destacaram em suas \u00e1reas de atua\u00e7\u00e3o.<br>Se voc\u00ea \u00e9 uma mulher com uma hist\u00f3ria para compartilhar, \u00e9 poss\u00edvel se inscrever no site da S\u00e9rie Mulheres (www.seriemulheres.com).    <\/p>\n\n\n\n<p class=\"has-text-align-center\"><strong>Todas as inscri\u00e7\u00f5es ser\u00e3o cuidadosamente avaliadas.<\/strong><\/p>\n\n\n\n<p class=\"has-text-align-center\"><strong>Sobre a Editora Leader:<\/strong><\/p>\n\n\n\n<p class=\"has-text-align-center\"><br>Fundada por Andr\u00e9ia Roma, a Editora Leader \u00e9 l\u00edder no mercado editorial com \u00eanfase no  esenvolvimento humano e comportamento. Respons\u00e1vel pela publica\u00e7\u00e3o de centenas de obras em linguagem clara, proporciona aos leitores um salto no desenvolvimento pessoal.<\/p>\n\n\n\n<p class=\"has-text-align-center\"><br>A Leader nasceu para impulsionar hist\u00f3rias que inspiram e conhecimentos que transformam. Este \u00e9 o prop\u00f3sito da editora. Livros s\u00e3o ferramentas para materializar o que faz nosso cora\u00e7\u00e3o vibrar. <\/p>\n\n\n\n<p class=\"has-text-align-center\"><strong>\u00c9 isso que nos move.<\/strong><br>Afinal, um livro muda tudo. Muda hist\u00f3rias, muda consci\u00eancias, muda decis\u00f5es, muda comportamentos, muda pensamentos, simplesmente muda. <\/p>\n\n\n\n<p class=\"has-text-align-center\"><strong>A influ\u00eancia da Leader vai al\u00e9m do Brasil, com autores em v\u00e1rios pa\u00edses e presen\u00e7a global.<\/strong><\/p>\n\n\n\n<p class=\"has-text-align-center\"><br>Com uma ampla gama de g\u00eaneros liter\u00e1rios, lan\u00e7ando produtos inovadores como e-books, cursos em formato de livro, jogos e cole\u00e7\u00f5es tem\u00e1ticas (como a S\u00e9rie Mulheres), a editora Leader cada vez mais deixa sua marca.<br>Os livros coletivos da Editora Leader se destacam por aprofundar temas espec\u00edficos e fornecer inspira\u00e7\u00e3o para a vida pessoal e profissional dos leitores.<\/p>\n\n\n\n<p class=\"has-text-align-center\"><br>Convidamos voc\u00ea a enviar seu projeto para avalia\u00e7\u00e3o, independentemente do g\u00eanero liter\u00e1rio, para o e-mail editora@editoraleader.com.br. Estamos ansiosos para colaborar na dissemina\u00e7\u00e3o de conhecimento e hist\u00f3rias inspiradoras.<\/p>\n\n\n\n<p><\/p>\n\n\n\n<p class=\"has-text-align-center\"><strong>Ficha T\u00e9cnica:<\/strong><br>T\u00edtulo: \u201cModa Alegre\u201d<br>Coordenadoras do livro: Andr\u00e9ia Roma, Tain\u00e1 Vidal e Sirley Carvalho<br>Embaixadoras: Carolina Machado Tedesco, Fabiane Cavalcanti, Fl\u00e1via<br>Borges de Assis, Francieli Librelotto da Rosa, Jane Boff, Michele Gon\u00e7alves,<br>Raquel Echart Marchesan, Suzany R. Herrmann e Mariangela Rosa.<br>Coordenadora da S\u00e9rie Mulheres: Tania Moura  <\/p>\n\n\n\n<p class=\"has-text-align-center\">Autoras: T\u00e2nia Pires, Carolina Ramires Charme Nunes, Graciela Beatriz<br>Ogas, Mara Nunes, Adriana Linhares Queiroz, Mirian Ribeiro, Helena Dani<br>Soares, Daniela Van der Straeten Pimentel, Gladis Francisca Moreira<br>Carvalho, Ceir Aida Boturi Medina, Eudila Terezinha Tavares, Cl\u00e9ia Dorneles<br>Constante, Neiva Chaves, Alice Franco, Karen Silva dos Santos, \u00cdtala Branco,<br>Binha Vi\u00e9cili, Viviane Corr\u00eaa, Diuliana Severo de Lima e Maria de Lurdes da<br>Fonseca de Moraes.<br>P\u00e1ginas: 272<br>Editora: Leader<br>Ano: 2023<br>Selo: S\u00e9rie Mulheres<br>Pre\u00e7o: R$ 79,90<br>Onde: Feira do Livro de Porto Alegre<br>Quando: De 27\/10 a 15\/11 de 2023<br>Site: https:\/\/editoraleader.com.br\/home-lancamentos\/livro-moda-alegre   <\/p>\n\n\n\n<p class=\"has-text-align-center\"><strong>Maiores informa\u00e7\u00f5es \u00e0 imprensa:<br>Vanessa Goulartt \u2013 (11) 9 8270 0077<br>vanessagoulartt@gmail.com<\/strong><\/p>\n","protected":false},"excerpt":{"rendered":"<p>Com mais um lan\u00e7amento do selo S\u00e9rie Mulheres, registrado em mais de 170 pa\u00edses, a&#8230;<\/p>\n","protected":false},"author":3,"featured_media":10897,"comment_status":"closed","ping_status":"open","sticky":false,"template":"","format":"standard","meta":{"om_disable_all_campaigns":false,"_monsterinsights_skip_tracking":false,"_monsterinsights_sitenote_active":false,"_monsterinsights_sitenote_note":"","_monsterinsights_sitenote_category":0,"spay_email":""},"categories":[1],"tags":[],"jetpack_featured_media_url":"https:\/\/vimagazine.com.br\/wp-content\/uploads\/2023\/10\/Screenshot_20231025_105844_WhatsApp-e1698272704744.jpg","_links":{"self":[{"href":"https:\/\/vimagazine.com.br\/index.php?rest_route=\/wp\/v2\/posts\/10896"}],"collection":[{"href":"https:\/\/vimagazine.com.br\/index.php?rest_route=\/wp\/v2\/posts"}],"about":[{"href":"https:\/\/vimagazine.com.br\/index.php?rest_route=\/wp\/v2\/types\/post"}],"author":[{"embeddable":true,"href":"https:\/\/vimagazine.com.br\/index.php?rest_route=\/wp\/v2\/users\/3"}],"replies":[{"embeddable":true,"href":"https:\/\/vimagazine.com.br\/index.php?rest_route=%2Fwp%2Fv2%2Fcomments&post=10896"}],"version-history":[{"count":3,"href":"https:\/\/vimagazine.com.br\/index.php?rest_route=\/wp\/v2\/posts\/10896\/revisions"}],"predecessor-version":[{"id":10900,"href":"https:\/\/vimagazine.com.br\/index.php?rest_route=\/wp\/v2\/posts\/10896\/revisions\/10900"}],"wp:featuredmedia":[{"embeddable":true,"href":"https:\/\/vimagazine.com.br\/index.php?rest_route=\/wp\/v2\/media\/10897"}],"wp:attachment":[{"href":"https:\/\/vimagazine.com.br\/index.php?rest_route=%2Fwp%2Fv2%2Fmedia&parent=10896"}],"wp:term":[{"taxonomy":"category","embeddable":true,"href":"https:\/\/vimagazine.com.br\/index.php?rest_route=%2Fwp%2Fv2%2Fcategories&post=10896"},{"taxonomy":"post_tag","embeddable":true,"href":"https:\/\/vimagazine.com.br\/index.php?rest_route=%2Fwp%2Fv2%2Ftags&post=10896"}],"curies":[{"name":"wp","href":"https:\/\/api.w.org\/{rel}","templated":true}]}}