{"id":10902,"date":"2023-10-25T22:58:56","date_gmt":"2023-10-26T01:58:56","guid":{"rendered":"https:\/\/vimagazine.com.br\/?p=10902"},"modified":"2023-10-25T22:58:57","modified_gmt":"2023-10-26T01:58:57","slug":"gardenia-cavalcanti-do-vem-com-a-gente-recebe-a-linda-ava-simoes-modelo-foi-eleita-a-mais-bela-transexual-do-mundo","status":"publish","type":"post","link":"https:\/\/vimagazine.com.br\/?p=10902","title":{"rendered":"Gard\u00eania Cavalcanti do Vem Com a Gente recebe a linda Ava Sim\u00f5es Modelo foi eleita a mais bela transexual do mundo"},"content":{"rendered":"\n<p>Modelo foi eleita a mais bela transexual do mundo<\/p>\n\n\n\n<p><\/p>\n\n\n\n<p>A apresentadora do Programa Vem com a Gente da Band TV, Gard\u00eania Cavalcanti, recebeu no programa da tarde desta quarta-feira (25), a bel\u00edssima Ava Sim\u00f5es, modelo eleita a mais bela transexual do mundo, formada dentista pela Faculdade de Odontologia de Nova Friburgo.<br><\/p>\n\n\n\n<p>Gard\u00eania e a beldade Ava, se juntaram a outra convidada, tamb\u00e9m dentista, Dra. Camila Fern\u00e1ndez.<br><\/p>\n\n\n\n<p>A apresentadora do programa ouviu atentamente as explana\u00e7\u00f5es dadas pelas profissionais de odontologia, explicando que a limpeza vai al\u00e9m da escova\u00e7\u00e3o, mitos e verdades, al\u00e9m de dicas importantes para manter em dia a sa\u00fade bucal.<br><br>Divulga\u00e7\u00e3o: Camila Fern\u00e1ndez, Gard\u00eania Cavalcanti e Ava Sim\u00f5es Assista o programa completo: https:\/\/www.youtube.com\/watch?v=Ki25C7IardU<\/p>\n\n\n\n<figure class=\"wp-block-image size-full\"><img width=\"491\" height=\"395\" src=\"https:\/\/vimagazine.com.br\/wp-content\/uploads\/2023\/10\/IMG_2357.jpeg\" alt=\"\" class=\"wp-image-10903\" srcset=\"https:\/\/vimagazine.com.br\/wp-content\/uploads\/2023\/10\/IMG_2357.jpeg 491w, https:\/\/vimagazine.com.br\/wp-content\/uploads\/2023\/10\/IMG_2357-300x241.jpeg 300w\" sizes=\"(max-width: 491px) 100vw, 491px\" \/><\/figure>\n\n\n\n<figure class=\"wp-block-image size-full\"><img width=\"591\" height=\"482\" src=\"https:\/\/vimagazine.com.br\/wp-content\/uploads\/2023\/10\/IMG_2358.jpeg\" alt=\"\" class=\"wp-image-10904\" srcset=\"https:\/\/vimagazine.com.br\/wp-content\/uploads\/2023\/10\/IMG_2358.jpeg 591w, https:\/\/vimagazine.com.br\/wp-content\/uploads\/2023\/10\/IMG_2358-300x245.jpeg 300w\" sizes=\"(max-width: 591px) 100vw, 591px\" \/><\/figure>\n","protected":false},"excerpt":{"rendered":"<p>Modelo foi eleita a mais bela transexual do mundo A apresentadora do Programa Vem com&#8230;<\/p>\n","protected":false},"author":18,"featured_media":0,"comment_status":"closed","ping_status":"open","sticky":false,"template":"","format":"standard","meta":{"om_disable_all_campaigns":false,"_monsterinsights_skip_tracking":false,"_monsterinsights_sitenote_active":false,"_monsterinsights_sitenote_note":"","_monsterinsights_sitenote_category":0,"spay_email":""},"categories":[1],"tags":[],"jetpack_featured_media_url":"","_links":{"self":[{"href":"https:\/\/vimagazine.com.br\/index.php?rest_route=\/wp\/v2\/posts\/10902"}],"collection":[{"href":"https:\/\/vimagazine.com.br\/index.php?rest_route=\/wp\/v2\/posts"}],"about":[{"href":"https:\/\/vimagazine.com.br\/index.php?rest_route=\/wp\/v2\/types\/post"}],"author":[{"embeddable":true,"href":"https:\/\/vimagazine.com.br\/index.php?rest_route=\/wp\/v2\/users\/18"}],"replies":[{"embeddable":true,"href":"https:\/\/vimagazine.com.br\/index.php?rest_route=%2Fwp%2Fv2%2Fcomments&post=10902"}],"version-history":[{"count":1,"href":"https:\/\/vimagazine.com.br\/index.php?rest_route=\/wp\/v2\/posts\/10902\/revisions"}],"predecessor-version":[{"id":10905,"href":"https:\/\/vimagazine.com.br\/index.php?rest_route=\/wp\/v2\/posts\/10902\/revisions\/10905"}],"wp:attachment":[{"href":"https:\/\/vimagazine.com.br\/index.php?rest_route=%2Fwp%2Fv2%2Fmedia&parent=10902"}],"wp:term":[{"taxonomy":"category","embeddable":true,"href":"https:\/\/vimagazine.com.br\/index.php?rest_route=%2Fwp%2Fv2%2Fcategories&post=10902"},{"taxonomy":"post_tag","embeddable":true,"href":"https:\/\/vimagazine.com.br\/index.php?rest_route=%2Fwp%2Fv2%2Ftags&post=10902"}],"curies":[{"name":"wp","href":"https:\/\/api.w.org\/{rel}","templated":true}]}}