{"id":10936,"date":"2023-10-28T08:43:53","date_gmt":"2023-10-28T11:43:53","guid":{"rendered":"https:\/\/vimagazine.com.br\/?p=10936"},"modified":"2023-10-28T08:45:49","modified_gmt":"2023-10-28T11:45:49","slug":"catarina-para-encerrar-semana-lixo-zero-mais-de-20-acoes-sao-realizadas-neste-sabado-28","status":"publish","type":"post","link":"https:\/\/vimagazine.com.br\/?p=10936","title":{"rendered":"CATARINA&#8221;\u00a0Para encerrar Semana Lixo Zero, mais de 20 a\u00e7\u00f5es s\u00e3o realizadas neste s\u00e1bado (28)"},"content":{"rendered":"\n<p class=\"has-text-align-center\"><em>U<strong>m dos destaques ser\u00e1 a mostra de filmes do Festival de Cultura Ambiental \u2013 Nilsa Gramkow, na Associa\u00e7\u00e3o Atl\u00e9tica Tupy.<\/strong><\/em><\/p>\n\n\n\n<p class=\"has-text-align-center\">O \u00faltimo dia da 10\u00aa Semana Lixo Zero Joinville conta com mais de 20 atividades em v\u00e1rios pontos da cidade. As a\u00e7\u00f5es s\u00e3o gratuitas e abertas ao p\u00fablico em geral. <\/p>\n\n\n\n<p class=\"has-text-align-center\">Um dos destaques \u00e9 a mostra de filmes do Festival de Cultura Ambiental \u2013 Nilsa Gramkow, que ocorre das 10h \u00e0s 17h na sala de cinema da Associa\u00e7\u00e3o Atl\u00e9tica Tupy, localizada na rua Prefeito Helmuth Fallgatter, 3605, bairro Boa Vista.&nbsp;<\/p>\n\n\n\n<p class=\"has-text-align-center\">A sele\u00e7\u00e3o dos filmes do Festival foi realizada em parceria com o Festival Internacional de Cinema Ambiental de SC (FICASC), Pupilo TV e Futuro Coletivo Filmes. <\/p>\n\n\n\n<p class=\"has-text-align-center\">Ao todo, ser\u00e3o apresentadas nove produ\u00e7\u00f5es entre filmes, curtas-metragens e document\u00e1rios.&nbsp; A primeira sess\u00e3o come\u00e7a \u00e0s 10h com a apresenta\u00e7\u00e3o de Mulheres da Terra, de Marcia Paraiso. <\/p>\n\n\n\n<p class=\"has-text-align-center\">Em seguida, \u00e0s 10h30, tem a apresenta\u00e7\u00e3o de 8 Bilh\u00f5es: Somos Todos Respons\u00e1veis, de Nelson Kao, Andrea Urushima e C\u00e9sar Shundi Iwamizu. <\/p>\n\n\n\n<p class=\"has-text-align-center\">O pr\u00f3ximo filme, que inicia \u00e0s 11h, \u00e9 a anima\u00e7\u00e3o As Aventuras da Toninha Babi, seguida de Sementes, de Marcelo Engster, \u00e0s 11h30.&nbsp;<\/p>\n\n\n\n<p class=\"has-text-align-center\">\u00c0 tarde, \u00e0s 12h30, tem o document\u00e1rio Sambaqui Sociedade Redescoberta, de Thiago Benites, seguido da sess\u00e3o de lan\u00e7amento de Percursos Arqueol\u00f3gicos Santa Catarina, de Tom Gon\u00e7alves.<\/p>\n\n\n\n<p class=\"has-text-align-center\"> A produ\u00e7\u00e3o, de 50 minutos, apresenta os mais recentes resultados de pesquisas no \u00e2mbito da arqueologia. <\/p>\n\n\n\n<p class=\"has-text-align-center\">A sess\u00e3o seguinte, \u00e0s 14h, vai apresentar Y me Vuelvo a La Pachamama, de Rodrigo Batista. <\/p>\n\n\n\n<p class=\"has-text-align-center\"><strong>\u00c0s 15h \u00e9 a vez de Por Que N\u00e3o o Para\u00edso, de Laura Tamiana. <\/strong><\/p>\n\n\n\n<p class=\"has-text-align-center\">A \u00faltima sess\u00e3o do Festival apresentar\u00e1 Revolixon\u00e1rios, de Thiago Eduardo. Na programa\u00e7\u00e3o, consta ainda reapresenta\u00e7\u00f5es das produ\u00e7\u00f5es 8 Bilh\u00f5es: Somos Todos Respons\u00e1veis (12h), As Aventuras da Toninha Babi (14h15) e Sambaqui Sociedade Redescoberta (15h30).&nbsp;<\/p>\n\n\n\n<p class=\"has-text-align-center\"><strong>Oficinas, rodas de conversa, visitas t\u00e9cnicas e consumo consciente na agenda&nbsp;<\/strong><\/p>\n\n\n\n<p class=\"has-text-align-center\">Al\u00e9m da mostra de filmes, ainda na na Associa\u00e7\u00e3o Atl\u00e9tica Tupy, o p\u00fablico poder\u00e1 conferir atividades como Oficina Sodexo de Reaproveitamento de Alimentos, Oficina de Anima\u00e7\u00e3o Stop Motion com Materiais Reciclados em parceria com a Unicolab, Oficina de Compostagem, Encontro de Brech\u00f3s, apresenta\u00e7\u00e3o do projeto Arte para Todos e exposi\u00e7\u00e3o Menstrua\u00e7\u00e3o Sem Tabus e Sem Lixo. <\/p>\n\n\n\n<p class=\"has-text-align-center\"><strong>Al\u00e9m disso, haver\u00e1 entrega de brindes para os destaques das a\u00e7\u00f5es internas da Tupy na Semana Lixo Zero 2023.<\/strong><\/p>\n\n\n\n<p class=\"has-text-align-center\">Em outro ponto da cidade, \u00e0s 8h30, haver\u00e1 visita ao s\u00edtio de org\u00e2nicos Mattiola, em Pirabeiraba.<\/p>\n\n\n\n<p class=\"has-text-align-center\"><strong> Quem quiser participar, \u00e9 preciso se inscrever&nbsp;<a href=\"https:\/\/www.sympla.com.br\/evento\/visita-no-sitio-organico-mattiola\/2183785?referrer=www.semanalixozero.eco.br\" target=\"_blank\" rel=\"noreferrer noopener\">neste link<\/a>. <\/strong><\/p>\n\n\n\n<p class=\"has-text-align-center\">Ainda em Pirabeiraba, haver\u00e1 visita ao p\u00e1tio de compostagem da empresa Naturanda. <\/p>\n\n\n\n<p class=\"has-text-align-center\"><strong>O evento ocorre das 10h \u00e0s 11h30. <\/strong><\/p>\n\n\n\n<p class=\"has-text-align-center\"><strong>As inscri\u00e7\u00f5es podem ser feitas&nbsp;<a href=\"https:\/\/docs.google.com\/forms\/d\/e\/1FAIpQLSc9LZ6hjYy5D0A4TDZDGUr977SZVDdoiUi088l_12Yv5ZRv3Q\/viewform\" target=\"_blank\" rel=\"noreferrer noopener\">neste link<\/a>.<\/strong><\/p>\n\n\n\n<p class=\"has-text-align-center\">Na Ponte Serrada, localizada na rua de mesmo nome, n\u00famero 180, no Comasa, haver\u00e1 um mutir\u00e3o de limpeza na \u00e1rea de mangue.<\/p>\n\n\n\n<p class=\"has-text-align-center\"> As inscri\u00e7\u00f5es para participar podem ser feitas&nbsp;<a href=\"https:\/\/docs.google.com\/forms\/d\/e\/1FAIpQLSfV5q9si7A1OfTIuSCnd0lNKV2IR9-dP6bwOzjc0zdNby9yzA\/viewform\" target=\"_blank\" rel=\"noreferrer noopener\">aqui.<\/a>&nbsp;No Jardim Iriri\u00fa, das 9h \u00e0s 12h, ser\u00e1 oferecida uma oficina sobre horticultura e jardinagem de pequeno porte na Horta Comunit\u00e1ria Girassol. Para participar, basta chegar ao local no hor\u00e1rio marcado. <\/p>\n\n\n\n<p class=\"has-text-align-center\"><strong>O endere\u00e7o \u00e9 Rua Afonso Birckholz, 180.<\/strong>&nbsp;<\/p>\n\n\n\n<p class=\"has-text-align-center\">Outra atividade na agenda do dia 28 de outubro \u00e9 o Mercado Solid\u00e1rio, que ocorre das 10h \u00e0s 18h, na loja Jacatir\u00e3o, no C\u00edrculo Oper\u00e1rio de Joinville, localizada na Rua In\u00e1cio Bastos, 241, Bucarein. Haver\u00e1 trocas e vendas de artesanato, brech\u00f3, produtos org\u00e2nicos e antiguidades. <\/p>\n\n\n\n<p class=\"has-text-align-center\"><strong>No local, haver\u00e1 ainda a oficina Reciclando com Arte, das 15h \u00e0s 18h.&nbsp;<\/strong><\/p>\n\n\n\n<p class=\"has-text-align-center\"><em>\u201cA ideia do mercado solid\u00e1rio, \u00e9 ser um espa\u00e7o onde as pessoas possam ressignificar a vida criando uma nova rela\u00e7\u00e3o com o ambiente, mudando suas percep\u00e7\u00f5es da vida contribuindo para um mundo sustent\u00e1vel socioecon\u00f4mico e ambiental\u201d,<\/em>&nbsp;explica a organizadora da atividade, Maria L\u00facia Neitsch.<\/p>\n\n\n\n<p class=\"has-text-align-center\">A programa\u00e7\u00e3o completa do Festival pode ser acessada no site da Semana Lixo Zero Joinville (<a href=\"http:\/\/www.semanalixozero.eco.br\/joinville\" target=\"_blank\" rel=\"noreferrer noopener\">www.semanalixozero.eco.br\/joinville<\/a>).<\/p>\n\n\n\n<p class=\"has-text-align-center\">Esta edi\u00e7\u00e3o, que comemora os 10 anos de realiza\u00e7\u00e3o da Semana na cidade, \u00e9 apresentada pela Schulz S.A e tem como patrocinadores a Docol, Level Garden, Luz Contadores, Reset Descarte Tecnol\u00f3gico e Termot\u00e9cnica.<\/p>\n\n\n\n<p class=\"has-text-align-center\"> <strong>Esta edi\u00e7\u00e3o conta ainda com o apoio da Prefeitura de Joinville, Favretto e Shopping Mueller.<\/strong><\/p>\n\n\n\n<p class=\"has-text-align-center\"><strong>Na foto:\u00a0Beatriz Costa, a renomada arque\u00f3loga que conduz essa explora\u00e7\u00e3o no document\u00e1rio &#8220;PERCURSOS ARQUEOL\u00d3GICOS &#8211; SANTA<\/strong><\/p>\n\n\n\n<p class=\"has-text-align-center\">Fonte: Taisa Rodrigues<\/p>\n","protected":false},"excerpt":{"rendered":"<p>Um dos destaques ser\u00e1 a mostra de filmes do Festival de Cultura Ambiental \u2013 Nilsa&#8230;<\/p>\n","protected":false},"author":3,"featured_media":10937,"comment_status":"closed","ping_status":"open","sticky":false,"template":"","format":"standard","meta":{"om_disable_all_campaigns":false,"_monsterinsights_skip_tracking":false,"_monsterinsights_sitenote_active":false,"_monsterinsights_sitenote_note":"","_monsterinsights_sitenote_category":0,"spay_email":""},"categories":[1],"tags":[],"jetpack_featured_media_url":"https:\/\/vimagazine.com.br\/wp-content\/uploads\/2023\/10\/Beatriz-Costa-arqueologa-e-apresentadora-e1698493097241.jpg","_links":{"self":[{"href":"https:\/\/vimagazine.com.br\/index.php?rest_route=\/wp\/v2\/posts\/10936"}],"collection":[{"href":"https:\/\/vimagazine.com.br\/index.php?rest_route=\/wp\/v2\/posts"}],"about":[{"href":"https:\/\/vimagazine.com.br\/index.php?rest_route=\/wp\/v2\/types\/post"}],"author":[{"embeddable":true,"href":"https:\/\/vimagazine.com.br\/index.php?rest_route=\/wp\/v2\/users\/3"}],"replies":[{"embeddable":true,"href":"https:\/\/vimagazine.com.br\/index.php?rest_route=%2Fwp%2Fv2%2Fcomments&post=10936"}],"version-history":[{"count":2,"href":"https:\/\/vimagazine.com.br\/index.php?rest_route=\/wp\/v2\/posts\/10936\/revisions"}],"predecessor-version":[{"id":10939,"href":"https:\/\/vimagazine.com.br\/index.php?rest_route=\/wp\/v2\/posts\/10936\/revisions\/10939"}],"wp:featuredmedia":[{"embeddable":true,"href":"https:\/\/vimagazine.com.br\/index.php?rest_route=\/wp\/v2\/media\/10937"}],"wp:attachment":[{"href":"https:\/\/vimagazine.com.br\/index.php?rest_route=%2Fwp%2Fv2%2Fmedia&parent=10936"}],"wp:term":[{"taxonomy":"category","embeddable":true,"href":"https:\/\/vimagazine.com.br\/index.php?rest_route=%2Fwp%2Fv2%2Fcategories&post=10936"},{"taxonomy":"post_tag","embeddable":true,"href":"https:\/\/vimagazine.com.br\/index.php?rest_route=%2Fwp%2Fv2%2Ftags&post=10936"}],"curies":[{"name":"wp","href":"https:\/\/api.w.org\/{rel}","templated":true}]}}