{"id":10968,"date":"2023-10-30T10:25:04","date_gmt":"2023-10-30T13:25:04","guid":{"rendered":"https:\/\/vimagazine.com.br\/?p=10968"},"modified":"2023-10-30T10:25:07","modified_gmt":"2023-10-30T13:25:07","slug":"celebrando-a-riqueza-do-forro-e-da-cultura-nordestina-primeiro-festival-de-forro-de-serra-preta-recebe-icones-do-forro","status":"publish","type":"post","link":"https:\/\/vimagazine.com.br\/?p=10968","title":{"rendered":"Celebrando a Riqueza do Forr\u00f3 e da Cultura Nordestina: Primeiro Festival de Forr\u00f3 de Serra Preta Recebe \u00cdcones do Forr\u00f3"},"content":{"rendered":"\n<p>Sob a curadoria de Jairo Barboza, o evento est\u00e1 agendado para os dias 1\u00ba e 2 de dezembro e contar\u00e1 com participa\u00e7\u00f5es especiais de \u00edcones do forr\u00f3<\/p>\n\n\n\n<figure class=\"wp-block-image size-large\"><img width=\"1024\" height=\"683\" src=\"https:\/\/vimagazine.com.br\/wp-content\/uploads\/2023\/10\/3c95aea6-90fd-4eea-9fc7-914bb8dd098f-1024x683.jpeg\" alt=\"\" class=\"wp-image-10969\" srcset=\"https:\/\/vimagazine.com.br\/wp-content\/uploads\/2023\/10\/3c95aea6-90fd-4eea-9fc7-914bb8dd098f-1024x683.jpeg 1024w, https:\/\/vimagazine.com.br\/wp-content\/uploads\/2023\/10\/3c95aea6-90fd-4eea-9fc7-914bb8dd098f-300x200.jpeg 300w, https:\/\/vimagazine.com.br\/wp-content\/uploads\/2023\/10\/3c95aea6-90fd-4eea-9fc7-914bb8dd098f-768x512.jpeg 768w, https:\/\/vimagazine.com.br\/wp-content\/uploads\/2023\/10\/3c95aea6-90fd-4eea-9fc7-914bb8dd098f-1536x1024.jpeg 1536w, https:\/\/vimagazine.com.br\/wp-content\/uploads\/2023\/10\/3c95aea6-90fd-4eea-9fc7-914bb8dd098f.jpeg 1600w\" sizes=\"(max-width: 1024px) 100vw, 1024px\" \/><\/figure>\n\n\n\n<p>Em dezembro deste ano, o munic\u00edpio de Serra Preta, situado a 170 km de Salvador, se prepara para sediar seu primeiro Festival de Forr\u00f3. O evento, coordenado pelo cantor Jairo Barboza e pela dedicada professora Andrea Pinheiro, marca n\u00e3o apenas as comemora\u00e7\u00f5es da emancipa\u00e7\u00e3o pol\u00edtica da cidade, mas tamb\u00e9m o anivers\u00e1rio de 111 anos de nascimento de Luiz Gonzaga, o Rei do Bai\u00e3o.<\/p>\n\n\n\n<p>O Festival de Forr\u00f3 de Serra Preta promete ser uma celebra\u00e7\u00e3o da rica heran\u00e7a cultural nordestina, destacando m\u00fasica, dan\u00e7a, artesanato e gastronomia, e oferecendo uma experi\u00eancia \u00fanica para visitantes e moradores locais. O evento apresentar\u00e1 uma s\u00e9rie de artistas talentosos, incluindo nomes consagrados como Del Feliz, Adelm\u00e1rio Coelho, Cristina Amaral, Santanna o Cantador, J\u00falio C\u00e9sar,&nbsp; Ari PB, da banda Cacau com Leite&nbsp; e o pr\u00f3prio Jairo Barboza. Al\u00e9m disso, o festival contar\u00e1 com apresenta\u00e7\u00f5es de talentos locais. Iniciativas como essa, desempenham um papel crucial na promo\u00e7\u00e3o do forr\u00f3 e na valoriza\u00e7\u00e3o da cultura nordestina, n\u00e3o apenas durante o per\u00edodo tradicional do S\u00e3o Jo\u00e3o, mas durante todo o ano.<\/p>\n\n\n\n<figure class=\"wp-block-image size-large\"><img width=\"731\" height=\"1024\" src=\"https:\/\/vimagazine.com.br\/wp-content\/uploads\/2023\/10\/3b927888-89ab-4f74-8f57-185c55a301ec-731x1024.jpeg\" alt=\"\" class=\"wp-image-10970\" srcset=\"https:\/\/vimagazine.com.br\/wp-content\/uploads\/2023\/10\/3b927888-89ab-4f74-8f57-185c55a301ec-731x1024.jpeg 731w, https:\/\/vimagazine.com.br\/wp-content\/uploads\/2023\/10\/3b927888-89ab-4f74-8f57-185c55a301ec-214x300.jpeg 214w, https:\/\/vimagazine.com.br\/wp-content\/uploads\/2023\/10\/3b927888-89ab-4f74-8f57-185c55a301ec-768x1076.jpeg 768w, https:\/\/vimagazine.com.br\/wp-content\/uploads\/2023\/10\/3b927888-89ab-4f74-8f57-185c55a301ec-1096x1536.jpeg 1096w, https:\/\/vimagazine.com.br\/wp-content\/uploads\/2023\/10\/3b927888-89ab-4f74-8f57-185c55a301ec-1024x1435.jpeg 1024w, https:\/\/vimagazine.com.br\/wp-content\/uploads\/2023\/10\/3b927888-89ab-4f74-8f57-185c55a301ec.jpeg 1142w\" sizes=\"(max-width: 731px) 100vw, 731px\" \/><\/figure>\n\n\n\n<p>O Festival de Forr\u00f3 de Serra ser\u00e1 um marco significativo para a cidade e a regi\u00e3o, homenageando n\u00e3o apenas Luiz Gonzaga, mas tamb\u00e9m a paix\u00e3o do povo nordestino pelo forr\u00f3. Com uma programa\u00e7\u00e3o repleta de m\u00fasica, dan\u00e7a e saborosas iguarias t\u00edpicas,&nbsp; a celebra\u00e7\u00e3o promete encantar a todos com a alegria contagiante do forr\u00f3 e fortalecer ainda mais os la\u00e7os culturais que unem o Nordeste e o Brasil. Venha fazer parte desta celebra\u00e7\u00e3o inesquec\u00edvel da cultura nordestina no Festival de Forr\u00f3 de Serra Preta<\/p>\n\n\n\n<p>SERVI\u00c7O:Festival de Forr\u00f3 de Serra Preta<\/p>\n\n\n\n<p>1 e 2 de dezembro<\/p>\n\n\n\n<p>Serra Preta (Bahia)<\/p>\n","protected":false},"excerpt":{"rendered":"<p>Sob a curadoria de Jairo Barboza, o evento est\u00e1 agendado para os dias 1\u00ba e&#8230;<\/p>\n","protected":false},"author":18,"featured_media":10971,"comment_status":"closed","ping_status":"open","sticky":false,"template":"","format":"standard","meta":{"om_disable_all_campaigns":false,"_monsterinsights_skip_tracking":false,"_monsterinsights_sitenote_active":false,"_monsterinsights_sitenote_note":"","_monsterinsights_sitenote_category":0,"spay_email":""},"categories":[126],"tags":[],"jetpack_featured_media_url":"https:\/\/vimagazine.com.br\/wp-content\/uploads\/2023\/10\/3c948587-bf75-4f00-b262-7a105b04c846.jpeg","_links":{"self":[{"href":"https:\/\/vimagazine.com.br\/index.php?rest_route=\/wp\/v2\/posts\/10968"}],"collection":[{"href":"https:\/\/vimagazine.com.br\/index.php?rest_route=\/wp\/v2\/posts"}],"about":[{"href":"https:\/\/vimagazine.com.br\/index.php?rest_route=\/wp\/v2\/types\/post"}],"author":[{"embeddable":true,"href":"https:\/\/vimagazine.com.br\/index.php?rest_route=\/wp\/v2\/users\/18"}],"replies":[{"embeddable":true,"href":"https:\/\/vimagazine.com.br\/index.php?rest_route=%2Fwp%2Fv2%2Fcomments&post=10968"}],"version-history":[{"count":1,"href":"https:\/\/vimagazine.com.br\/index.php?rest_route=\/wp\/v2\/posts\/10968\/revisions"}],"predecessor-version":[{"id":10972,"href":"https:\/\/vimagazine.com.br\/index.php?rest_route=\/wp\/v2\/posts\/10968\/revisions\/10972"}],"wp:featuredmedia":[{"embeddable":true,"href":"https:\/\/vimagazine.com.br\/index.php?rest_route=\/wp\/v2\/media\/10971"}],"wp:attachment":[{"href":"https:\/\/vimagazine.com.br\/index.php?rest_route=%2Fwp%2Fv2%2Fmedia&parent=10968"}],"wp:term":[{"taxonomy":"category","embeddable":true,"href":"https:\/\/vimagazine.com.br\/index.php?rest_route=%2Fwp%2Fv2%2Fcategories&post=10968"},{"taxonomy":"post_tag","embeddable":true,"href":"https:\/\/vimagazine.com.br\/index.php?rest_route=%2Fwp%2Fv2%2Ftags&post=10968"}],"curies":[{"name":"wp","href":"https:\/\/api.w.org\/{rel}","templated":true}]}}