{"id":11027,"date":"2023-10-31T09:33:07","date_gmt":"2023-10-31T12:33:07","guid":{"rendered":"https:\/\/vimagazine.com.br\/?p=11027"},"modified":"2023-10-31T09:33:10","modified_gmt":"2023-10-31T12:33:10","slug":"realengo-ganha-letreiro-instagramavel-na-praca-padre-miguel","status":"publish","type":"post","link":"https:\/\/vimagazine.com.br\/?p=11027","title":{"rendered":"Realengo ganha letreiro instagram\u00e1vel na Pra\u00e7a Padre Miguel"},"content":{"rendered":"\n<p class=\"has-text-align-center\">O vereador Felipe Bor\u00f3, em conjunto com o subprefeito prefeito da Grande Bangu, Robson Chocolate, inaugurou, neste domingo, o ponto instagram\u00e1vel \u201cEu Amo Realengo\u201d, que tem como objetivo ser utilizado para registro de fotografias de moradores e pessoas que circulam pelo bairro.<\/p>\n\n\n\n<p class=\"has-text-align-center\">O marco, comum em centenas de cidades pa\u00eds afora, foi instalado na pra\u00e7a Padre Miguel, vis\u00edvel para quem sobe a avenida Santa Cruz.<\/p>\n\n\n\n<p class=\"has-text-align-center\">A iniciativa, de acordo com Felipe Bor\u00f3, busca resgatar a vida de Realengo, a vida da Pra\u00e7a e, acima de tudo, a vida das pessoas que frequentam o local.<\/p>\n\n\n\n<p class=\"has-text-align-center\">\u201cFizemos um evento lindo com a ben\u00e7\u00e3o do Padre Alessandro da Par\u00f3quia Nsa. da Concei\u00e7\u00e3o e a presen\u00e7a de tantas pessoas que amam Realengo\u201d, disse.<\/p>\n\n\n\n<p class=\"has-text-align-center\">Fonte: Diana Pires<\/p>\n","protected":false},"excerpt":{"rendered":"<p>O vereador Felipe Bor\u00f3, em conjunto com o subprefeito prefeito da Grande Bangu, Robson Chocolate,&#8230;<\/p>\n","protected":false},"author":3,"featured_media":11028,"comment_status":"closed","ping_status":"open","sticky":false,"template":"","format":"standard","meta":{"om_disable_all_campaigns":false,"_monsterinsights_skip_tracking":false,"_monsterinsights_sitenote_active":false,"_monsterinsights_sitenote_note":"","_monsterinsights_sitenote_category":0,"spay_email":""},"categories":[1],"tags":[],"jetpack_featured_media_url":"https:\/\/vimagazine.com.br\/wp-content\/uploads\/2023\/10\/WhatsApp-Image-2023-10-30-at-13.01.54-e1698755508602.jpeg","_links":{"self":[{"href":"https:\/\/vimagazine.com.br\/index.php?rest_route=\/wp\/v2\/posts\/11027"}],"collection":[{"href":"https:\/\/vimagazine.com.br\/index.php?rest_route=\/wp\/v2\/posts"}],"about":[{"href":"https:\/\/vimagazine.com.br\/index.php?rest_route=\/wp\/v2\/types\/post"}],"author":[{"embeddable":true,"href":"https:\/\/vimagazine.com.br\/index.php?rest_route=\/wp\/v2\/users\/3"}],"replies":[{"embeddable":true,"href":"https:\/\/vimagazine.com.br\/index.php?rest_route=%2Fwp%2Fv2%2Fcomments&post=11027"}],"version-history":[{"count":1,"href":"https:\/\/vimagazine.com.br\/index.php?rest_route=\/wp\/v2\/posts\/11027\/revisions"}],"predecessor-version":[{"id":11029,"href":"https:\/\/vimagazine.com.br\/index.php?rest_route=\/wp\/v2\/posts\/11027\/revisions\/11029"}],"wp:featuredmedia":[{"embeddable":true,"href":"https:\/\/vimagazine.com.br\/index.php?rest_route=\/wp\/v2\/media\/11028"}],"wp:attachment":[{"href":"https:\/\/vimagazine.com.br\/index.php?rest_route=%2Fwp%2Fv2%2Fmedia&parent=11027"}],"wp:term":[{"taxonomy":"category","embeddable":true,"href":"https:\/\/vimagazine.com.br\/index.php?rest_route=%2Fwp%2Fv2%2Fcategories&post=11027"},{"taxonomy":"post_tag","embeddable":true,"href":"https:\/\/vimagazine.com.br\/index.php?rest_route=%2Fwp%2Fv2%2Ftags&post=11027"}],"curies":[{"name":"wp","href":"https:\/\/api.w.org\/{rel}","templated":true}]}}