{"id":11065,"date":"2023-11-01T14:05:02","date_gmt":"2023-11-01T17:05:02","guid":{"rendered":"https:\/\/vimagazine.com.br\/?p=11065"},"modified":"2023-11-01T14:07:01","modified_gmt":"2023-11-01T17:07:01","slug":"remo-rocha-que-faz-parte-do-elenco-do-filme-mussum-o-filmis-marcou-presenca-na-pre-estreia","status":"publish","type":"post","link":"https:\/\/vimagazine.com.br\/?p=11065","title":{"rendered":"REMO ROCHA QUE FAZ PARTE DO ELENCO DO FILME &#8220;MUSSUM O FILMIS&#8221; MARCOU PRESEN\u00c7A NA PR\u00c9 ESTREIA\u00a0 \u00a0"},"content":{"rendered":"\n<p><\/p>\n\n\n\n<p><\/p>\n\n\n\n<p><\/p>\n\n\n\n<p style=\"font-size:18px\">Mussum O Filmis teve sua pr\u00e9-estreia nesta segunda dia 30, no Cinemark Downtown. O ator Remo Rocha, que d\u00e1 vida ao Major Silva Lima na cinebiografia do m\u00fasico e comediante, marcou presen\u00e7a no tapete vermelho juntamente com grande parte do elenco. Remo j\u00e1 havia comparecido antes na apresenta\u00e7\u00e3o do filme no Festival do Rio, no Cine Odeon.<\/p>\n\n\n\n<p style=\"font-size:18px\"> Mussum, O Filmis, que arrebatou diversos pr\u00eamios no Festival de Gramado, tem dire\u00e7\u00e3o de S\u00edlvio Guindane e conta com os inspirados Thawan Lucas Bandeira (inf\u00e2ncia), Yuri Mar\u00e7al (jovem) e A\u00edlton Gra\u00e7a (adulto) na pele de Mussum. <em>&#8220;O que poucas pessoas sabem \u00e9 que o jovem Ant\u00f4nio Carlos (Mussum) teve uma breve passagem pela aeron\u00e1utica,&#8221;<\/em> conta o ator, que confidencia ainda ter se inspirado em seu pr\u00f3prio pai para montar o personagem, um oficial da aeron\u00e1utica <em>&#8220;Foi uma honra e uma experi\u00eancia incr\u00edvel encontrar inspira\u00e7\u00e3o no meu pr\u00f3prio pai. Eu herdei o meu nome do meu pai, que por sua vez, herdou do meu av\u00f4 &#8211; ambos Coron\u00e9is reformados do ex\u00e9rcito. Meu pai \u00e9 um homem bom, sens\u00edvel, sempre teve enorme respeito e cuidado com as pessoas mais humildes, \u00e9 dono de um car\u00e1ter e de princ\u00edpios inabal\u00e1veis, e foi um oficial exemplar. Era a refer\u00eancia perfeita para o personagem&#8221;<\/em>. <\/p>\n\n\n\n<p style=\"font-size:18px\">Mussum, O Filmis entra em cartaz em todos os cinemas do pa\u00eds no pr\u00f3ximo dia dois de novembro.<\/p>\n\n\n\n<figure class=\"wp-block-image size-full is-resized\"><img src=\"https:\/\/vimagazine.com.br\/wp-content\/uploads\/2023\/11\/Remo-Rocha-com-o-diretor-Silvio-Guindane-e-o-ator-Ailton-Graca-na-Pre-estreia-do-filme-Screenshot_20231031_093748_WhatsApp.jpg\" alt=\"\" class=\"wp-image-11066\" width=\"840\" height=\"859\" srcset=\"https:\/\/vimagazine.com.br\/wp-content\/uploads\/2023\/11\/Remo-Rocha-com-o-diretor-Silvio-Guindane-e-o-ator-Ailton-Graca-na-Pre-estreia-do-filme-Screenshot_20231031_093748_WhatsApp.jpg 903w, https:\/\/vimagazine.com.br\/wp-content\/uploads\/2023\/11\/Remo-Rocha-com-o-diretor-Silvio-Guindane-e-o-ator-Ailton-Graca-na-Pre-estreia-do-filme-Screenshot_20231031_093748_WhatsApp-293x300.jpg 293w, https:\/\/vimagazine.com.br\/wp-content\/uploads\/2023\/11\/Remo-Rocha-com-o-diretor-Silvio-Guindane-e-o-ator-Ailton-Graca-na-Pre-estreia-do-filme-Screenshot_20231031_093748_WhatsApp-768x786.jpg 768w\" sizes=\"(max-width: 840px) 100vw, 840px\" \/><figcaption>Remo Rocha com o diretor Silvio Guindane e o ator Ailton Gra\u00e7a na pr\u00e9-estreia do filme<\/figcaption><\/figure>\n\n\n\n<p class=\"has-small-font-size\">Fotos: Divulga\u00e7\u00e3o<\/p>\n","protected":false},"excerpt":{"rendered":"<p>Mussum O Filmis teve sua pr\u00e9-estreia nesta segunda dia 30, no Cinemark Downtown. O ator&#8230;<\/p>\n","protected":false},"author":1,"featured_media":11068,"comment_status":"closed","ping_status":"open","sticky":false,"template":"","format":"standard","meta":{"om_disable_all_campaigns":false,"_monsterinsights_skip_tracking":false,"_monsterinsights_sitenote_active":false,"_monsterinsights_sitenote_note":"","_monsterinsights_sitenote_category":0,"spay_email":""},"categories":[1],"tags":[],"jetpack_featured_media_url":"https:\/\/vimagazine.com.br\/wp-content\/uploads\/2023\/11\/Remo-Rocha-e-seu-filho-Renan-Rocha-na-Pre-estreia-do-filme-Screenshot_20231031_093753_WhatsApp.jpg","_links":{"self":[{"href":"https:\/\/vimagazine.com.br\/index.php?rest_route=\/wp\/v2\/posts\/11065"}],"collection":[{"href":"https:\/\/vimagazine.com.br\/index.php?rest_route=\/wp\/v2\/posts"}],"about":[{"href":"https:\/\/vimagazine.com.br\/index.php?rest_route=\/wp\/v2\/types\/post"}],"author":[{"embeddable":true,"href":"https:\/\/vimagazine.com.br\/index.php?rest_route=\/wp\/v2\/users\/1"}],"replies":[{"embeddable":true,"href":"https:\/\/vimagazine.com.br\/index.php?rest_route=%2Fwp%2Fv2%2Fcomments&post=11065"}],"version-history":[{"count":2,"href":"https:\/\/vimagazine.com.br\/index.php?rest_route=\/wp\/v2\/posts\/11065\/revisions"}],"predecessor-version":[{"id":11070,"href":"https:\/\/vimagazine.com.br\/index.php?rest_route=\/wp\/v2\/posts\/11065\/revisions\/11070"}],"wp:featuredmedia":[{"embeddable":true,"href":"https:\/\/vimagazine.com.br\/index.php?rest_route=\/wp\/v2\/media\/11068"}],"wp:attachment":[{"href":"https:\/\/vimagazine.com.br\/index.php?rest_route=%2Fwp%2Fv2%2Fmedia&parent=11065"}],"wp:term":[{"taxonomy":"category","embeddable":true,"href":"https:\/\/vimagazine.com.br\/index.php?rest_route=%2Fwp%2Fv2%2Fcategories&post=11065"},{"taxonomy":"post_tag","embeddable":true,"href":"https:\/\/vimagazine.com.br\/index.php?rest_route=%2Fwp%2Fv2%2Ftags&post=11065"}],"curies":[{"name":"wp","href":"https:\/\/api.w.org\/{rel}","templated":true}]}}