{"id":11095,"date":"2023-11-06T14:00:13","date_gmt":"2023-11-06T17:00:13","guid":{"rendered":"https:\/\/vimagazine.com.br\/?p=11095"},"modified":"2023-11-06T14:44:06","modified_gmt":"2023-11-06T17:44:06","slug":"estilista-guilherme-tavares-lanca-colecao-inspirada-em-oscar-niemeyer-no-open-obra-da-fabrilis-rio-no-casa-shopping","status":"publish","type":"post","link":"https:\/\/vimagazine.com.br\/?p=11095","title":{"rendered":"ESTILISTA GUILHERME TAVARES LAN\u00c7A  COLEC\u00c3O INSPIRADA  EM OSCAR NIEMEYER  NO OPEN OBRA DA FABRILIS RIO &#8211; NO CASA SHOPPING"},"content":{"rendered":"\n<p><\/p>\n\n\n\n<p><\/p>\n\n\n\n<p>A empres\u00e1ria Francine Benelli Moreira, ir\u00e1 receber no dia 29 de Novembro, convidados ilustres no super coquetel que inclui o Whorkshop &#8220;Imers\u00e3o Niemeyer&#8221; com Paulo Niemeyer, a exposi\u00e7\u00e3o com a curadoria das obras do mestre da arquitetura mundial, sorteio de um croqui assinado por ele e um super desfile de alta costura do estilista Guilherme Tavares com a cole\u00e7\u00e3o GT &#8221; Nas Curvas de Niemeyer &#8220;, que usa na<br>paleta de cores preto, branco, cinza, bord\u00f4 e vermelho.<br>A luxuosa cole\u00e7\u00e3o \u00e9 composta por longos exuberantes que enaltecem a beleza feminina atrav\u00e9s de fendas, decotes e caldas que valorizam a silhueta feminina.<\/p>\n\n\n\n<p><strong>GT<\/strong><br>Tomando a Alta Costura como refer\u00eancia, come\u00e7ou a transformar frutas, legumes e hortali\u00e7as em roupas, marcando a transi\u00e7\u00e3o da gastronomia para a moda.<\/p>\n\n\n\n<p>Quando usou tecidos nobres vestiu grandes nomes da cena fashion e celebrities dentre elas; Juliana Paes, Eliana, Ana Hickmann, Sabrina Sato e Luiza Brunet desfilaram com glamour e eleg\u00e2ncia em grandes editoriais de moda, festivais, estreias, red carpet e desfiles assinados por Guilherme, que hoje lidera de forma luxuosa e inusitada a alta moda ecologicamente correta.<\/p>\n\n\n\n<p>Guilherme Tavares \u00e9 um exemplo de que a moda sustent\u00e1vel pode ser aplicada com sucesso, sem perder a beleza e eleg\u00e2ncia. Ele mesmo se define<em>: &#8220;Me preocupo com m\u00e9todos de produ\u00e7\u00e3o que n\u00e3o produzam ou pelo menos minimizem o impacto ambiental&#8221;.<\/em><\/p>\n\n\n\n<p><strong><em>&#8220;N\u00e3o \u00e9 o \u00e2ngulo que me atrai. Nem a linha reta, dura, inflex\u00edvel. O que me atrai \u00e9 a curva sensual que se encontra no corpo da mulher perfeita&#8221;.<\/em><\/strong> (Oscar Niemeyer)<\/p>\n\n\n\n<figure class=\"wp-container-2 wp-block-gallery-1 wp-block-gallery has-nested-images columns-default is-cropped\">\n<figure class=\"wp-block-image size-large\"><img width=\"720\" height=\"1037\" data-id=\"11096\"  src=\"https:\/\/vimagazine.com.br\/wp-content\/uploads\/2023\/11\/WhatsApp-Image-2023-11-06-at-13.10.13-4.jpeg\" alt=\"\" class=\"wp-image-11096\" srcset=\"https:\/\/vimagazine.com.br\/wp-content\/uploads\/2023\/11\/WhatsApp-Image-2023-11-06-at-13.10.13-4.jpeg 720w, https:\/\/vimagazine.com.br\/wp-content\/uploads\/2023\/11\/WhatsApp-Image-2023-11-06-at-13.10.13-4-208x300.jpeg 208w, https:\/\/vimagazine.com.br\/wp-content\/uploads\/2023\/11\/WhatsApp-Image-2023-11-06-at-13.10.13-4-711x1024.jpeg 711w\" sizes=\"(max-width: 720px) 100vw, 720px\" \/><\/figure>\n\n\n\n<figure class=\"wp-block-image size-large\"><img width=\"720\" height=\"426\" data-id=\"11097\"  src=\"https:\/\/vimagazine.com.br\/wp-content\/uploads\/2023\/11\/WhatsApp-Image-2023-11-06-at-13.10.13-3.jpeg\" alt=\"\" class=\"wp-image-11097\" srcset=\"https:\/\/vimagazine.com.br\/wp-content\/uploads\/2023\/11\/WhatsApp-Image-2023-11-06-at-13.10.13-3.jpeg 720w, https:\/\/vimagazine.com.br\/wp-content\/uploads\/2023\/11\/WhatsApp-Image-2023-11-06-at-13.10.13-3-300x178.jpeg 300w\" sizes=\"(max-width: 720px) 100vw, 720px\" \/><\/figure>\n\n\n\n<figure class=\"wp-block-image size-large\"><img width=\"720\" height=\"478\" data-id=\"11098\"  src=\"https:\/\/vimagazine.com.br\/wp-content\/uploads\/2023\/11\/WhatsApp-Image-2023-11-06-at-13.10.13-2.jpeg\" alt=\"\" class=\"wp-image-11098\" srcset=\"https:\/\/vimagazine.com.br\/wp-content\/uploads\/2023\/11\/WhatsApp-Image-2023-11-06-at-13.10.13-2.jpeg 720w, https:\/\/vimagazine.com.br\/wp-content\/uploads\/2023\/11\/WhatsApp-Image-2023-11-06-at-13.10.13-2-300x199.jpeg 300w\" sizes=\"(max-width: 720px) 100vw, 720px\" \/><\/figure>\n\n\n\n<figure class=\"wp-block-image size-large\"><img width=\"870\" height=\"514\" data-id=\"11099\"  src=\"https:\/\/vimagazine.com.br\/wp-content\/uploads\/2023\/11\/WhatsApp-Image-2023-11-06-at-13.10.13-1.jpeg\" alt=\"\" class=\"wp-image-11099\" srcset=\"https:\/\/vimagazine.com.br\/wp-content\/uploads\/2023\/11\/WhatsApp-Image-2023-11-06-at-13.10.13-1.jpeg 870w, https:\/\/vimagazine.com.br\/wp-content\/uploads\/2023\/11\/WhatsApp-Image-2023-11-06-at-13.10.13-1-300x177.jpeg 300w, https:\/\/vimagazine.com.br\/wp-content\/uploads\/2023\/11\/WhatsApp-Image-2023-11-06-at-13.10.13-1-768x454.jpeg 768w\" sizes=\"(max-width: 870px) 100vw, 870px\" \/><\/figure>\n\n\n\n<figure class=\"wp-block-image size-large\"><img width=\"720\" height=\"475\" data-id=\"11100\"  src=\"https:\/\/vimagazine.com.br\/wp-content\/uploads\/2023\/11\/WhatsApp-Image-2023-11-06-at-13.10.13.jpeg\" alt=\"\" class=\"wp-image-11100\" srcset=\"https:\/\/vimagazine.com.br\/wp-content\/uploads\/2023\/11\/WhatsApp-Image-2023-11-06-at-13.10.13.jpeg 720w, https:\/\/vimagazine.com.br\/wp-content\/uploads\/2023\/11\/WhatsApp-Image-2023-11-06-at-13.10.13-300x198.jpeg 300w\" sizes=\"(max-width: 720px) 100vw, 720px\" \/><\/figure>\n<\/figure>\n","protected":false},"excerpt":{"rendered":"<p>A empres\u00e1ria Francine Benelli Moreira, ir\u00e1 receber no dia 29 de Novembro, convidados ilustres no&#8230;<\/p>\n","protected":false},"author":1,"featured_media":11101,"comment_status":"closed","ping_status":"open","sticky":false,"template":"","format":"standard","meta":{"om_disable_all_campaigns":false,"_monsterinsights_skip_tracking":false,"_monsterinsights_sitenote_active":false,"_monsterinsights_sitenote_note":"","_monsterinsights_sitenote_category":0,"spay_email":""},"categories":[1],"tags":[],"jetpack_featured_media_url":"https:\/\/vimagazine.com.br\/wp-content\/uploads\/2023\/11\/WhatsApp-Image-2023-11-06-at-13.10.12.jpeg","_links":{"self":[{"href":"https:\/\/vimagazine.com.br\/index.php?rest_route=\/wp\/v2\/posts\/11095"}],"collection":[{"href":"https:\/\/vimagazine.com.br\/index.php?rest_route=\/wp\/v2\/posts"}],"about":[{"href":"https:\/\/vimagazine.com.br\/index.php?rest_route=\/wp\/v2\/types\/post"}],"author":[{"embeddable":true,"href":"https:\/\/vimagazine.com.br\/index.php?rest_route=\/wp\/v2\/users\/1"}],"replies":[{"embeddable":true,"href":"https:\/\/vimagazine.com.br\/index.php?rest_route=%2Fwp%2Fv2%2Fcomments&post=11095"}],"version-history":[{"count":3,"href":"https:\/\/vimagazine.com.br\/index.php?rest_route=\/wp\/v2\/posts\/11095\/revisions"}],"predecessor-version":[{"id":11104,"href":"https:\/\/vimagazine.com.br\/index.php?rest_route=\/wp\/v2\/posts\/11095\/revisions\/11104"}],"wp:featuredmedia":[{"embeddable":true,"href":"https:\/\/vimagazine.com.br\/index.php?rest_route=\/wp\/v2\/media\/11101"}],"wp:attachment":[{"href":"https:\/\/vimagazine.com.br\/index.php?rest_route=%2Fwp%2Fv2%2Fmedia&parent=11095"}],"wp:term":[{"taxonomy":"category","embeddable":true,"href":"https:\/\/vimagazine.com.br\/index.php?rest_route=%2Fwp%2Fv2%2Fcategories&post=11095"},{"taxonomy":"post_tag","embeddable":true,"href":"https:\/\/vimagazine.com.br\/index.php?rest_route=%2Fwp%2Fv2%2Ftags&post=11095"}],"curies":[{"name":"wp","href":"https:\/\/api.w.org\/{rel}","templated":true}]}}