{"id":11107,"date":"2023-11-07T15:50:30","date_gmt":"2023-11-07T18:50:30","guid":{"rendered":"https:\/\/vimagazine.com.br\/?p=11107"},"modified":"2023-11-07T15:52:15","modified_gmt":"2023-11-07T18:52:15","slug":"havan-se-une-a-ciro-bottini-para-realizar-a-melhor-black-friday-da-historia","status":"publish","type":"post","link":"https:\/\/vimagazine.com.br\/?p=11107","title":{"rendered":"Havan se une a Ciro Bottini para realizar a melhor Black Friday da hist\u00f3ria"},"content":{"rendered":"\n<p><\/p>\n\n\n\n<p class=\"has-medium-font-size\">A Havan lan\u00e7ou a Black Friday mais arrebatadora de todos os tempos. Para isto, convidou o lend\u00e1rio comunicador Ciro Bottini, com mais de 35 anos de experi\u00eancia em vendas, para estrelar a campanha deste ano, que ocorre durante todo o m\u00eas de novembro.<\/p>\n\n\n\n<p class=\"has-medium-font-size\">Bottini, que conquistou o pa\u00eds com sua paix\u00e3o fervorosa por vendas, junta-se, mais uma vez, \u00e0 Havan para apresentar as melhores ofertas e instigar os clientes a &#8220;comprar, comprar, comprar tudo&#8221;. &#8220;\u00c9 uma alegria estar novamente com a Havan e fazer parte desta campanha que est\u00e1 incr\u00edvel e promete ser um sucesso. A Havan j\u00e1 possui uma base de clientes leais, mas, com uma campanha mais robusta como essa, uma presen\u00e7a midi\u00e1tica marcante e um lema audacioso, n\u00e3o tenho d\u00favidas que ir\u00e1 superar todas as expectativas&#8221;, garante.<\/p>\n\n\n\n<p class=\"has-medium-font-size\">Para este ano, ele analisa que a Black Friday ter\u00e1 uma busca ainda maior por ofertas e uma concorr\u00eancia acirrada entre as marcas para conquistar a aten\u00e7\u00e3o do p\u00fablico. &#8220;Portanto, as melhores campanhas e melhores ofertas v\u00e3o sobressair, como as da Havan, que est\u00e3o incr\u00edveis pela qualidade do produto, marca oferecida e pre\u00e7o. A Havan est\u00e1 saindo na frente com for\u00e7a m\u00e1xima&#8221;.<\/p>\n\n\n\n<p class=\"has-medium-font-size\">O dono da Havan, Luciano Hang, ressalta que a Black Friday \u00e9 uma data muito aguardada pelos brasileiros e uma grande oportunidade de vendas para o varejo. &#8220;\u00c9 uma data que tem muito apelo comercial, por isso, ningu\u00e9m melhor do que Bottini para nos ajudar a encantar e realizar desejos dos nossos clientes&#8221;, avalia.<\/p>\n\n\n\n<p class=\"has-medium-font-size\"><strong>Identifica\u00e7\u00e3o com a marca<\/strong><\/p>\n\n\n\n<p class=\"has-medium-font-size\">Bottini iniciou sua jornada como locutor de r\u00e1dio, e posteriormente, al\u00e7ou voo para a televis\u00e3o, onde seguiu com a miss\u00e3o de vender, vender e vender. Para ele, vendas n\u00e3o s\u00e3o apenas um trabalho, s\u00e3o uma paix\u00e3o que corre em suas veias. &#8220;Me identifico muito com a Havan. Muito antes de conhecer o Luciano, j\u00e1 via as entrevistas dele, as lojas, fiz uma palestra para vendedores da Havan e logo de cara percebi que o jeito da Havan \u00e9 o jeito Bottini: informal, muito alegre, divertido, ama vendas, ama produtos, ama clientes, ama promo\u00e7\u00e3o, ama comunicar, ama chamar a aten\u00e7\u00e3o. Ent\u00e3o acho que nossa conex\u00e3o \u00e9 total&#8221;.<\/p>\n\n\n\n<p class=\"has-medium-font-size\"><strong>Produtos mais procurados para data<\/strong><\/p>\n\n\n\n<p class=\"has-medium-font-size\">O blog Havan preparou um post com diversas dicas e produtos mais desejados pelos consumidores para a data. Vale a pena conferir!<\/p>\n\n\n\n<p><a href=\"https:\/\/click.cse360.com.br\/Click\/AddCampaignEmailClick\/75a72a15-46aa-429a-e73b-08dbdc58a5fd\/https%253a%252f%252fblog.havan.com.br%252fprodutos-mais-procurados-na-black-friday%252f\/84a13bf5-1001-4b37-93cf-9aa5931b4a9b\/vimagazine@vimagazine.com.br\/True\" rel=\"noreferrer noopener\" target=\"_blank\">blog.havan.com.br\/produtos-mais-procurados-na-black-friday<\/a><\/p>\n\n\n\n<p><a href=\"https:\/\/click.cse360.com.br\/Click\/AddCampaignEmailClick\/75a72a15-46aa-429a-e73b-08dbdc58a5fd\/https%253a%252f%252fblog.havan.com.br%252fdicas-para-aproveitar-promocoes-da-black-friday%252f\/84a13bf5-1001-4b37-93cf-9aa5931b4a9b\/vimagazine@vimagazine.com.br\/True\" rel=\"noreferrer noopener\" target=\"_blank\">blog.havan.com.br\/dicas-para-aproveitar-promocoes-da-black-friday<\/a><\/p>\n","protected":false},"excerpt":{"rendered":"<p>A Havan lan\u00e7ou a Black Friday mais arrebatadora de todos os tempos. Para isto, convidou&#8230;<\/p>\n","protected":false},"author":1,"featured_media":11110,"comment_status":"closed","ping_status":"open","sticky":false,"template":"","format":"standard","meta":{"om_disable_all_campaigns":false,"_monsterinsights_skip_tracking":false,"_monsterinsights_sitenote_active":false,"_monsterinsights_sitenote_note":"","_monsterinsights_sitenote_category":0,"spay_email":""},"categories":[75,1],"tags":[],"jetpack_featured_media_url":"https:\/\/vimagazine.com.br\/wp-content\/uploads\/2023\/11\/1f240152-1ac2-4023-b301-850deb6e1ef2-1.jpg","_links":{"self":[{"href":"https:\/\/vimagazine.com.br\/index.php?rest_route=\/wp\/v2\/posts\/11107"}],"collection":[{"href":"https:\/\/vimagazine.com.br\/index.php?rest_route=\/wp\/v2\/posts"}],"about":[{"href":"https:\/\/vimagazine.com.br\/index.php?rest_route=\/wp\/v2\/types\/post"}],"author":[{"embeddable":true,"href":"https:\/\/vimagazine.com.br\/index.php?rest_route=\/wp\/v2\/users\/1"}],"replies":[{"embeddable":true,"href":"https:\/\/vimagazine.com.br\/index.php?rest_route=%2Fwp%2Fv2%2Fcomments&post=11107"}],"version-history":[{"count":1,"href":"https:\/\/vimagazine.com.br\/index.php?rest_route=\/wp\/v2\/posts\/11107\/revisions"}],"predecessor-version":[{"id":11109,"href":"https:\/\/vimagazine.com.br\/index.php?rest_route=\/wp\/v2\/posts\/11107\/revisions\/11109"}],"wp:featuredmedia":[{"embeddable":true,"href":"https:\/\/vimagazine.com.br\/index.php?rest_route=\/wp\/v2\/media\/11110"}],"wp:attachment":[{"href":"https:\/\/vimagazine.com.br\/index.php?rest_route=%2Fwp%2Fv2%2Fmedia&parent=11107"}],"wp:term":[{"taxonomy":"category","embeddable":true,"href":"https:\/\/vimagazine.com.br\/index.php?rest_route=%2Fwp%2Fv2%2Fcategories&post=11107"},{"taxonomy":"post_tag","embeddable":true,"href":"https:\/\/vimagazine.com.br\/index.php?rest_route=%2Fwp%2Fv2%2Ftags&post=11107"}],"curies":[{"name":"wp","href":"https:\/\/api.w.org\/{rel}","templated":true}]}}