{"id":11112,"date":"2023-11-07T17:48:38","date_gmt":"2023-11-07T20:48:38","guid":{"rendered":"https:\/\/vimagazine.com.br\/?p=11112"},"modified":"2023-11-07T17:48:39","modified_gmt":"2023-11-07T20:48:39","slug":"tellini-vontobel-de-porto-alegre-assina-paisagismo-de-novo-empreendimento-da-plaenge-em-parceria-com-jordi-castan-da-boa-vista","status":"publish","type":"post","link":"https:\/\/vimagazine.com.br\/?p=11112","title":{"rendered":"Tellini Vontobel, de Porto Alegre, assina paisagismo de novo empreendimento da Plaenge, em parceria com Jordi Castan, da Boa Vista"},"content":{"rendered":"\n<p class=\"has-text-align-center\">Com experi\u00eancia de mais de 30 anos de atendimento a construtoras e incorporadoras, o escrit\u00f3rio Tellini Vontobel Arquitetura, de Porto Alegre, assina o projeto de paisagismo do novo empreendimento da Plaenge em Joinville. <\/p>\n\n\n\n<p class=\"has-text-align-center\"><strong>O residencial Landhaus, lan\u00e7ado em outubro, ter\u00e1 18 pavimentos e unidades entre 148 e 389 metros quadrados. <\/strong><\/p>\n\n\n\n<p class=\"has-text-align-center\">O escrit\u00f3rio vai trabalhar com a consultoria do paisagista Jordi Castan, que comanda a Boa Vista Paisagismo, sediada em Joinville, para adaptar a proposta conceitual da vegeta\u00e7\u00e3o ao cen\u00e1rio e a o clima local, garantindo o uso das esp\u00e9cies mais apropriadas. <\/p>\n\n\n\n<p class=\"has-text-align-center\">Na concep\u00e7\u00e3o do projeto, diz a arquiteta Danielle Auler, o foco da Tellini \u00e9 combinar a vis\u00e3o criativa e t\u00e9cnica do escrit\u00f3rio com a expertise pr\u00e1tica das construtoras, transformando projetos singulares em realidade. <\/p>\n\n\n\n<p class=\"has-text-align-center\"><strong>Confira a entrevista com a arquiteta.<\/strong><\/p>\n\n\n\n<p class=\"has-text-align-center\">Voc\u00ea percebe, atualmente, um maior espa\u00e7o para o paisagismo nos projetos residenciais? A que atribui esse interesse, por parte das construtoras e das fam\u00edlias que procuram uma moradia diferenciada?<br>Com certeza. <\/p>\n\n\n\n<p class=\"has-text-align-center\">As fam\u00edlias procuram espa\u00e7os que promovam a conviv\u00eancia e intera\u00e7\u00e3o, al\u00e9m de detalhes refinados e cen\u00e1rios de encher os olhos. Jardins, p\u00e1tios e \u00e1reas externas devem ser projetados para encontros sociais, contempla\u00e7\u00e3o e descanso, al\u00e9m de possu\u00edrem uma infraestrutura completa.<\/p>\n\n\n\n<p class=\"has-text-align-center\">O que mudou, nos projetos de paisagismo, nos \u00faltimos anos? Ap\u00f3s a pandemia, com as fam\u00edlias mais voltadas \u00e0 casa\/ao local de moradia, o paisagismo ganhou maior relev\u00e2ncia?<br>A pandemia ressaltou a import\u00e2ncia de ter espa\u00e7os ao ar livre para o bem-estar mental. <\/p>\n\n\n\n<p class=\"has-text-align-center\">As fam\u00edlias est\u00e3o mais interessadas em ter acesso a ambientes externos para se desligar do estresse cotidiano e se conectar com a natureza.<\/p>\n\n\n\n<p class=\"has-text-align-center\">Que tend\u00eancias observa neste campo, no Brasil, e o que h\u00e1 de novo na \u00e1rea?<br>Jardins que exploram os sentidos est\u00e3o ganhando popularidade. <\/p>\n\n\n\n<p class=\"has-text-align-center\">Plantas arom\u00e1ticas, texturas naturais e elementos de \u00e1gua s\u00e3o uma abordagem para criar experi\u00eancias sensoriais. <\/p>\n\n\n\n<p class=\"has-text-align-center\">Al\u00e9m disso, as formas org\u00e2nicas inspiradas na natureza e a integra\u00e7\u00e3o m\u00e1xima entre espa\u00e7os internos e externos t\u00eam sido muito fortes nesses \u00faltimos anos.<\/p>\n\n\n\n<p class=\"has-text-align-center\">Em linhas gerais, como descreve o projeto para o novo empreendimento da Plaenge?<br>O projeto de paisagismo trabalha em harmonia com a edifica\u00e7\u00e3o, trazendo percursos instigantes que elevam a experi\u00eancia do morador ao adentrar a \u00e1rea de lazer, reverenciando momentos de pausa e contempla\u00e7\u00e3o.<\/p>\n\n\n\n<p class=\"has-text-align-center\"><strong> As piscinas privilegiam a melhor insola\u00e7\u00e3o, o visual da rua e da copa das \u00e1rvores. <\/strong><\/p>\n\n\n\n<p class=\"has-text-align-center\">A sensa\u00e7\u00e3o de conforto e paz do lar vem da paleta de cores suaves e do contato com o natural por meio de uma vegeta\u00e7\u00e3o abundante e escult\u00f3rica e de elementos naturais, como as rochas e seixos, criando os cen\u00e1rios exuberantes e sofisticados do Landhaus.<\/p>\n\n\n\n<p class=\"has-text-align-center\"><strong>Sobre a Plaenge<\/strong><\/p>\n\n\n\n<p class=\"has-text-align-center\">Fundada por um jovem engenheiro h\u00e1 53 anos, \u00e9 refer\u00eancia no ramo imobili\u00e1rio de alto padr\u00e3o em seis estados brasileiros e no Chile. <\/p>\n\n\n\n<p class=\"has-text-align-center\">Tamb\u00e9m atua nos segmentos industrial e de desenvolvimento urbano. <\/p>\n\n\n\n<p class=\"has-text-align-center\">Ao longo destes anos, somam 6 milh\u00f5es de metros quadrados constru\u00eddos e o marco de mais de 450 empreendimentos residenciais entregues, conquistando a credibilidade de mais de 100 mil clientes. Saiba mais sobre a Plaenge: www.plaenge.com.br<\/p>\n\n\n\n<p class=\"has-text-align-center\">Assessoria de imprensa Plaenge em Santa Catarina. <\/p>\n\n\n\n<p class=\"has-text-align-center\">Jornalista respons\u00e1vel: Guilherme Diefenthaeler <\/p>\n\n\n\n<p class=\"has-text-align-center\">(reg. prof. 6207\/RS).<\/p>\n\n\n\n<p class=\"has-text-align-center\"><\/p>\n\n\n\n<p><\/p>\n","protected":false},"excerpt":{"rendered":"<p>Com experi\u00eancia de mais de 30 anos de atendimento a construtoras e incorporadoras, o escrit\u00f3rio&#8230;<\/p>\n","protected":false},"author":3,"featured_media":11113,"comment_status":"closed","ping_status":"open","sticky":false,"template":"","format":"standard","meta":{"om_disable_all_campaigns":false,"_monsterinsights_skip_tracking":false,"_monsterinsights_sitenote_active":false,"_monsterinsights_sitenote_note":"","_monsterinsights_sitenote_category":0,"spay_email":""},"categories":[1],"tags":[],"jetpack_featured_media_url":"https:\/\/vimagazine.com.br\/wp-content\/uploads\/2023\/11\/WhatsApp-Image-2023-11-07-at-14.24.18-e1699389905443.jpeg","_links":{"self":[{"href":"https:\/\/vimagazine.com.br\/index.php?rest_route=\/wp\/v2\/posts\/11112"}],"collection":[{"href":"https:\/\/vimagazine.com.br\/index.php?rest_route=\/wp\/v2\/posts"}],"about":[{"href":"https:\/\/vimagazine.com.br\/index.php?rest_route=\/wp\/v2\/types\/post"}],"author":[{"embeddable":true,"href":"https:\/\/vimagazine.com.br\/index.php?rest_route=\/wp\/v2\/users\/3"}],"replies":[{"embeddable":true,"href":"https:\/\/vimagazine.com.br\/index.php?rest_route=%2Fwp%2Fv2%2Fcomments&post=11112"}],"version-history":[{"count":1,"href":"https:\/\/vimagazine.com.br\/index.php?rest_route=\/wp\/v2\/posts\/11112\/revisions"}],"predecessor-version":[{"id":11114,"href":"https:\/\/vimagazine.com.br\/index.php?rest_route=\/wp\/v2\/posts\/11112\/revisions\/11114"}],"wp:featuredmedia":[{"embeddable":true,"href":"https:\/\/vimagazine.com.br\/index.php?rest_route=\/wp\/v2\/media\/11113"}],"wp:attachment":[{"href":"https:\/\/vimagazine.com.br\/index.php?rest_route=%2Fwp%2Fv2%2Fmedia&parent=11112"}],"wp:term":[{"taxonomy":"category","embeddable":true,"href":"https:\/\/vimagazine.com.br\/index.php?rest_route=%2Fwp%2Fv2%2Fcategories&post=11112"},{"taxonomy":"post_tag","embeddable":true,"href":"https:\/\/vimagazine.com.br\/index.php?rest_route=%2Fwp%2Fv2%2Ftags&post=11112"}],"curies":[{"name":"wp","href":"https:\/\/api.w.org\/{rel}","templated":true}]}}