{"id":11123,"date":"2023-11-08T14:38:21","date_gmt":"2023-11-08T17:38:21","guid":{"rendered":"https:\/\/vimagazine.com.br\/?p=11123"},"modified":"2023-11-08T14:38:22","modified_gmt":"2023-11-08T17:38:22","slug":"festa-de-1-milhao-de-seguidores-da-mae-de-santo-dos-famosos","status":"publish","type":"post","link":"https:\/\/vimagazine.com.br\/?p=11123","title":{"rendered":"Festa de 1 Milh\u00e3o de seguidores da M\u00e3e de Santo dos Famosos"},"content":{"rendered":"\n<p><img src=\"https:\/\/outlook.live.com\/f242d16d-0ed3-433f-8122-dba654fe7b57\" alt=\"\"><\/p>\n\n\n\n<figure class=\"wp-block-image aligncenter size-large is-resized\"><img src=\"https:\/\/vimagazine.com.br\/wp-content\/uploads\/2023\/11\/WhatsApp-Image-2023-11-08-at-08.34.54-2-1024x682.jpeg\" alt=\"\" class=\"wp-image-11124\" width=\"535\" height=\"356\" srcset=\"https:\/\/vimagazine.com.br\/wp-content\/uploads\/2023\/11\/WhatsApp-Image-2023-11-08-at-08.34.54-2-1024x682.jpeg 1024w, https:\/\/vimagazine.com.br\/wp-content\/uploads\/2023\/11\/WhatsApp-Image-2023-11-08-at-08.34.54-2-300x200.jpeg 300w, https:\/\/vimagazine.com.br\/wp-content\/uploads\/2023\/11\/WhatsApp-Image-2023-11-08-at-08.34.54-2-768x512.jpeg 768w, https:\/\/vimagazine.com.br\/wp-content\/uploads\/2023\/11\/WhatsApp-Image-2023-11-08-at-08.34.54-2-1536x1023.jpeg 1536w, https:\/\/vimagazine.com.br\/wp-content\/uploads\/2023\/11\/WhatsApp-Image-2023-11-08-at-08.34.54-2.jpeg 1600w\" sizes=\"(max-width: 535px) 100vw, 535px\" \/><\/figure>\n\n\n\n<p>A M\u00e3e de Santo dos famosos, Michelly da Cigana, comemorou em grande estilo o marco de 1 Milh\u00e3o de seguidores em seu instagram @maemichellydacigana . Para celebrar este momento especial promoveu uma festa para todos os colaboradores da Magia Cigana e amigos pr\u00f3ximos.<\/p>\n\n\n\n<p>&#8220;Muito grata a todos voc\u00eas, amigos e seguidores que fazem parte desta hist\u00f3ria&#8221; postou M\u00e3e Michelly em suas redes sociais.<\/p>\n","protected":false},"excerpt":{"rendered":"<p>A M\u00e3e de Santo dos famosos, Michelly da Cigana, comemorou em grande estilo o marco&#8230;<\/p>\n","protected":false},"author":19,"featured_media":11125,"comment_status":"closed","ping_status":"open","sticky":false,"template":"","format":"standard","meta":{"om_disable_all_campaigns":false,"_monsterinsights_skip_tracking":false,"_monsterinsights_sitenote_active":false,"_monsterinsights_sitenote_note":"","_monsterinsights_sitenote_category":0,"spay_email":""},"categories":[26],"tags":[],"jetpack_featured_media_url":"https:\/\/vimagazine.com.br\/wp-content\/uploads\/2023\/11\/WhatsApp-Image-2023-11-08-at-08.34.54.jpeg","_links":{"self":[{"href":"https:\/\/vimagazine.com.br\/index.php?rest_route=\/wp\/v2\/posts\/11123"}],"collection":[{"href":"https:\/\/vimagazine.com.br\/index.php?rest_route=\/wp\/v2\/posts"}],"about":[{"href":"https:\/\/vimagazine.com.br\/index.php?rest_route=\/wp\/v2\/types\/post"}],"author":[{"embeddable":true,"href":"https:\/\/vimagazine.com.br\/index.php?rest_route=\/wp\/v2\/users\/19"}],"replies":[{"embeddable":true,"href":"https:\/\/vimagazine.com.br\/index.php?rest_route=%2Fwp%2Fv2%2Fcomments&post=11123"}],"version-history":[{"count":1,"href":"https:\/\/vimagazine.com.br\/index.php?rest_route=\/wp\/v2\/posts\/11123\/revisions"}],"predecessor-version":[{"id":11126,"href":"https:\/\/vimagazine.com.br\/index.php?rest_route=\/wp\/v2\/posts\/11123\/revisions\/11126"}],"wp:featuredmedia":[{"embeddable":true,"href":"https:\/\/vimagazine.com.br\/index.php?rest_route=\/wp\/v2\/media\/11125"}],"wp:attachment":[{"href":"https:\/\/vimagazine.com.br\/index.php?rest_route=%2Fwp%2Fv2%2Fmedia&parent=11123"}],"wp:term":[{"taxonomy":"category","embeddable":true,"href":"https:\/\/vimagazine.com.br\/index.php?rest_route=%2Fwp%2Fv2%2Fcategories&post=11123"},{"taxonomy":"post_tag","embeddable":true,"href":"https:\/\/vimagazine.com.br\/index.php?rest_route=%2Fwp%2Fv2%2Ftags&post=11123"}],"curies":[{"name":"wp","href":"https:\/\/api.w.org\/{rel}","templated":true}]}}