{"id":11130,"date":"2023-11-09T08:01:11","date_gmt":"2023-11-09T11:01:11","guid":{"rendered":"https:\/\/vimagazine.com.br\/?p=11130"},"modified":"2023-11-09T08:02:05","modified_gmt":"2023-11-09T11:02:05","slug":"ajorpeme-e-instituto-ajorpeme-se-preparam-para-eleicao-da-gestao-2024","status":"publish","type":"post","link":"https:\/\/vimagazine.com.br\/?p=11130","title":{"rendered":"Ajorpeme e Instituto Ajorpeme se preparam para elei\u00e7\u00e3o da gest\u00e3o 2024"},"content":{"rendered":"\n<p class=\"has-text-align-left\">Ao chegar aos 40 anos em 2024, a Ajorpeme (Associa\u00e7\u00e3o de Joinville e Regi\u00e3o da Pequena, Micro e M\u00e9dia Empresa) programou a elei\u00e7\u00e3o da nova diretoria para 30 de novembro. <\/p>\n\n\n\n<p class=\"has-text-align-left\">Na data, tamb\u00e9m ser\u00e3o escolhidos os integrantes da Diretoria Executiva, Conselho Deliberativo e Conselho Fiscal. <\/p>\n\n\n\n<p class=\"has-text-align-left\">Em chapa \u00fanica, a empres\u00e1ria e atual vice-presidente de eventos, Patricia Furlan Hille, \u00e9 a candidata a presidente da entidade.\u00a0<\/p>\n\n\n\n<p class=\"has-text-align-left\">O l\u00edder do\u00a0Instituto Ajorpeme ser\u00e1 o atual vice-presidente,\u00a0Diego da Silva. <\/p>\n\n\n\n<p class=\"has-text-align-left\"><strong>O jantar de posse est\u00e1 agendado para 8 de fevereiro. <\/strong><\/p>\n\n\n\n<p class=\"has-text-align-left\"><strong>A vota\u00e7\u00e3o \u00e9 aberta para todos os associados e ocorre na sede da Ajorpeme, em Joinville, das 8h \u00e0s 19h.<\/strong><\/p>\n\n\n\n<p class=\"has-text-align-left\">Atualmente com mais de 2,2 mil associados, a Ajorpeme tem 13 N\u00facleos Setoriais, com empreendedores que buscam networking, capacita\u00e7\u00f5es, expans\u00e3o e crescimento.&nbsp;<\/p>\n\n\n\n<p class=\"has-text-align-left\"><strong>Conhe\u00e7a os candidatos<\/strong><\/p>\n\n\n\n<figure class=\"wp-block-image size-large\"><img width=\"974\" height=\"1024\" src=\"https:\/\/vimagazine.com.br\/wp-content\/uploads\/2023\/11\/Patricia-Furlan-Hille-974x1024.jpg\" alt=\"\" class=\"wp-image-11132\" srcset=\"https:\/\/vimagazine.com.br\/wp-content\/uploads\/2023\/11\/Patricia-Furlan-Hille-974x1024.jpg 974w, https:\/\/vimagazine.com.br\/wp-content\/uploads\/2023\/11\/Patricia-Furlan-Hille-285x300.jpg 285w, https:\/\/vimagazine.com.br\/wp-content\/uploads\/2023\/11\/Patricia-Furlan-Hille-768x807.jpg 768w, https:\/\/vimagazine.com.br\/wp-content\/uploads\/2023\/11\/Patricia-Furlan-Hille-1462x1536.jpg 1462w, https:\/\/vimagazine.com.br\/wp-content\/uploads\/2023\/11\/Patricia-Furlan-Hille-1024x1076.jpg 1024w, https:\/\/vimagazine.com.br\/wp-content\/uploads\/2023\/11\/Patricia-Furlan-Hille.jpg 1827w\" sizes=\"(max-width: 974px) 100vw, 974px\" \/><\/figure>\n\n\n\n<p><strong>Ajorpeme<\/strong><\/p>\n\n\n\n<p><strong>Patricia Furlan Hille<\/strong><\/p>\n\n\n\n<ul><li>s\u00f3cia das empresas Ice Machine Refrigera\u00e7\u00e3o, Laminat Casa e Patr\u00edcia Furlan Eventos Sociais<\/li><li>Associada \u00e0 Ajorpeme desde 2014, \u00e9 membro da Diretoria Executiva desde 2018 (Instituto Ajorpeme, N\u00facleos, Comercial e Eventos), j\u00e1 foi presidente do N\u00facleo de Eventos e atualmente \u00e9 vice-presidente de eventos<\/li><li>Bacharel em turismo e lazer (Furb) e p\u00f3s-gradua\u00e7\u00e3o em gest\u00e3o de neg\u00f3cios (Sustentare)<\/li><li>Membro da Fampesc&nbsp;<\/li><li>Natural de Joinville, ela \u00e9 casada e empreendedora desde 2003 nos setores de com\u00e9rcio e servi\u00e7os<\/li><\/ul>\n\n\n\n<p><strong>Instituto Ajorpeme<\/strong><\/p>\n\n\n\n<figure class=\"wp-block-image size-large\"><img width=\"974\" height=\"1024\" src=\"https:\/\/vimagazine.com.br\/wp-content\/uploads\/2023\/11\/Diego-da-Silva-1-974x1024.jpg\" alt=\"\" class=\"wp-image-11133\" srcset=\"https:\/\/vimagazine.com.br\/wp-content\/uploads\/2023\/11\/Diego-da-Silva-1-974x1024.jpg 974w, https:\/\/vimagazine.com.br\/wp-content\/uploads\/2023\/11\/Diego-da-Silva-1-285x300.jpg 285w, https:\/\/vimagazine.com.br\/wp-content\/uploads\/2023\/11\/Diego-da-Silva-1-768x807.jpg 768w, https:\/\/vimagazine.com.br\/wp-content\/uploads\/2023\/11\/Diego-da-Silva-1-1462x1536.jpg 1462w, https:\/\/vimagazine.com.br\/wp-content\/uploads\/2023\/11\/Diego-da-Silva-1-1024x1076.jpg 1024w, https:\/\/vimagazine.com.br\/wp-content\/uploads\/2023\/11\/Diego-da-Silva-1.jpg 1827w\" sizes=\"(max-width: 974px) 100vw, 974px\" \/><\/figure>\n\n\n\n<p><strong>Diego da Silva<\/strong><\/p>\n\n\n\n<ul><li>Acumula as fun\u00e7\u00f5es de administrador e consultor s\u00eanior nas \u00e1reas de gest\u00e3o, custos e finan\u00e7as da Otimize<\/li><li>faz parte do corpo docente da Unisociesc lecionando as cadeiras de finan\u00e7as, custos e contabilidade, como tamb\u00e9m para FGV no ensino de administra\u00e7\u00e3o\u00a0<\/li><li>administrador com MBA em gest\u00e3o financeira, controladoria e auditoria pela FGV, MBA em finan\u00e7as e educa\u00e7\u00e3o financeira pela Unisinos e mestre em engenharia da produ\u00e7\u00e3o<\/li><li><\/li><li>Fonte: Poliana Santos.<\/li><\/ul>\n","protected":false},"excerpt":{"rendered":"<p>Ao chegar aos 40 anos em 2024, a Ajorpeme (Associa\u00e7\u00e3o de Joinville e Regi\u00e3o da&#8230;<\/p>\n","protected":false},"author":3,"featured_media":11128,"comment_status":"closed","ping_status":"open","sticky":false,"template":"","format":"standard","meta":{"om_disable_all_campaigns":false,"_monsterinsights_skip_tracking":false,"_monsterinsights_sitenote_active":false,"_monsterinsights_sitenote_note":"","_monsterinsights_sitenote_category":0,"spay_email":""},"categories":[1],"tags":[],"jetpack_featured_media_url":"https:\/\/vimagazine.com.br\/wp-content\/uploads\/2023\/11\/Candidatos-para-gestao-2024-e1699527054725.jpg","_links":{"self":[{"href":"https:\/\/vimagazine.com.br\/index.php?rest_route=\/wp\/v2\/posts\/11130"}],"collection":[{"href":"https:\/\/vimagazine.com.br\/index.php?rest_route=\/wp\/v2\/posts"}],"about":[{"href":"https:\/\/vimagazine.com.br\/index.php?rest_route=\/wp\/v2\/types\/post"}],"author":[{"embeddable":true,"href":"https:\/\/vimagazine.com.br\/index.php?rest_route=\/wp\/v2\/users\/3"}],"replies":[{"embeddable":true,"href":"https:\/\/vimagazine.com.br\/index.php?rest_route=%2Fwp%2Fv2%2Fcomments&post=11130"}],"version-history":[{"count":1,"href":"https:\/\/vimagazine.com.br\/index.php?rest_route=\/wp\/v2\/posts\/11130\/revisions"}],"predecessor-version":[{"id":11134,"href":"https:\/\/vimagazine.com.br\/index.php?rest_route=\/wp\/v2\/posts\/11130\/revisions\/11134"}],"wp:featuredmedia":[{"embeddable":true,"href":"https:\/\/vimagazine.com.br\/index.php?rest_route=\/wp\/v2\/media\/11128"}],"wp:attachment":[{"href":"https:\/\/vimagazine.com.br\/index.php?rest_route=%2Fwp%2Fv2%2Fmedia&parent=11130"}],"wp:term":[{"taxonomy":"category","embeddable":true,"href":"https:\/\/vimagazine.com.br\/index.php?rest_route=%2Fwp%2Fv2%2Fcategories&post=11130"},{"taxonomy":"post_tag","embeddable":true,"href":"https:\/\/vimagazine.com.br\/index.php?rest_route=%2Fwp%2Fv2%2Ftags&post=11130"}],"curies":[{"name":"wp","href":"https:\/\/api.w.org\/{rel}","templated":true}]}}