{"id":11182,"date":"2023-11-11T12:54:02","date_gmt":"2023-11-11T15:54:02","guid":{"rendered":"https:\/\/vimagazine.com.br\/?p=11182"},"modified":"2023-11-11T12:54:05","modified_gmt":"2023-11-11T15:54:05","slug":"a-magia-do-natal-chega-aos-shoppings-da-multiplan-em-sao-paulo-e-no-abc","status":"publish","type":"post","link":"https:\/\/vimagazine.com.br\/?p=11182","title":{"rendered":"A magia do Natal chega aos Shoppings da Multiplan em S\u00e3o Paulo e no ABC"},"content":{"rendered":"\n<p><\/p>\n\n\n\n<p class=\"has-text-align-center has-medium-font-size\"><em>Cada empreendimento encantar\u00e1 o p\u00fablico com a ess\u00eancia do bom velhinho <\/em><\/p>\n\n\n\n<p class=\"has-text-align-center has-medium-font-size\"><em>de diversas maneiras e gostos<\/em><\/p>\n\n\n\n<p><\/p>\n\n\n\n<figure class=\"wp-block-table\"><table><tbody><tr><td>A \u00e9poca mais brilhante e familiar chegou e os Shoppings da rede Multiplan em S\u00e3o Paulo e no ABC &#8211; MorumbiShopping, Shopping Vila Ol\u00edmpia, Shopping An\u00e1lia Franco e ParkShopping S\u00e3o Caetano &#8211; estreiam suas decora\u00e7\u00f5es natalinas neste m\u00eas de novembro com diversas atra\u00e7\u00f5es e intera\u00e7\u00f5es para toda fam\u00edlia entrar no clima m\u00e1gico e esperan\u00e7oso.<br>O Natal no&nbsp;<strong>MorumbiShopping&nbsp;<\/strong>apresenta um ar adocicado com o tema&nbsp;<strong>&#8220;Candy Christmas&#8221;<\/strong>, a partir do dia<strong>&nbsp;11 de novembro<\/strong>, com direito a um espet\u00e1culo in\u00e9dito &#8220;Uma Del\u00edcia de Natal&#8221;, show de luzes, v\u00f4o por cima da super \u00e1rvore de 40 metros e fogos de artif\u00edcio. A decora\u00e7\u00e3o traz elementos dos saborosos doces, como pirulitos, balas, bombons e, al\u00e9m disso, para entreter toda a fam\u00edlia, ao passear pelo mall n\u00e3o passar\u00e1 despercebido o Parquinho de Divers\u00f5es, a Oficina de biscoitos, a Esta\u00e7\u00e3o de Cartinhas para o Papai Noel e os Totens para registrar a famosa foto natalina.&nbsp;O Papai Noel receber\u00e1 os clientes para as fotos em seu tradicional trono, que ter\u00e1 tamb\u00e9m uma vers\u00e3o exclusiva para os pets, a partir do dia&nbsp;<strong>12 de novembro, no hor\u00e1rio de funcionamento do shopping<\/strong>.<br>No&nbsp;<strong>Shopping Vila Ol\u00edmpia<\/strong>, o Natal \u00e9 recheado de inspira\u00e7\u00f5es da capital inglesa, com o tema&nbsp;<strong>&#8220;London Christmas&#8221;<\/strong>. Os clientes poder\u00e3o aproveitar shows especiais, Roda Gigante solid\u00e1ria e Paradas Musicais de Natal, a partir do dia&nbsp;<strong>11 de novembro<\/strong>. A viagem fascinante para a cidade da resid\u00eancia real brit\u00e2nica, apresenta na Pra\u00e7a de Eventos uma&nbsp;<strong>caixa interativa de 3 metros de altura,<\/strong>&nbsp;que abre espa\u00e7o para um t\u00fanel cheio de luzes, festas e bolas natalinas. Al\u00e9m disso, ela \u00e9 a base para a grande&nbsp;<strong>\u00e1rvore de Natal com 8 metros de altura<\/strong>. Ainda, o mall preparou um&nbsp;<strong>cen\u00e1rio intagram\u00e1vel&nbsp;<\/strong>com&nbsp;<strong>Soldados da Guarda Real<\/strong>, com quase 2 metros de altura, e a famosa&nbsp;<strong>Cabine Telef\u00f4nica de Londres<\/strong>. Para os pequenos garantirem o pedido deste ano,&nbsp;<strong>o Bom velhinho chega ao mall no dia 12 de novembro<\/strong>, no 3\u00ba Piso, que al\u00e9m do seu tradicional trono duplo para fotos, contar\u00e1 com uma vers\u00e3o exclusiva para os pets.<br>As borboletas aterrissaram no<strong>&nbsp;Shopping An\u00e1lia Franco<\/strong>! A partir do dia&nbsp;<strong>10 de novembro<\/strong>, com uma decora\u00e7\u00e3o in\u00e9dita e l\u00fadica que pode ser vista da entrada do empreendimento, o<strong>&nbsp;&#8220;Reino Encantado das Borboletas&#8221;<\/strong>&nbsp;ir\u00e1 encantar todos os visitantes e traz a borboleta como s\u00edmbolo principal, por ser sin\u00f4nimo de transforma\u00e7\u00e3o, transmitindo votos de felicidade e renova\u00e7\u00e3o para o pr\u00f3ximo ano.&nbsp;<strong>Na Pra\u00e7a de Eventos, cora\u00e7\u00e3o do Reino Encantado, os destaques s\u00e3o as duas torres m\u00e1gicas.&nbsp;<\/strong>Em uma delas os&nbsp;<strong>pequenos poder\u00e3o subir para entrar na grande \u00e1rvore de 12m de altura e descer por um incr\u00edvel tobog\u00e3<\/strong>&nbsp;e na outra, um Papai Noel cenogr\u00e1fico completa o cen\u00e1rio. Para completar, outras brincadeiras como gira-gira, um t\u00fanel em formato de tronco, mini escorregador, parede sensorial, balan\u00e7o acess\u00edvel para cadeirantes, tamb\u00e9m estar\u00e3o dispon\u00edveis gratuitamente para animar as crian\u00e7as.&nbsp;<strong>A Chegada do Papai Noel acontece tamb\u00e9m no dia 10, \u00e0s 16h<\/strong>, com o bom velhinho aparecendo na decora\u00e7\u00e3o junto com uma linda chuva de 3 mil bal\u00f5es.<br><strong>&#8220;Passeios pelas Vitrines de Natal&#8221;<\/strong>&nbsp;\u00e9 o tema da decora\u00e7\u00e3o do&nbsp;<strong>ParkShopping S\u00e3o Caetano, que&nbsp;<\/strong>a partir do dia&nbsp;<strong>10 de novembro<\/strong>&nbsp;apresenta ao p\u00fablico a encantadora decora\u00e7\u00e3o<strong>&nbsp;<\/strong>inspirada nas vitrines das grandes lojas de departamento de Nova York. O tradicional carrossel &#8211;&nbsp; acess\u00edvel para cadeirantes &#8211; estar\u00e1 presente e, sobre ele, a grande \u00e1rvore com 11 metros de altura. Os clientes ainda poder\u00e3o passear pelas seis vitrines tem\u00e1ticas: Pres\u00e9pio, Doces, Sala do Noel, Brinquedos, Quebra Nozes e Sala de Jantar. Na \u00e1rea externa do shopping, as \u00e1rvores e palmeiras ser\u00e3o iluminadas, e as principais fachadas do empreendimento ter\u00e3o cascatas de luzes e strobos. Al\u00e9m disso, os pequenos podem se divertir nos Jogos da Velha e da Mem\u00f3ria. No pr\u00f3ximo dia&nbsp;<strong>15 de novembro, \u00e0s 16h<\/strong>, uma animada banda e personagens de Natal recebem o Papai Noel para realizar um desfile pelos corredores at\u00e9 chegar no trono, que tamb\u00e9m ter\u00e1 uma vers\u00e3o para os pets.&nbsp;<br>Para saber mais informa\u00e7\u00f5es sobre as a\u00e7\u00f5es natalinas nos Shoppings da Multiplan, s\u00f3 conferir a seguir:<\/td><\/tr><\/tbody><\/table><\/figure>\n\n\n\n<figure class=\"wp-block-table\"><table><tbody><tr><td><strong>1 &#8211; MORUMBISHOPPING\/ZONA SUL &#8211; Candy Christmas \u2013\u00a0<em>End:\u00a0<\/em><\/strong><em>Av. Roque Petroni J\u00fanior, 1.089 &#8211; Jardim das Ac\u00e1cias \u2013 CEP: 04707-900 &#8211; S\u00e3o Paulo \u2013 SP\u00a0<\/em><a href=\"https:\/\/click.cse360.com.br\/Click\/AddCampaignEmailClick\/04ceb73a-d21b-4472-e113-08dbe132e869\/https%253a%252f%252fwww.morumbishopping.com.br%252f\/84a13bf5-1001-4b37-93cf-9aa5931b4a9b\/vimagazine@vimagazine.com.br\/True\" target=\"_blank\" rel=\"noreferrer noopener\"><em>https:\/\/www.morumbishopping.com.br\/<\/em><\/a><strong><em>\u00a0@morumbishopping #eunombs<\/em><\/strong><br><\/td><\/tr><\/tbody><\/table><\/figure>\n\n\n\n<figure class=\"wp-container-2 wp-block-gallery-1 wp-block-gallery has-nested-images columns-default is-cropped\">\n<figure class=\"wp-block-image size-large\"><img width=\"1073\" height=\"1920\" data-id=\"11183\"  src=\"https:\/\/vimagazine.com.br\/wp-content\/uploads\/2023\/11\/7ec565c6-0144-4926-9309-758de05917b4.jpeg\" alt=\"\" class=\"wp-image-11183\" srcset=\"https:\/\/vimagazine.com.br\/wp-content\/uploads\/2023\/11\/7ec565c6-0144-4926-9309-758de05917b4.jpeg 1073w, https:\/\/vimagazine.com.br\/wp-content\/uploads\/2023\/11\/7ec565c6-0144-4926-9309-758de05917b4-168x300.jpeg 168w, https:\/\/vimagazine.com.br\/wp-content\/uploads\/2023\/11\/7ec565c6-0144-4926-9309-758de05917b4-572x1024.jpeg 572w, https:\/\/vimagazine.com.br\/wp-content\/uploads\/2023\/11\/7ec565c6-0144-4926-9309-758de05917b4-768x1374.jpeg 768w, https:\/\/vimagazine.com.br\/wp-content\/uploads\/2023\/11\/7ec565c6-0144-4926-9309-758de05917b4-858x1536.jpeg 858w, https:\/\/vimagazine.com.br\/wp-content\/uploads\/2023\/11\/7ec565c6-0144-4926-9309-758de05917b4-1024x1832.jpeg 1024w\" sizes=\"(max-width: 1073px) 100vw, 1073px\" \/><\/figure>\n\n\n\n<figure class=\"wp-block-image size-large\"><img width=\"1440\" height=\"1920\" data-id=\"11184\"  src=\"https:\/\/vimagazine.com.br\/wp-content\/uploads\/2023\/11\/8b642c8d-e05b-455d-bb0e-02fa3996dc6e.jpeg\" alt=\"\" class=\"wp-image-11184\" srcset=\"https:\/\/vimagazine.com.br\/wp-content\/uploads\/2023\/11\/8b642c8d-e05b-455d-bb0e-02fa3996dc6e.jpeg 1440w, https:\/\/vimagazine.com.br\/wp-content\/uploads\/2023\/11\/8b642c8d-e05b-455d-bb0e-02fa3996dc6e-225x300.jpeg 225w, https:\/\/vimagazine.com.br\/wp-content\/uploads\/2023\/11\/8b642c8d-e05b-455d-bb0e-02fa3996dc6e-768x1024.jpeg 768w, https:\/\/vimagazine.com.br\/wp-content\/uploads\/2023\/11\/8b642c8d-e05b-455d-bb0e-02fa3996dc6e-1152x1536.jpeg 1152w, https:\/\/vimagazine.com.br\/wp-content\/uploads\/2023\/11\/8b642c8d-e05b-455d-bb0e-02fa3996dc6e-1024x1365.jpeg 1024w\" sizes=\"(max-width: 1440px) 100vw, 1440px\" \/><\/figure>\n<\/figure>\n\n\n\n<figure class=\"wp-block-table\"><table><tbody><tr><td><br><strong>Data:<\/strong>\u00a011 de novembro a 30 de dezembro de 2023<br><strong>Show de abertura<\/strong>\u00a0&#8211;\u00a0 11\/11 \u00e0s 19h &#8211; Cortejo com dan\u00e7arinos e m\u00fasica, espet\u00e1culo &#8220;Uma Del\u00edcia de Natal&#8221;, com um enredo envolvente e emocionante, em que os personagens principais da hist\u00f3ria que contar\u00e3o com a ajuda do p\u00fablico e\u00a0com um voo super especial para acender as luzes da \u00e1rvore Natal, seguido de\u00a0fogos de artif\u00edcio. Atrium externo,portaria C;<br><strong>Apresenta\u00e7\u00f5es Natalinas:<\/strong>\u00a012\/11, 15\/11, 17\/11, 18\/11, 19\/11, 24\/11, 25\/11, 26\/11, 01\/12, 02\/12, 03\/12, 08\/12, 09\/12, 10\/12, 15\/12, 16\/12, 17\/12, 22\/12, e 23\/12, com sess\u00f5es previstas para 15h, 17h e 19h. Exceto \u00e0s sextas-feiras de novembro que ter\u00e1 apenas a sess\u00e3o das 19h;<br><strong>Parquinho de divers\u00f5es:\u00a0<\/strong>Logo ap\u00f3s o espet\u00e1culo, a partir das 20h, o parquinho come\u00e7ar\u00e1 a funcionar e oferecer\u00e1 aos clientes op\u00e7\u00f5es divertidas como roda gigante, trenzinho, x\u00edcara maluca e carrossel &#8211; al\u00e9m de um quiosque de guloseimas. As atra\u00e7\u00f5es s\u00e3o pagas e os valores s\u00e3o a partir de R$20, com descontos pelo app Multi;<br><strong>Papai Noel:\u00a0<\/strong>12\/11 a 23\/11 &#8211; hor\u00e1rio de funcionamento do shopping &#8211; Trono para fotos e trono especial para pets,\u00a0caixa de correios para receber todas as cartinhas e um cesto de chupetas, para os pequenos. Piso superior;<br><strong>Oficinas Biscoitos \u2013\u00a0<\/strong>todos os s\u00e1bados e domingos com sess\u00f5es de 30min, das 12h \u00e0s 20h (sendo a \u00faltima sess\u00e3o \u00e0s 19h30) &#8211; Cada crian\u00e7a receber\u00e1 3 bolachas sem recheio em formatos natalinos para decorar com chocolates coloridos. Ao final, poder\u00e1 levar para casa suas bolachas personalizadas. Piso superior, no corredor do Centro Ecum\u00eanico;<br><strong>Esta\u00e7\u00e3o<\/strong>\u00a0<strong>Cartinha para Papai Noel:<\/strong>\u00a0Todos os dias, conforme hor\u00e1rio de funcionamento do shopping. Piso superior, bem pr\u00f3ximo ao trono do Noel;<br><strong>Totem de Fotos:\u00a0<\/strong>a partir do dia 17\/11 at\u00e9 30\/12 &#8211; Totem para foto digital.Ativa\u00e7\u00e3o via app Multi. Piso Lazer (v\u00e3o dos elevadores);<br><strong>Totem Ajudante do Papai Noel:\u00a0<\/strong>a partir do dia 17\/11 at\u00e9 30\/12, conforme hor\u00e1rio de funcionamento do shopping &#8211; Um totem especial para os pequenos tirarem fotos e recebem uma carteirinha f\u00edsica oficial de ajudante. Ativa\u00e7\u00e3o via app Multi. Piso Lazer (v\u00e3o dos elevadores);<br><strong>Hor\u00e1rio de Funcionamento do Shopping:\u00a0<\/strong>Segunda a s\u00e1bado, das 10h \u00e0s 22h, domingos e feriados, das 14h \u00e0s 20h<strong>Hor\u00e1rio Especial:<\/strong>\u00a0a partir do dia 06\/12 at\u00e9 23\/12, de segunda a sexta, das 10h \u00e0s 23h, domingos, das 10h \u00e0s 21h, dia 24\/12, das 09h \u00e0s 18h e dia 31\/12, das 10h \u00e0s 16h.#EunoMBS #NataldoMBS<\/td><\/tr><\/tbody><\/table><\/figure>\n\n\n\n<figure class=\"wp-block-table\"><table><tbody><tr><td><strong>2 &#8211; SHOPPING VILA OL\u00cdMPIA\/ZONA SUL-OESTE &#8211; &#8220;London Christmas&#8221; &#8211;&nbsp;<em>End:<\/em><\/strong><em>&nbsp;Rua Olimp\u00edadas, 360 &#8211; Vila Ol\u00edmpia &#8211; CEP: 04551-000 &#8211; S\u00e3o Paulo \u2013 SP&nbsp;<\/em><a href=\"https:\/\/click.cse360.com.br\/Click\/AddCampaignEmailClick\/04ceb73a-d21b-4472-e113-08dbe132e869\/https%253a%252f%252fwww.shoppingvilaolimpia.com.br%252f\/84a13bf5-1001-4b37-93cf-9aa5931b4a9b\/vimagazine@vimagazine.com.br\/True\" rel=\"noreferrer noopener\" target=\"_blank\">https:\/\/www.shoppingvilaolimpia.com.br\/<\/a><strong>&nbsp;@shoppingvilaolimpia #EunoSvo<\/strong><\/td><\/tr><\/tbody><\/table><\/figure>\n\n\n\n<figure class=\"wp-container-4 wp-block-gallery-3 wp-block-gallery has-nested-images columns-default is-cropped\">\n<figure class=\"wp-block-image size-large\"><img width=\"828\" height=\"1472\" data-id=\"11185\"  src=\"https:\/\/vimagazine.com.br\/wp-content\/uploads\/2023\/11\/cd03e04e-1a9b-4e8e-9445-f229697a80ff.jpeg\" alt=\"\" class=\"wp-image-11185\" srcset=\"https:\/\/vimagazine.com.br\/wp-content\/uploads\/2023\/11\/cd03e04e-1a9b-4e8e-9445-f229697a80ff.jpeg 828w, https:\/\/vimagazine.com.br\/wp-content\/uploads\/2023\/11\/cd03e04e-1a9b-4e8e-9445-f229697a80ff-169x300.jpeg 169w, https:\/\/vimagazine.com.br\/wp-content\/uploads\/2023\/11\/cd03e04e-1a9b-4e8e-9445-f229697a80ff-576x1024.jpeg 576w, https:\/\/vimagazine.com.br\/wp-content\/uploads\/2023\/11\/cd03e04e-1a9b-4e8e-9445-f229697a80ff-768x1365.jpeg 768w\" sizes=\"(max-width: 828px) 100vw, 828px\" \/><\/figure>\n\n\n\n<figure class=\"wp-block-image size-large\"><img width=\"1200\" height=\"1600\" data-id=\"11186\"  src=\"https:\/\/vimagazine.com.br\/wp-content\/uploads\/2023\/11\/3a54c052-b487-43ea-9265-f394061f2586.jpeg\" alt=\"\" class=\"wp-image-11186\" srcset=\"https:\/\/vimagazine.com.br\/wp-content\/uploads\/2023\/11\/3a54c052-b487-43ea-9265-f394061f2586.jpeg 1200w, https:\/\/vimagazine.com.br\/wp-content\/uploads\/2023\/11\/3a54c052-b487-43ea-9265-f394061f2586-225x300.jpeg 225w, https:\/\/vimagazine.com.br\/wp-content\/uploads\/2023\/11\/3a54c052-b487-43ea-9265-f394061f2586-768x1024.jpeg 768w, https:\/\/vimagazine.com.br\/wp-content\/uploads\/2023\/11\/3a54c052-b487-43ea-9265-f394061f2586-1152x1536.jpeg 1152w, https:\/\/vimagazine.com.br\/wp-content\/uploads\/2023\/11\/3a54c052-b487-43ea-9265-f394061f2586-1024x1365.jpeg 1024w\" sizes=\"(max-width: 1200px) 100vw, 1200px\" \/><\/figure>\n<\/figure>\n\n\n\n<figure class=\"wp-block-table\"><table><tbody><tr><td><br><strong>Data:<\/strong>\u00a011\/11\/22 a 06\/01\/23<br><strong>Paradas de Natal:\u00a012\/11, 26\/11, 03 e 17\/12, sempre \u00e0s 17h &#8211; P<\/strong>ara anunciar a chegada do Papai Noel, acontece no dia\u00a0<strong>12\/11<\/strong>, \u00e0s 17h, a 1\u00aa Parada de Natal, com o espet\u00e1culo &#8220;Um passeio com Papai Noel pela Abbey Road&#8221;, em que artistas, embalados pelo ritmo de Beatles, fazem um cortejo pelos corredores conduzindo o Bom Velhinho at\u00e9 seu trono. O espet\u00e1culo se repete em outros dias e hor\u00e1rios. Corredores do shopping;<br><strong>Mini parque de divers\u00f5es::<\/strong>\u00a011\/11 a 06\/12 &#8211;\u00a0Mini Roda-Gigante (ingresso ser\u00e1 um convite para uma doa\u00e7\u00e3o espont\u00e2nea para o Projeto Viela), com seis cabines exclusivas para at\u00e9 3 crian\u00e7as por cabine (ou 1 adulto e 1 crian\u00e7a) e T\u00e1xi Girat\u00f3rio, um mini carrossel dos cl\u00e1ssicos londrinos, que comporta quatro crian\u00e7as de idades entre 02 e 06 anos. Piso t\u00e9rreo;<br><strong>Papai Noel\u00a0<em>&#8211;<\/em><\/strong>\u00a012\/11 a 24\/12\/23, das 12h \u00e0s 20h, com breve intervalos para &#8220;alimentar as renas&#8221;. 3\u00ba Piso;<br><strong>Grandes Encontros Especial de Natal \u2013 HEY JUDE \u2013 The Beatles Tribute:\u00a0<\/strong>19\/11 (domingo), \u00e0s 16h. Gratuito, com doa\u00e7\u00e3o de dois (2) quilos de alimentos n\u00e3o perec\u00edveis para entrar. Os alimentos ser\u00e3o doados para os projetos do G10 FAVELAS em Parais\u00f3polis.\u00a0 Terra\u00e7o &#8211; 3\u00ba piso;<br><strong>Tardes de Natal \u2013 BEATLES PARA CRIAN\u00c7AS:\u00a0<\/strong>25\/11 (s\u00e1bado), \u00e0s 16h. Gratuito, com doa\u00e7\u00e3o de dois (2) quilos de alimentos n\u00e3o perec\u00edveis para entrar. Os alimentos ser\u00e3o doados para os projetos do G10 FAVELAS em Parais\u00f3polis.\u00a0 Terra\u00e7o &#8211; 3\u00ba piso;\u00a0Abertura do Terra\u00e7o para entrada com ingresso: 15h30<br><strong>Hor\u00e1rio de funcionamento do shopping:<\/strong>\u00a0de segunda a s\u00e1bado, das 10h \u00e0s 22h, domingos e feriados, das 12h \u00e0s 20h#LondonChristmas #NatalSVO #EuNoSVO<\/td><\/tr><\/tbody><\/table><\/figure>\n\n\n\n<figure class=\"wp-block-table\"><table><tbody><tr><td><strong>3 &#8211; SHOPPING AN\u00c1LIA FRANCO\/ZONA LESTE &#8211; O Reino Encantado das Borboletas &#8211;&nbsp;<em>End<\/em><\/strong><em>:Av. Reg. Feij\u00f3, 1739 &#8211; Tatuap\u00e9, S\u00e3o Paulo &#8211; SP, 03342-900<\/em><em>&nbsp;<\/em><a href=\"https:\/\/click.cse360.com.br\/Click\/AddCampaignEmailClick\/04ceb73a-d21b-4472-e113-08dbe132e869\/https%253a%252f%252fwww.shoppinganaliafranco.com.br%252f\/84a13bf5-1001-4b37-93cf-9aa5931b4a9b\/vimagazine@vimagazine.com.br\/True\" rel=\"noreferrer noopener\" target=\"_blank\"><strong><em>https:\/\/www.shoppinganaliafranco.com.br\/<\/em><\/strong><\/a><strong><em>&nbsp; @analiafranco&nbsp;<\/em>#EunoAnalia<\/strong><\/td><\/tr><\/tbody><\/table><\/figure>\n\n\n\n<figure class=\"wp-container-6 wp-block-gallery-5 wp-block-gallery has-nested-images columns-default is-cropped\">\n<figure class=\"wp-block-image size-large\"><img width=\"1536\" height=\"1920\" data-id=\"11187\"  src=\"https:\/\/vimagazine.com.br\/wp-content\/uploads\/2023\/11\/359a5b59-27df-44ec-af57-4e9dd87e3aba.jpeg\" alt=\"\" class=\"wp-image-11187\" srcset=\"https:\/\/vimagazine.com.br\/wp-content\/uploads\/2023\/11\/359a5b59-27df-44ec-af57-4e9dd87e3aba.jpeg 1536w, https:\/\/vimagazine.com.br\/wp-content\/uploads\/2023\/11\/359a5b59-27df-44ec-af57-4e9dd87e3aba-240x300.jpeg 240w, https:\/\/vimagazine.com.br\/wp-content\/uploads\/2023\/11\/359a5b59-27df-44ec-af57-4e9dd87e3aba-819x1024.jpeg 819w, https:\/\/vimagazine.com.br\/wp-content\/uploads\/2023\/11\/359a5b59-27df-44ec-af57-4e9dd87e3aba-768x960.jpeg 768w, https:\/\/vimagazine.com.br\/wp-content\/uploads\/2023\/11\/359a5b59-27df-44ec-af57-4e9dd87e3aba-1229x1536.jpeg 1229w, https:\/\/vimagazine.com.br\/wp-content\/uploads\/2023\/11\/359a5b59-27df-44ec-af57-4e9dd87e3aba-1024x1280.jpeg 1024w\" sizes=\"(max-width: 1536px) 100vw, 1536px\" \/><\/figure>\n\n\n\n<figure class=\"wp-block-image size-large\"><img width=\"1536\" height=\"1920\" data-id=\"11188\"  src=\"https:\/\/vimagazine.com.br\/wp-content\/uploads\/2023\/11\/37389ac8-ab48-4225-ae8d-0e416c11edc2.jpeg\" alt=\"\" class=\"wp-image-11188\" srcset=\"https:\/\/vimagazine.com.br\/wp-content\/uploads\/2023\/11\/37389ac8-ab48-4225-ae8d-0e416c11edc2.jpeg 1536w, https:\/\/vimagazine.com.br\/wp-content\/uploads\/2023\/11\/37389ac8-ab48-4225-ae8d-0e416c11edc2-240x300.jpeg 240w, https:\/\/vimagazine.com.br\/wp-content\/uploads\/2023\/11\/37389ac8-ab48-4225-ae8d-0e416c11edc2-819x1024.jpeg 819w, https:\/\/vimagazine.com.br\/wp-content\/uploads\/2023\/11\/37389ac8-ab48-4225-ae8d-0e416c11edc2-768x960.jpeg 768w, https:\/\/vimagazine.com.br\/wp-content\/uploads\/2023\/11\/37389ac8-ab48-4225-ae8d-0e416c11edc2-1229x1536.jpeg 1229w, https:\/\/vimagazine.com.br\/wp-content\/uploads\/2023\/11\/37389ac8-ab48-4225-ae8d-0e416c11edc2-1024x1280.jpeg 1024w\" sizes=\"(max-width: 1536px) 100vw, 1536px\" \/><\/figure>\n<\/figure>\n\n\n\n<figure class=\"wp-block-table\"><table><tbody><tr><td><br><strong>Data:\u00a0<\/strong>10 de novembro a partir das 12h at\u00e9 31 de dezembro<strong>Hor\u00e1rio:\u00a0<\/strong>Segunda a s\u00e1bado, das 10h \u00e0s 22h, domingos e feriados, das 14h \u00e0s 20h.\u00a0<br><strong>Casa do Papai Noel:Data:\u00a0<\/strong>10 de novembro a 24 de dezembro &#8211;\u00a0<em>\u00a0<\/em>Neste ano, a casa do Papai Noel, espa\u00e7o exclusivo para todos aqueles que querem conversar com o bom velhinho e fazer fotos, ficar\u00e1 no piso L\u00edrio, em frente \u00e0 loja Osklen. O cen\u00e1rio contar\u00e1 com uma grande caixa de correios com &#8220;destino direto ao Polo Norte&#8221;, para que todos possam entregar suas cartinhas.\u00a0 O trono pet tamb\u00e9m estar\u00e1 dispon\u00edvel, para os registros os amigos peludos. A Casa do Papai Noel seguir\u00e1 o hor\u00e1rio de funcionamento do Shopping.<br><strong>Chegada do Papai Noel e a\u00e7\u00f5es especiais:Data:\u00a0<\/strong>10 de novembro &#8211; A tradicional e t\u00e3o esperada<strong>\u00a0&#8220;Chegada do Papai Noel&#8221;<\/strong>\u00a0tamb\u00e9m acontece nesse dia 10\/11, \u00e0s 16h, com o bom velhinho aparecendo na Pra\u00e7a de Eventos junto com uma linda chuva de 3 mil bal\u00f5es. Depois ele ir\u00e1 passear por todos os andares com banda e personagens e dar\u00e1 as boas-vindas ao Natal do Reino Encantado das Borboletas.Ainda no dia 10, das 14h \u00e0s 20h, o Shopping contar\u00e1 com distribui\u00e7\u00e3o de pipocas, algod\u00e3o doce e maquiadores que transformar\u00e3o as crian\u00e7as em borboletas m\u00e1gicas com acess\u00f3rios de cabelo, asas, maquiagens, pinturas de cabelo e facial. E para marcar esse grande dia que d\u00e1 in\u00edcio ao Natal do An\u00e1lia, canh\u00f5es de luz iluminar\u00e3o o bairro e levar\u00e3o o brilho do Natal para ainda mais longe.<br><strong>Paradas de Natal:Dias:\u00a0<\/strong>11\/15\/18\/22\/25\/29 de novembro e 02 de dezembro<strong>Hor\u00e1rios:\u00a0<\/strong>Dia 11, \u00e0s 12h; dia 15, \u00e0s 15h e \u00e0s 18h; demais dias &#8211; quartas, \u00e0s 18h e \u00e0s 20h e s\u00e1bados, \u00e0s 11h e \u00e0s 14h<br><strong>Endere\u00e7o:\u00a0<\/strong>Av. Reg. Feij\u00f3, 1739 &#8211; Tatuap\u00e9, S\u00e3o Paulo &#8211; SP, 03342-900<strong>Hor\u00e1rio de Funcionamento do Shopping:\u00a0<\/strong>Segunda a s\u00e1bado, das 10h \u00e0s 22h, domingos e feriados, das 14h \u00e0s 20h<strong>Evento com entrada gratuita#EunoAn\u00e1lia<\/strong><\/td><\/tr><\/tbody><\/table><\/figure>\n\n\n\n<figure class=\"wp-block-table\"><table><tbody><tr><td><strong>4 &#8211; PARKSHOPPING S\u00c3O CAETANO \u2013 ABC &#8211; Passeio pelas Vitrines de Natal &#8211;&nbsp;<em>End:&nbsp;<\/em><\/strong><em>Alameda Terracota N\u00ba 545, Espa\u00e7o Cer\u00e2mica &#8211; CEP: 09531-190 &#8211; S\u00e3o Caetano do Sul, SP&nbsp;<\/em><a href=\"https:\/\/click.cse360.com.br\/Click\/AddCampaignEmailClick\/04ceb73a-d21b-4472-e113-08dbe132e869\/https%253a%252f%252fwww.parkshoppingsaocaetano.com.br%252f\/84a13bf5-1001-4b37-93cf-9aa5931b4a9b\/vimagazine@vimagazine.com.br\/True\" rel=\"noreferrer noopener\" target=\"_blank\"><strong><em>https:\/\/www.parkshoppingsaocaetano.com.br\/<\/em><\/strong><\/a><strong><em>&nbsp;@parkshoppingsaocaetano&nbsp;<\/em>#EunoPSC<\/strong><\/td><\/tr><\/tbody><\/table><\/figure>\n\n\n\n<figure class=\"wp-container-8 wp-block-gallery-7 wp-block-gallery has-nested-images columns-default is-cropped\">\n<figure class=\"wp-block-image size-large\"><img width=\"1024\" height=\"768\" data-id=\"11189\"  src=\"https:\/\/vimagazine.com.br\/wp-content\/uploads\/2023\/11\/57dc5e91-8e44-4937-952f-c0538b251085.jpeg\" alt=\"\" class=\"wp-image-11189\" srcset=\"https:\/\/vimagazine.com.br\/wp-content\/uploads\/2023\/11\/57dc5e91-8e44-4937-952f-c0538b251085.jpeg 1024w, https:\/\/vimagazine.com.br\/wp-content\/uploads\/2023\/11\/57dc5e91-8e44-4937-952f-c0538b251085-300x225.jpeg 300w, https:\/\/vimagazine.com.br\/wp-content\/uploads\/2023\/11\/57dc5e91-8e44-4937-952f-c0538b251085-768x576.jpeg 768w\" sizes=\"(max-width: 1024px) 100vw, 1024px\" \/><\/figure>\n\n\n\n<figure class=\"wp-block-image size-large\"><img width=\"768\" height=\"1024\" data-id=\"11190\"  src=\"https:\/\/vimagazine.com.br\/wp-content\/uploads\/2023\/11\/6de781ad-be71-486e-bcbf-887dd071a954.jpeg\" alt=\"\" class=\"wp-image-11190\" srcset=\"https:\/\/vimagazine.com.br\/wp-content\/uploads\/2023\/11\/6de781ad-be71-486e-bcbf-887dd071a954.jpeg 768w, https:\/\/vimagazine.com.br\/wp-content\/uploads\/2023\/11\/6de781ad-be71-486e-bcbf-887dd071a954-225x300.jpeg 225w\" sizes=\"(max-width: 768px) 100vw, 768px\" \/><\/figure>\n<\/figure>\n\n\n\n<figure class=\"wp-block-table\"><table><tbody><tr><td><br><strong>Carrossel (acess\u00edvel para cadeirantes):\u00a0<\/strong>10\/11 a 31\/12 &#8211;<strong>\u00a0\u00a0<\/strong>crian\u00e7as at\u00e9 12 anos (os menores de 3 anos precisam estar acompanhados de um respons\u00e1vel) \u2013 resgate pelo APP MULTI. Al\u00e9m disso, os pequenos podem se divertir nos Jogos da Velha e da Mem\u00f3ria;<br><strong>Chegada do Papai Noel:<\/strong>\u00a015\/11 \u00e0s 16 &#8211; Uma animada banda e personagens de Natal recebem o Papai Noel para realizar um desfile pelos corredores at\u00e9 chegar no trono, localizado no Piso L2, em frente a Cacau Show, onde as crian\u00e7as poder\u00e3o fazer seus pedidos e tirar fotos. Os pets tamb\u00e9m ter\u00e3o um trono especial para tirar fotos com o Noel. A programa\u00e7\u00e3o especial para a chegada contar\u00e1 com carrinhos de algod\u00e3o doce, pipocas, docinhos e bexigas.<br><strong>Papai Noel:\u00a0<\/strong>15\/11 a 24\/12 &#8211;\u00a0Hor\u00e1rio de funcionamento: Segunda a s\u00e1bado das 10h \u00e0s 22h | Domingos e feriados das 12h \u00e0s 20h.Piso L2, em frente a Cacau Show;<br><strong>ParkShopping S\u00e3o CaetanoLocal:<\/strong>\u00a0Alameda Terracota, 545, bairro Cer\u00e2mica, S\u00e3o Caetano do Sul\/SP.<br><strong>Hor\u00e1rio de funcionamento do shopping:<\/strong>\u00a0de segunda a s\u00e1bado, das 10h \u00e0s 22h, domingos e feriados, das 12h \u00e0s 20h<strong>Hor\u00e1rio Especia<\/strong>l\u00a0<strong>\u2013 lojas:Black Friday<\/strong>\u00a0\u2013 sexta (24\/11) e s\u00e1bado (25\/11), das 10h \u00e0s 23h<strong>Dezembro<\/strong>\u00a0\u2013 de 15 a 23\/12: das 10h \u00e0s 23h | 24\/11: 9h \u00e0s 18h | 31\/12: 10h \u00e0s 16h | 25\/12 e 01\/01: a abertura das lojas \u00e9 facultativa. O hor\u00e1rio de funcionamento da \u00e1rea de alimenta\u00e7\u00e3o permanecer\u00e1 o mesmo, das 11h \u00e0s 23h, exceto nos dias 24\/12, 25\/12, 31\/12 e 01\/01, que dever\u00e1 seguir o calend\u00e1rio acima.#EunoPSC #NatalnoPSC<\/td><\/tr><\/tbody><\/table><\/figure>\n\n\n\n<figure class=\"wp-block-table\"><table><tbody><tr><td><strong><em>Sobre a Multiplan:&nbsp;<\/em><\/strong><em>A Multiplan possui atualmente 20 shopping centers em opera\u00e7\u00e3o e \u00e9 uma das maiores empresas do setor no Brasil. A companhia tamb\u00e9m atua estrategicamente no desenvolvimento de im\u00f3veis comerciais e residenciais, com projetos multi\u00faso que geram sinergias para as opera\u00e7\u00f5es de shopping centers, oferecem conveni\u00eancia e comodidade aos usu\u00e1rios, e geram valor a seus ativos. Fundada em 1974 como empresa full service, \u00e9 respons\u00e1vel pelo planejamento, desenvolvimento, propriedade e administra\u00e7\u00e3o de um dos melhores portf\u00f3lios de empreendimentos do pa\u00eds.&nbsp;<\/em><br><em>Os shopping centers da Multiplan totalizam mais de 6.000 lojas, tr\u00e1fego anual estimado em 190 milh\u00f5es de visitas e \u00e1rea bruta loc\u00e1vel (ABL) de 876.006 m\u00b2. Adicionalmente, a Multiplan det\u00e9m dois conjuntos de torres comerciais com ABL de 50.582 m\u00b2, que somados \u00e0 \u00e1rea total de shopping centers resultam em ABL de 926.648 m\u00b2. Mais informa\u00e7\u00f5es em&nbsp;<\/em><a href=\"https:\/\/click.cse360.com.br\/Click\/AddCampaignEmailClick\/04ceb73a-d21b-4472-e113-08dbe132e869\/https%253a%252f%252fnam10.safelinks.protection.outlook.com%252f%253furl%253dhttps%25253A%25252F%25252Fwww.multiplan.com.br%25252F%2526data%253d05%25257C01%25257Celucas%252540shoppingvilaolimpia.com.br%25257C32a2ba89ecff4c16f52b08dac1cce13f%25257C862085e1045e4d8c832f96837b008d64%25257C0%25257C0%25257C638035382955428184%25257CUnknown%25257CTWFpbGZsb3d8eyJWIjoiMC4wLjAwMDAiLCJQIjoiV2luMzIiLCJBTiI6Ik1haWwiLCJXVCI6Mn0%25253D%25257C3000%25257C%25257C%25257C%2526sdata%253d%25252FnS8SHKCX1nwyG7wlD8VQr1HjIw7kGkLs4PydqjwmGI%25253D%2526reserved%253d0\/84a13bf5-1001-4b37-93cf-9aa5931b4a9b\/vimagazine@vimagazine.com.br\/True\" rel=\"noreferrer noopener\" target=\"_blank\"><em>https:\/\/www.multiplan.com.br<\/em><\/a><em>.<\/em><\/td><\/tr><\/tbody><\/table><\/figure>\n","protected":false},"excerpt":{"rendered":"<p>Cada empreendimento encantar\u00e1 o p\u00fablico com a ess\u00eancia do bom velhinho de diversas maneiras e&#8230;<\/p>\n","protected":false},"author":1,"featured_media":11190,"comment_status":"closed","ping_status":"open","sticky":false,"template":"","format":"standard","meta":{"om_disable_all_campaigns":false,"_monsterinsights_skip_tracking":false,"_monsterinsights_sitenote_active":false,"_monsterinsights_sitenote_note":"","_monsterinsights_sitenote_category":0,"spay_email":""},"categories":[27,1],"tags":[],"jetpack_featured_media_url":"https:\/\/vimagazine.com.br\/wp-content\/uploads\/2023\/11\/6de781ad-be71-486e-bcbf-887dd071a954.jpeg","_links":{"self":[{"href":"https:\/\/vimagazine.com.br\/index.php?rest_route=\/wp\/v2\/posts\/11182"}],"collection":[{"href":"https:\/\/vimagazine.com.br\/index.php?rest_route=\/wp\/v2\/posts"}],"about":[{"href":"https:\/\/vimagazine.com.br\/index.php?rest_route=\/wp\/v2\/types\/post"}],"author":[{"embeddable":true,"href":"https:\/\/vimagazine.com.br\/index.php?rest_route=\/wp\/v2\/users\/1"}],"replies":[{"embeddable":true,"href":"https:\/\/vimagazine.com.br\/index.php?rest_route=%2Fwp%2Fv2%2Fcomments&post=11182"}],"version-history":[{"count":1,"href":"https:\/\/vimagazine.com.br\/index.php?rest_route=\/wp\/v2\/posts\/11182\/revisions"}],"predecessor-version":[{"id":11191,"href":"https:\/\/vimagazine.com.br\/index.php?rest_route=\/wp\/v2\/posts\/11182\/revisions\/11191"}],"wp:featuredmedia":[{"embeddable":true,"href":"https:\/\/vimagazine.com.br\/index.php?rest_route=\/wp\/v2\/media\/11190"}],"wp:attachment":[{"href":"https:\/\/vimagazine.com.br\/index.php?rest_route=%2Fwp%2Fv2%2Fmedia&parent=11182"}],"wp:term":[{"taxonomy":"category","embeddable":true,"href":"https:\/\/vimagazine.com.br\/index.php?rest_route=%2Fwp%2Fv2%2Fcategories&post=11182"},{"taxonomy":"post_tag","embeddable":true,"href":"https:\/\/vimagazine.com.br\/index.php?rest_route=%2Fwp%2Fv2%2Ftags&post=11182"}],"curies":[{"name":"wp","href":"https:\/\/api.w.org\/{rel}","templated":true}]}}