{"id":11192,"date":"2023-11-12T10:40:59","date_gmt":"2023-11-12T13:40:59","guid":{"rendered":"https:\/\/vimagazine.com.br\/?p=11192"},"modified":"2023-11-12T10:42:39","modified_gmt":"2023-11-12T13:42:39","slug":"grupo-koch-e-destaque-no-premio-lideres-regionais-santa-catarina","status":"publish","type":"post","link":"https:\/\/vimagazine.com.br\/?p=11192","title":{"rendered":"Grupo Koch \u00e9 destaque no Pr\u00eamio L\u00edderes Regionais Santa Catarina"},"content":{"rendered":"\n<p class=\"has-text-align-center\"><em>A maior rede supermercadista do Estado recebeu o pr\u00eamio Empresa Destaque Lideran\u00e7a SC<\/em><\/p>\n\n\n\n<p class=\"has-text-align-center\">O Grupo Koch recebeu, na noite desta \u00faltima quarta-feira (8), na Alameda Casa Rosa, em Florian\u00f3polis, o Pr\u00eamio L\u00edderes Regionais Santa Catarina, na categoria \u2018Empresa Destaque Lideran\u00e7a SC\u2019. <\/p>\n\n\n\n<p><\/p>\n\n\n\n<p class=\"has-text-align-center\">A iniciativa \u00e9 do&nbsp;Grupo de L\u00edderes Empresariais (LIDE\/SC), uma organiza\u00e7\u00e3o que re\u00fane executivos dos mais variados setores, e reconhece as empresas, marcas e lideran\u00e7as destaques do ano.<\/p>\n\n\n\n<p class=\"has-text-align-center\">Na noite da premia\u00e7\u00e3o, estiveram reunidos 200 presidentes e CEOs de grandes empresas catarinenses que foram destaques neste ano de 2023. <\/p>\n\n\n\n<p><\/p>\n\n\n\n<p class=\"has-text-align-center\">O CEO do Grupo Koch, Jos\u00e9 Koch, participou do evento para receber em m\u00e3os o pr\u00eamio,\u00a0na categoria \u2018Empresa Destaque Lideran\u00e7a SC\u2019. \u201cFicamos muito felizes com esse reconhecimento. <\/p>\n\n\n\n<p><\/p>\n\n\n\n<p class=\"has-text-align-center\">Para n\u00f3s do Grupo Koch estarmos entre os l\u00edderes empresariais catarinenses que contribuem com a economia de nosso estado e pa\u00eds \u00e9 uma honra e&nbsp; reconhecimento do trabalho executado pelo nosso time\u201d, afirmou.<\/p>\n\n\n\n<p><\/p>\n\n\n\n<p class=\"has-text-align-center\"><strong>Grupo Koch representado no livro \u201cSanta Catarina &#8211; Uma Hist\u00f3ria de Empreendedorismo\u201d<\/strong><\/p>\n\n\n\n<p><\/p>\n\n\n\n<p class=\"has-text-align-center\">No evento, o LIDE SC tamb\u00e9m lan\u00e7ou o livro \u201cSanta Catarina &#8211; Uma Hist\u00f3ria de Empreendedorismo\u201d. <\/p>\n\n\n\n<p><\/p>\n\n\n\n<p class=\"has-text-align-center\">Jos\u00e9 Koch&nbsp; \u00e9 um dos 36 empres\u00e1rios catarinenses que narram suas trajet\u00f3rias \u00e0 frente das principais organiza\u00e7\u00f5es do estado. <\/p>\n\n\n\n<p><\/p>\n\n\n\n<p class=\"has-text-align-center\">\u201cPude compartilhar a hist\u00f3ria da minha fam\u00edlia, que \u00e9 de Ant\u00f4nio Carlos. Iniciamos ainda na d\u00e9cada de 80 no com\u00e9rcio de feiras livres na Grande Florian\u00f3polis. Inauguramos nosso primeiro SuperKoch em 1994, em Tijucas, e com garra e persist\u00eancia chegamos at\u00e9 aqui, com 62 lojas espalhadas por 30 cidades de Santa Catarina.<\/p>\n\n\n\n<p><\/p>\n\n\n\n<p class=\"has-text-align-center\"> De l\u00e1 at\u00e9 hoje, nosso foco \u00e9 oferecer os melhores produtos com o menor pre\u00e7o para nossos clientes, entre catarinenses e os turistas que nos visitam\u201d, acrescentou o CEO do Grupo Koch.<\/p>\n\n\n\n<p class=\"has-text-align-center\"><strong>Renata Rutes<\/strong><\/p>\n\n\n\n<p class=\"has-text-align-center\"><strong>Assessora de imprensa<\/strong><\/p>\n\n\n\n<p class=\"has-text-align-center\"><strong>Primeira Via Comunica\u00e7\u00e3o Integrada<\/strong><\/p>\n","protected":false},"excerpt":{"rendered":"<p>A maior rede supermercadista do Estado recebeu o pr\u00eamio Empresa Destaque Lideran\u00e7a SC O Grupo&#8230;<\/p>\n","protected":false},"author":3,"featured_media":11193,"comment_status":"closed","ping_status":"open","sticky":false,"template":"","format":"standard","meta":{"om_disable_all_campaigns":false,"_monsterinsights_skip_tracking":false,"_monsterinsights_sitenote_active":false,"_monsterinsights_sitenote_note":"","_monsterinsights_sitenote_category":0,"spay_email":""},"categories":[1],"tags":[],"jetpack_featured_media_url":"https:\/\/vimagazine.com.br\/wp-content\/uploads\/2023\/11\/Jose-Koch-CEO-do-Grupo-Koch-recebeu-o-premio-na-noite-da-ultima-quarta-feira-e1699796320639.jpg","_links":{"self":[{"href":"https:\/\/vimagazine.com.br\/index.php?rest_route=\/wp\/v2\/posts\/11192"}],"collection":[{"href":"https:\/\/vimagazine.com.br\/index.php?rest_route=\/wp\/v2\/posts"}],"about":[{"href":"https:\/\/vimagazine.com.br\/index.php?rest_route=\/wp\/v2\/types\/post"}],"author":[{"embeddable":true,"href":"https:\/\/vimagazine.com.br\/index.php?rest_route=\/wp\/v2\/users\/3"}],"replies":[{"embeddable":true,"href":"https:\/\/vimagazine.com.br\/index.php?rest_route=%2Fwp%2Fv2%2Fcomments&post=11192"}],"version-history":[{"count":2,"href":"https:\/\/vimagazine.com.br\/index.php?rest_route=\/wp\/v2\/posts\/11192\/revisions"}],"predecessor-version":[{"id":11195,"href":"https:\/\/vimagazine.com.br\/index.php?rest_route=\/wp\/v2\/posts\/11192\/revisions\/11195"}],"wp:featuredmedia":[{"embeddable":true,"href":"https:\/\/vimagazine.com.br\/index.php?rest_route=\/wp\/v2\/media\/11193"}],"wp:attachment":[{"href":"https:\/\/vimagazine.com.br\/index.php?rest_route=%2Fwp%2Fv2%2Fmedia&parent=11192"}],"wp:term":[{"taxonomy":"category","embeddable":true,"href":"https:\/\/vimagazine.com.br\/index.php?rest_route=%2Fwp%2Fv2%2Fcategories&post=11192"},{"taxonomy":"post_tag","embeddable":true,"href":"https:\/\/vimagazine.com.br\/index.php?rest_route=%2Fwp%2Fv2%2Ftags&post=11192"}],"curies":[{"name":"wp","href":"https:\/\/api.w.org\/{rel}","templated":true}]}}