{"id":11204,"date":"2023-11-13T00:00:19","date_gmt":"2023-11-13T03:00:19","guid":{"rendered":"https:\/\/vimagazine.com.br\/?p=11204"},"modified":"2023-11-13T00:03:20","modified_gmt":"2023-11-13T03:03:20","slug":"coletiva-de-imprensa-com-a-dra-gleidy-scalzer","status":"publish","type":"post","link":"https:\/\/vimagazine.com.br\/?p=11204","title":{"rendered":"Coletiva de Imprensa com a Dra Gleidy Scalzer"},"content":{"rendered":"\n<p><\/p>\n\n\n\n<p><\/p>\n\n\n\n<p class=\"has-medium-font-size\"><strong>Especialista em harmoniza\u00e7\u00e3o corporal e facial participar\u00e1 de coletiva de imprensa<\/strong><\/p>\n\n\n\n<p><\/p>\n\n\n\n<p>Na pr\u00f3xima ter\u00e7a-feira 14\/11 \u00e0s 21h, a Dr\u00aa. Gleidy Scalzer, participar\u00e1 da coletiva de imprensa do canal Feverish Tv .<br>Dra. Gleidy Scalzer, \u00e9 m\u00e9dica, com especializa\u00e7\u00e3o em est\u00e9tica. A especialista \u00e9 conhecida tamb\u00e9m como \u201cDra. Shape&#8221;, tendo sido reconhecida como destaque no \u00e2mbito internacional em harmoniza\u00e7\u00e3o corporal e gl\u00fateo permanente no Top of Mind International. Trata-se de uma premia\u00e7\u00e3o que re\u00fane personalidades de diferentes \u00e1reas de atua\u00e7\u00e3o.<br>Esse \u00e9 o terceiro pr\u00eamio internacional da carreira da Dra. Shape, que tamb\u00e9m \u00e9 respons\u00e1vel pelo desenvolvimento de sua pr\u00f3pria t\u00e9cnica de lipoaspira\u00e7\u00e3o, chamada &#8220;Lipo Scalzer&#8221;. A profissional atende uma ampla gama de celebridades e t\u00eam cl\u00ednicas em S\u00e3o Paulo, Rio de Janeiro e Bras\u00edlia, al\u00e9m de atender em outros pa\u00edses.<\/p>\n\n\n\n<p><a href=\"https:\/\/www.youtube.com\/live\/y6I5f0U-dPM?si=wuo1lTQMYeT7JiJO\">https:\/\/www.youtube.com\/live\/y6I5f0U-dPM?si=wuo1lTQMYeT7JiJO<\/a><\/p>\n\n\n\n<p><a href=\"https:\/\/facebook.com\/events\/s\/coletiva-de-imprensa-com-a-dra\/1345244839713409\/\">https:\/\/facebook.com\/events\/s\/coletiva-de-imprensa-com-a-dra\/1345244839713409\/<\/a><\/p>\n","protected":false},"excerpt":{"rendered":"<p>Especialista em harmoniza\u00e7\u00e3o corporal e facial participar\u00e1 de coletiva de imprensa Na pr\u00f3xima ter\u00e7a-feira 14\/11&#8230;<\/p>\n","protected":false},"author":1,"featured_media":11205,"comment_status":"closed","ping_status":"open","sticky":false,"template":"","format":"standard","meta":{"om_disable_all_campaigns":false,"_monsterinsights_skip_tracking":false,"_monsterinsights_sitenote_active":false,"_monsterinsights_sitenote_note":"","_monsterinsights_sitenote_category":0,"spay_email":""},"categories":[27,31,1],"tags":[],"jetpack_featured_media_url":"https:\/\/vimagazine.com.br\/wp-content\/uploads\/2023\/11\/a14b2a0f-f284-47d3-a7b7-2b543647ceaf.jpeg","_links":{"self":[{"href":"https:\/\/vimagazine.com.br\/index.php?rest_route=\/wp\/v2\/posts\/11204"}],"collection":[{"href":"https:\/\/vimagazine.com.br\/index.php?rest_route=\/wp\/v2\/posts"}],"about":[{"href":"https:\/\/vimagazine.com.br\/index.php?rest_route=\/wp\/v2\/types\/post"}],"author":[{"embeddable":true,"href":"https:\/\/vimagazine.com.br\/index.php?rest_route=\/wp\/v2\/users\/1"}],"replies":[{"embeddable":true,"href":"https:\/\/vimagazine.com.br\/index.php?rest_route=%2Fwp%2Fv2%2Fcomments&post=11204"}],"version-history":[{"count":2,"href":"https:\/\/vimagazine.com.br\/index.php?rest_route=\/wp\/v2\/posts\/11204\/revisions"}],"predecessor-version":[{"id":11207,"href":"https:\/\/vimagazine.com.br\/index.php?rest_route=\/wp\/v2\/posts\/11204\/revisions\/11207"}],"wp:featuredmedia":[{"embeddable":true,"href":"https:\/\/vimagazine.com.br\/index.php?rest_route=\/wp\/v2\/media\/11205"}],"wp:attachment":[{"href":"https:\/\/vimagazine.com.br\/index.php?rest_route=%2Fwp%2Fv2%2Fmedia&parent=11204"}],"wp:term":[{"taxonomy":"category","embeddable":true,"href":"https:\/\/vimagazine.com.br\/index.php?rest_route=%2Fwp%2Fv2%2Fcategories&post=11204"},{"taxonomy":"post_tag","embeddable":true,"href":"https:\/\/vimagazine.com.br\/index.php?rest_route=%2Fwp%2Fv2%2Ftags&post=11204"}],"curies":[{"name":"wp","href":"https:\/\/api.w.org\/{rel}","templated":true}]}}