{"id":11228,"date":"2023-11-14T22:47:51","date_gmt":"2023-11-15T01:47:51","guid":{"rendered":"https:\/\/vimagazine.com.br\/?p=11228"},"modified":"2023-11-14T22:51:02","modified_gmt":"2023-11-15T01:51:02","slug":"vitor-biannk-participa-de-podcast-do-ator-e-reporter-mirim-giu-cota","status":"publish","type":"post","link":"https:\/\/vimagazine.com.br\/?p=11228","title":{"rendered":"Vitor Biannk participa de podcast do ator e rep\u00f3rter mirim Giu Cota"},"content":{"rendered":"\n<p>Um bate papo sobre tend\u00eancias de moda foi o tema na passarela do \u201cPodCota\u201d apresentado pelo ator e rep\u00f3rter mirim Giu Cota na \u00faltima segunda-feira.<\/p>\n\n\n\n<p>Vitor Biannk falou sobre sua carreira no mundo da moda, palestras para turistas em Nova York, seu trabalho com artistas e deu dicas de tend\u00eancias em uma conversa super descontra\u00edda. Ressaltou tamb\u00e9m sobre sua ida ao Teleton no \u00faltimo s\u00e1bado, onde foi como convidado pela amiga Flor Fernandes, do SBT.<\/p>\n\n\n\n<p>&#8220;Giu \u00e9 um artista not\u00e1vel e vai longe na carreira,&#8221;  declarou encantado ap\u00f3s o final da entrevista.<\/p>\n\n\n\n<p>Giuliano Cota \u00e9 um dos primeiros apresentadores da gera\u00e7\u00e3o Z , inteligente , comunicativo e focado o garoto prod\u00edgio j\u00e1 entrevistou v\u00e1rios famosos e celebridades da m\u00eddia. Dirigido pela m\u00e3e Rosilene Cota que sempre o incentivou e apoiou. Ele se divide em estudar e se dedicar \u00e0 carreira da comunica\u00e7\u00e3o para alcan\u00e7ar voos maiores. <\/p>\n\n\n\n<figure class=\"wp-block-image size-large\"><img width=\"937\" height=\"1024\" src=\"https:\/\/vimagazine.com.br\/wp-content\/uploads\/2023\/11\/WhatsApp-Image-2023-11-14-at-11.36.18-937x1024.jpeg\" alt=\"\" class=\"wp-image-11229\" srcset=\"https:\/\/vimagazine.com.br\/wp-content\/uploads\/2023\/11\/WhatsApp-Image-2023-11-14-at-11.36.18-937x1024.jpeg 937w, https:\/\/vimagazine.com.br\/wp-content\/uploads\/2023\/11\/WhatsApp-Image-2023-11-14-at-11.36.18-275x300.jpeg 275w, https:\/\/vimagazine.com.br\/wp-content\/uploads\/2023\/11\/WhatsApp-Image-2023-11-14-at-11.36.18-768x839.jpeg 768w, https:\/\/vimagazine.com.br\/wp-content\/uploads\/2023\/11\/WhatsApp-Image-2023-11-14-at-11.36.18-1405x1536.jpeg 1405w, https:\/\/vimagazine.com.br\/wp-content\/uploads\/2023\/11\/WhatsApp-Image-2023-11-14-at-11.36.18-1024x1119.jpeg 1024w, https:\/\/vimagazine.com.br\/wp-content\/uploads\/2023\/11\/WhatsApp-Image-2023-11-14-at-11.36.18.jpeg 1464w\" sizes=\"(max-width: 937px) 100vw, 937px\" \/><\/figure>\n","protected":false},"excerpt":{"rendered":"<p>Um bate papo sobre tend\u00eancias de moda foi o tema na passarela do \u201cPodCota\u201d apresentado&#8230;<\/p>\n","protected":false},"author":1,"featured_media":11230,"comment_status":"closed","ping_status":"open","sticky":false,"template":"","format":"standard","meta":{"om_disable_all_campaigns":false,"_monsterinsights_skip_tracking":false,"_monsterinsights_sitenote_active":false,"_monsterinsights_sitenote_note":"","_monsterinsights_sitenote_category":0,"spay_email":""},"categories":[1],"tags":[],"jetpack_featured_media_url":"https:\/\/vimagazine.com.br\/wp-content\/uploads\/2023\/11\/WhatsApp-Image-2023-11-14-at-11.36.18-1.jpeg","_links":{"self":[{"href":"https:\/\/vimagazine.com.br\/index.php?rest_route=\/wp\/v2\/posts\/11228"}],"collection":[{"href":"https:\/\/vimagazine.com.br\/index.php?rest_route=\/wp\/v2\/posts"}],"about":[{"href":"https:\/\/vimagazine.com.br\/index.php?rest_route=\/wp\/v2\/types\/post"}],"author":[{"embeddable":true,"href":"https:\/\/vimagazine.com.br\/index.php?rest_route=\/wp\/v2\/users\/1"}],"replies":[{"embeddable":true,"href":"https:\/\/vimagazine.com.br\/index.php?rest_route=%2Fwp%2Fv2%2Fcomments&post=11228"}],"version-history":[{"count":2,"href":"https:\/\/vimagazine.com.br\/index.php?rest_route=\/wp\/v2\/posts\/11228\/revisions"}],"predecessor-version":[{"id":11233,"href":"https:\/\/vimagazine.com.br\/index.php?rest_route=\/wp\/v2\/posts\/11228\/revisions\/11233"}],"wp:featuredmedia":[{"embeddable":true,"href":"https:\/\/vimagazine.com.br\/index.php?rest_route=\/wp\/v2\/media\/11230"}],"wp:attachment":[{"href":"https:\/\/vimagazine.com.br\/index.php?rest_route=%2Fwp%2Fv2%2Fmedia&parent=11228"}],"wp:term":[{"taxonomy":"category","embeddable":true,"href":"https:\/\/vimagazine.com.br\/index.php?rest_route=%2Fwp%2Fv2%2Fcategories&post=11228"},{"taxonomy":"post_tag","embeddable":true,"href":"https:\/\/vimagazine.com.br\/index.php?rest_route=%2Fwp%2Fv2%2Ftags&post=11228"}],"curies":[{"name":"wp","href":"https:\/\/api.w.org\/{rel}","templated":true}]}}