{"id":11235,"date":"2023-11-15T16:21:16","date_gmt":"2023-11-15T19:21:16","guid":{"rendered":"https:\/\/vimagazine.com.br\/?p=11235"},"modified":"2023-11-15T16:21:17","modified_gmt":"2023-11-15T19:21:17","slug":"arquiteto-designer-e-artista-plastico-autodidata-o-gaucho-luciano-oliveira-icone-do-luxo-e-sofisticacao-e-destaque-no-7o-anuario-da-luxus-magazine","status":"publish","type":"post","link":"https:\/\/vimagazine.com.br\/?p=11235","title":{"rendered":"Arquiteto, Designer e Artista Pl\u00e1stico autodidata, o ga\u00facho Luciano Oliveira \u00a0\u00edcone do luxo e sofistica\u00e7\u00e3o \u00e9 destaque no 7\u00ba Anu\u00e1rio da Luxus Magazine"},"content":{"rendered":"\n<p class=\"has-text-align-center\">No \u00faltimo dia 11 de novembro de 2023, o renomado arquiteto, designer e artista pl\u00e1stico autodidata Luciano Oliveira marcou presen\u00e7a no 7\u00ba anu\u00e1rio da Luxus Magazine, realizado no Museu de Arte Sacra, em S\u00e3o Paulo. <\/p>\n\n\n\n<p class=\"has-text-align-center\">Com uma trajet\u00f3ria marcada por criatividade e talento, Luciano Oliveira tem conquistado reconhecimento tanto no Brasil quanto no exterior.<\/p>\n\n\n\n<p class=\"has-text-align-center\">Nascido no Rio Grande do Sul, mais especificamente em Porto Alegre, Luciano Oliveira mudou-se para S\u00e3o Paulo em novembro de 1989, buscando ampliar suas oportunidades profissionais e explorar novas possibilidades no mundo da arte e do design.<\/p>\n\n\n\n<p class=\"has-text-align-center\"> Desde ent\u00e3o, ele tem consolidado sua carreira e se destacado em diversas frentes criativas.<\/p>\n\n\n\n<p class=\"has-text-align-center\">Formado em Arquitetura e Urbanismo, pelo Centro Universit\u00e1rio Belas Artes de S\u00e3o Paulo, em 2004, Luciano Oliveira uniu sua paix\u00e3o pela arquitetura com seu talento natural para o design e a arte pl\u00e1stica. Essa combina\u00e7\u00e3o de habilidades e conhecimentos tem sido a marca registrada de suas cria\u00e7\u00f5es \u00fanicas e aut\u00eanticas.<\/p>\n\n\n\n<p class=\"has-text-align-center\">Muito sagaz,\u00a0sempre se aprofundou no mundo art\u00edstico e explorou todas as nuances que a arte lhe permitiu.\u00a0<\/p>\n\n\n\n<p class=\"has-text-align-center\">Assim, desenvolveu-se em diversos aspectos deste universo, sendo bailarino, core\u00f3grafo, cen\u00f3grafo e o grande Artista Pl\u00e1stico que \u00e9 hoje em sua vida.<\/p>\n\n\n\n<p class=\"has-text-align-center\"><strong>Atua em seu pr\u00f3prio ESCRIT\u00d3RIO\/STUDIO sendo o respons\u00e1vel pela cria\u00e7\u00e3o de projetos de arquitetura e urbanismo sustent\u00e1veis, design e Arte.<\/strong><\/p>\n\n\n\n<p class=\"has-text-align-center\"> Concebe e executa projetos nas mais diversas escalas de atua\u00e7\u00e3o, sendo elas, na de design, resid\u00eancias unifamiliares, edif\u00edcios residenciais e comerciais, complexos de uso misto e industriais, nas v\u00e1rias formas de express\u00e3o da arte e da t\u00e9cnica.\u00a0Projeta espa\u00e7os como arquiteto, somando conforto e beleza, e suas obras de arte complementam esses ambientes e de outros profissionais.<\/p>\n\n\n\n<p class=\"has-text-align-center\">Em especial, as obras de Luciano Oliveira trazem conceitos aliados \u00e0 organicidade das formas e \u00e0 facilita\u00e7\u00e3o do di\u00e1logo com o p\u00fablico. <\/p>\n\n\n\n<p class=\"has-text-align-center\">Seu trabalho mescla pinturas figurativas executadas com t\u00e9cnica mista. Todas essas diversidades combinadas \u00e0 expertise em arquitetura e design, o impulsionam nos diferentes segmentos do mercado de arte e seus pares. Sua constante procura marca sua trajet\u00f3ria aliando arte e tecnologia.<\/p>\n\n\n\n<p class=\"has-text-align-center\">Participa ativamente como artista pl\u00e1stico em in\u00fameras exposi\u00e7\u00f5es, e &#8220;live paintings&#8221; com seu &#8220;Realismo Espont\u00e2neo&#8221;. <\/p>\n\n\n\n<p class=\"has-text-align-center\">Tem uma habilidade peculiar que lhe permite criar e executar ao mesmo tempo com uma rapidez extraordin\u00e1ria e uma lente mais colorida e impactante, o que torna seu estilo inconfund\u00edvel.<\/p>\n\n\n\n<p class=\"has-text-align-center\">Percorre entre os mundos da arquitetura, do design e da arte e \u00e9 o que revela os alicerces do seu trabalho criativo.<\/p>\n\n\n\n<p class=\"has-text-align-center\">Al\u00e9m de sua forma\u00e7\u00e3o acad\u00eamica, Luciano Oliveira tamb\u00e9m se especializou em Arquitetura e Sustentabilidade, em 2013, aprimorando suas t\u00e9cnicas e conceitos relacionados \u00e0 preserva\u00e7\u00e3o ambiental e utiliza\u00e7\u00e3o consciente dos recursos naturais em seus projetos.<\/p>\n\n\n\n<p class=\"has-text-align-center\"> Sua preocupa\u00e7\u00e3o com a sustentabilidade e o meio ambiente est\u00e1 intrinsecamente ligada \u00e0s suas obras, que transitam entre o uso criativo de materiais reciclados e a busca por solu\u00e7\u00f5es inovadoras e eco-friendly.<\/p>\n\n\n\n<p class=\"has-text-align-center\"><strong>O 70\u00ba anu\u00e1rio da Luxus Magazine foi mais uma oportunidade para Luciano Oliveira compartilhar seu trabalho com o p\u00fablico. <\/strong><\/p>\n\n\n\n<p class=\"has-text-align-center\">Com sua participa\u00e7\u00e3o nesse prestigiado evento, ele p\u00f4de expor sua vis\u00e3o art\u00edstica e conceitos que passam pelos campos da arquitetura, design e arte pl\u00e1stica.<\/p>\n\n\n\n<p class=\"has-text-align-center\"> Sua presen\u00e7a trouxe um toque de originalidade e sofistica\u00e7\u00e3o \u00e0 exposi\u00e7\u00e3o, cativando a aten\u00e7\u00e3o de todos os presentes.<\/p>\n\n\n\n<p class=\"has-text-align-center\">Com um futuro promissor pela frente, Luciano Oliveira continua a surpreender e encantar o mundo da arquitetura, do design e da arte pl\u00e1stica com suas cria\u00e7\u00f5es inovadoras e sustent\u00e1veis. <\/p>\n\n\n\n<p class=\"has-text-align-center\">Sua participa\u00e7\u00e3o no 7\u00ba anu\u00e1rio da Luxus Magazine foi apenas mais um passo em dire\u00e7\u00e3o ao reconhecimento merecido por seu talento e dedica\u00e7\u00e3o \u00e0 sua arte.<\/p>\n\n\n\n<figure class=\"wp-block-image aligncenter size-large\"><img width=\"1024\" height=\"1024\" src=\"https:\/\/vimagazine.com.br\/wp-content\/uploads\/2023\/11\/WhatsApp-Image-2023-11-12-at-08.43.58-1024x1024.jpeg\" alt=\"\" class=\"wp-image-11237\" srcset=\"https:\/\/vimagazine.com.br\/wp-content\/uploads\/2023\/11\/WhatsApp-Image-2023-11-12-at-08.43.58.jpeg 1024w, https:\/\/vimagazine.com.br\/wp-content\/uploads\/2023\/11\/WhatsApp-Image-2023-11-12-at-08.43.58-300x300.jpeg 300w, https:\/\/vimagazine.com.br\/wp-content\/uploads\/2023\/11\/WhatsApp-Image-2023-11-12-at-08.43.58-150x150.jpeg 150w, https:\/\/vimagazine.com.br\/wp-content\/uploads\/2023\/11\/WhatsApp-Image-2023-11-12-at-08.43.58-768x768.jpeg 768w\" sizes=\"(max-width: 1024px) 100vw, 1024px\" \/><\/figure>\n\n\n\n<p class=\"has-text-align-center\"><strong><u>Sobre o evento<\/u><\/strong><\/p>\n\n\n\n<p class=\"has-text-align-center\">O&nbsp;Museu de Arte Sacra de S\u00e3o Paulo (MAS.SP), institui\u00e7\u00e3o da&nbsp;Secretaria da Cultura, Economia e Ind\u00fastria Criativas do Estado de S\u00e3o Paulo, em parceria com a&nbsp;LUXUS Magazine, abre a exposi\u00e7\u00e3o de lan\u00e7amento da&nbsp;7\u00aa Edi\u00e7\u00e3o do Anu\u00e1rio de Artes, que exibe obras de 50 artistas, com curadoria de&nbsp;Fernando Jardim&nbsp;e texto cr\u00edtico de&nbsp;Fabio Porchat.<\/p>\n\n\n\n<p class=\"has-text-align-center\">A abertura deu-se no dia\u00a011 de novembro, \u00e0s 11hs, ficando aberto \u00e0 visita\u00e7\u00e3o at\u00e9\u00a019 de novembro.<\/p>\n\n\n\n<p class=\"has-text-align-center\">O Anu\u00e1rio de Artes Luxus Magazine, um projeto s\u00f3lido, tem como objetivo consolidar a produ\u00e7\u00e3o da Arte ao longo do tempo, apresentando as diversas transforma\u00e7\u00f5es e os in\u00fameros talentos do Brasil. <\/p>\n\n\n\n<p class=\"has-text-align-center\">Esta colet\u00e2nea busca difundir, valorizar e apoiar a Arte, ao mesmo tempo em que divulga o\u00a0trabalho, o talento e a personalidade de cada artista participante. <\/p>\n\n\n\n<p class=\"has-text-align-center\">Como confirma Fabio Porchat, \u201cos colecionadores e cr\u00edticos de arte, al\u00e9m dos pr\u00f3prios artistas, aguardam a edi\u00e7\u00e3o desse livro para poderem se posicionar na integra\u00e7\u00e3o cultural e no envolvimento art\u00edstico, nos quais esses pintores e escultores est\u00e3o trilhando, para sedimentar as basilares tend\u00eancias da Arte Nacional Contempor\u00e2nea\u201d.<\/p>\n\n\n\n<p class=\"has-text-align-center\"><strong>Fonte: Assessoria de imprensa<\/strong><\/p>\n\n\n\n<p class=\"has-text-align-center\"><strong>Foto: Acervo pessoal<\/strong><\/p>\n\n\n\n<p class=\"has-text-align-center\"><strong>Edi\u00e7\u00e3o: Costa CoNsulting CO | Sula Costa MTB 0003600|GO<\/strong><\/p>\n","protected":false},"excerpt":{"rendered":"<p>No \u00faltimo dia 11 de novembro de 2023, o renomado arquiteto, designer e artista pl\u00e1stico&#8230;<\/p>\n","protected":false},"author":3,"featured_media":11236,"comment_status":"closed","ping_status":"open","sticky":false,"template":"","format":"standard","meta":{"om_disable_all_campaigns":false,"_monsterinsights_skip_tracking":false,"_monsterinsights_sitenote_active":false,"_monsterinsights_sitenote_note":"","_monsterinsights_sitenote_category":0,"spay_email":""},"categories":[1],"tags":[],"jetpack_featured_media_url":"https:\/\/vimagazine.com.br\/wp-content\/uploads\/2023\/11\/WhatsApp-Image-2023-11-12-at-10.49.05-e1700075824192.jpeg","_links":{"self":[{"href":"https:\/\/vimagazine.com.br\/index.php?rest_route=\/wp\/v2\/posts\/11235"}],"collection":[{"href":"https:\/\/vimagazine.com.br\/index.php?rest_route=\/wp\/v2\/posts"}],"about":[{"href":"https:\/\/vimagazine.com.br\/index.php?rest_route=\/wp\/v2\/types\/post"}],"author":[{"embeddable":true,"href":"https:\/\/vimagazine.com.br\/index.php?rest_route=\/wp\/v2\/users\/3"}],"replies":[{"embeddable":true,"href":"https:\/\/vimagazine.com.br\/index.php?rest_route=%2Fwp%2Fv2%2Fcomments&post=11235"}],"version-history":[{"count":1,"href":"https:\/\/vimagazine.com.br\/index.php?rest_route=\/wp\/v2\/posts\/11235\/revisions"}],"predecessor-version":[{"id":11238,"href":"https:\/\/vimagazine.com.br\/index.php?rest_route=\/wp\/v2\/posts\/11235\/revisions\/11238"}],"wp:featuredmedia":[{"embeddable":true,"href":"https:\/\/vimagazine.com.br\/index.php?rest_route=\/wp\/v2\/media\/11236"}],"wp:attachment":[{"href":"https:\/\/vimagazine.com.br\/index.php?rest_route=%2Fwp%2Fv2%2Fmedia&parent=11235"}],"wp:term":[{"taxonomy":"category","embeddable":true,"href":"https:\/\/vimagazine.com.br\/index.php?rest_route=%2Fwp%2Fv2%2Fcategories&post=11235"},{"taxonomy":"post_tag","embeddable":true,"href":"https:\/\/vimagazine.com.br\/index.php?rest_route=%2Fwp%2Fv2%2Ftags&post=11235"}],"curies":[{"name":"wp","href":"https:\/\/api.w.org\/{rel}","templated":true}]}}