{"id":11240,"date":"2023-11-16T10:31:52","date_gmt":"2023-11-16T13:31:52","guid":{"rendered":"https:\/\/vimagazine.com.br\/?p=11240"},"modified":"2023-11-16T10:32:58","modified_gmt":"2023-11-16T13:32:58","slug":"tempora-jazz-trio-faz-show-em-abertura-de-exposicao-na-galeria-33","status":"publish","type":"post","link":"https:\/\/vimagazine.com.br\/?p=11240","title":{"rendered":"Tempor\u00e3 Jazz Trio faz show em abertura de exposi\u00e7\u00e3o na Galeria 33\u00a0"},"content":{"rendered":"\n<p><em>Com entrada gratuita, os m\u00fasicos se apresentam no s\u00e1bado (25), \u00e0s 19h&nbsp;<\/em><\/p>\n\n\n<figure class=\"wp-block-post-featured-image\"><img width=\"1000\" height=\"525\" src=\"https:\/\/vimagazine.com.br\/wp-content\/uploads\/2023\/11\/400611267_920972549647626_3928946373882969868_n-e1700141503915.jpg\" class=\"attachment-post-thumbnail size-post-thumbnail wp-post-image\" alt=\"Tempor\u00e3 Jazz Trio faz show em abertura de exposi\u00e7\u00e3o na Galeria 33\u00a0\" loading=\"lazy\" srcset=\"https:\/\/vimagazine.com.br\/wp-content\/uploads\/2023\/11\/400611267_920972549647626_3928946373882969868_n-e1700141503915.jpg 1000w, https:\/\/vimagazine.com.br\/wp-content\/uploads\/2023\/11\/400611267_920972549647626_3928946373882969868_n-e1700141503915-300x158.jpg 300w, https:\/\/vimagazine.com.br\/wp-content\/uploads\/2023\/11\/400611267_920972549647626_3928946373882969868_n-e1700141503915-768x403.jpg 768w\" sizes=\"(max-width: 1000px) 100vw, 1000px\" decoding=\"async\" \/><\/figure>\n\n\n<p>O conjunto Tempor\u00e3 Jazz Trio, se apresenta s\u00e1bado (25) \u00e0s 19h, na Galeria 33, no Gl\u00f3ria. O show com entrada gratuita integra a abertura da exposi\u00e7\u00e3o &#8220;Vis\u00f5es Catarinenses&#8221;, com a com a exibi\u00e7\u00e3o de 20 artistas de v\u00e1rias cidades do Estado.&nbsp;&nbsp;<\/p>\n\n\n\n<p>&#8220;A diversidade geogr\u00e1fica e cultural de Santa Catarina \u00e9 um tra\u00e7o distinto e fundamental na forma\u00e7\u00e3o de sua identidade art\u00edstica. A exposi\u00e7\u00e3o &#8220;Vis\u00f5es Catarinenses&#8221; destaca essa diversidade ao reunir artistas que representam diversas origens, experi\u00eancias de vida e perspectivas art\u00edsticas&#8221;, destaca a curadora Katiana Machado.&nbsp;<\/p>\n\n\n\n<p>A exposi\u00e7\u00e3o inicia no dia 25 de novembro, segue at\u00e9 20 de janeiro de 2024 e re\u00fane artistas renomados, como Alceu Bett, Alena Marmo, Astrid Lindroth, D\u00e9cio Soncini, Domingos Fossari, Elke Hering, Erico da Silva, Guido Heuer, Gustavo Mello Nunes, Kolb, Manohead, M\u00f4a, Neri Andrade, Silvio Pl\u00e9ticos, Smekatz, Suely Beduschi, Therence Mir, Tirelli, Pita Camargo.&nbsp;<\/p>\n\n\n\n<p>Esta a\u00e7\u00e3o faz parte do Projeto Joinville+Cult Projeto 9906-120405 Incentivado pela FCC\/SC atrav\u00e9s do Mecenato Estadual PIC\/SC Saiba mais em: <a href=\"https:\/\/www.galeria33.com\/joinvillecult\">https:\/\/www.galeria33.com\/joinvillecult<\/a>&nbsp;<\/p>\n\n\n\n<p><strong>Agende-se<\/strong><\/p>\n\n\n\n<p><strong>O que: Abertura da Exposi\u00e7\u00e3o &#8220;Vis\u00f5es Catarinenses&#8221; com show <\/strong><strong>Tempor\u00e3 Jazz Trio<\/strong><\/p>\n\n\n\n<p>Quando: 25\/11\/2023 &#8211; A partir das 17h&nbsp;<\/p>\n\n\n\n<p>Onde: Galeria 33, Rua Bento Gon\u00e7alves &#8211; Rua Bento Gon\u00e7alves, 33, Gl\u00f3ria. Joinville.<\/p>\n\n\n\n<p>Mais informa\u00e7\u00f5es em: galeria33.com ou Whatsapp: +55 47 99277-9816<\/p>\n\n\n\n<p>Quanto: Gratuito&nbsp;<\/p>\n","protected":false},"excerpt":{"rendered":"<p>Com entrada gratuita, os m\u00fasicos se apresentam no s\u00e1bado (25), \u00e0s 19h&nbsp; O conjunto Tempor\u00e3&#8230;<\/p>\n","protected":false},"author":20,"featured_media":11241,"comment_status":"closed","ping_status":"open","sticky":false,"template":"","format":"standard","meta":{"om_disable_all_campaigns":false,"_monsterinsights_skip_tracking":false,"_monsterinsights_sitenote_active":false,"_monsterinsights_sitenote_note":"","_monsterinsights_sitenote_category":0,"spay_email":""},"categories":[1],"tags":[],"jetpack_featured_media_url":"https:\/\/vimagazine.com.br\/wp-content\/uploads\/2023\/11\/400611267_920972549647626_3928946373882969868_n-e1700141503915.jpg","_links":{"self":[{"href":"https:\/\/vimagazine.com.br\/index.php?rest_route=\/wp\/v2\/posts\/11240"}],"collection":[{"href":"https:\/\/vimagazine.com.br\/index.php?rest_route=\/wp\/v2\/posts"}],"about":[{"href":"https:\/\/vimagazine.com.br\/index.php?rest_route=\/wp\/v2\/types\/post"}],"author":[{"embeddable":true,"href":"https:\/\/vimagazine.com.br\/index.php?rest_route=\/wp\/v2\/users\/20"}],"replies":[{"embeddable":true,"href":"https:\/\/vimagazine.com.br\/index.php?rest_route=%2Fwp%2Fv2%2Fcomments&post=11240"}],"version-history":[{"count":3,"href":"https:\/\/vimagazine.com.br\/index.php?rest_route=\/wp\/v2\/posts\/11240\/revisions"}],"predecessor-version":[{"id":11244,"href":"https:\/\/vimagazine.com.br\/index.php?rest_route=\/wp\/v2\/posts\/11240\/revisions\/11244"}],"wp:featuredmedia":[{"embeddable":true,"href":"https:\/\/vimagazine.com.br\/index.php?rest_route=\/wp\/v2\/media\/11241"}],"wp:attachment":[{"href":"https:\/\/vimagazine.com.br\/index.php?rest_route=%2Fwp%2Fv2%2Fmedia&parent=11240"}],"wp:term":[{"taxonomy":"category","embeddable":true,"href":"https:\/\/vimagazine.com.br\/index.php?rest_route=%2Fwp%2Fv2%2Fcategories&post=11240"},{"taxonomy":"post_tag","embeddable":true,"href":"https:\/\/vimagazine.com.br\/index.php?rest_route=%2Fwp%2Fv2%2Ftags&post=11240"}],"curies":[{"name":"wp","href":"https:\/\/api.w.org\/{rel}","templated":true}]}}