{"id":11266,"date":"2023-11-21T15:47:00","date_gmt":"2023-11-21T18:47:00","guid":{"rendered":"https:\/\/vimagazine.com.br\/?p=11266"},"modified":"2023-11-21T15:47:02","modified_gmt":"2023-11-21T18:47:02","slug":"canasvieiras-ganha-um-novo-ponto-turistico-neste-sabado-25","status":"publish","type":"post","link":"https:\/\/vimagazine.com.br\/?p=11266","title":{"rendered":"Canasvieiras ganha um novo ponto tur\u00edstico neste s\u00e1bado (25)"},"content":{"rendered":"\n<p><em>Com investimento particular, projeto ser\u00e1 inaugurado com show e exposi\u00e7\u00e3o de arte, a partir das 15h.<\/em><\/p>\n\n\n<figure class=\"wp-block-post-featured-image\"><img width=\"1024\" height=\"576\" src=\"https:\/\/vimagazine.com.br\/wp-content\/uploads\/2023\/11\/WhatsApp-Image-2023-11-21-at-09.05.59-2.jpeg\" class=\"attachment-post-thumbnail size-post-thumbnail wp-post-image\" alt=\"Canasvieiras ganha um novo ponto tur\u00edstico neste s\u00e1bado (25)\" loading=\"lazy\" srcset=\"https:\/\/vimagazine.com.br\/wp-content\/uploads\/2023\/11\/WhatsApp-Image-2023-11-21-at-09.05.59-2.jpeg 1024w, https:\/\/vimagazine.com.br\/wp-content\/uploads\/2023\/11\/WhatsApp-Image-2023-11-21-at-09.05.59-2-300x169.jpeg 300w, https:\/\/vimagazine.com.br\/wp-content\/uploads\/2023\/11\/WhatsApp-Image-2023-11-21-at-09.05.59-2-768x432.jpeg 768w\" sizes=\"(max-width: 1024px) 100vw, 1024px\" decoding=\"async\" \/><\/figure>\n\n\n<p>A paisagem e a rotina da rua Jos\u00e9 Daux, que leva at\u00e9 a praia de Canasvieiras, vai mudar a partir de s\u00e1bado (25). Idealizado pelo engenheiro e empres\u00e1rio Jos\u00e9 Augusto Daux, o espa\u00e7o p\u00fablico foi revitalizado e proporcionar\u00e1 entretenimento, cultura e gastronomia para os frequentadores.&nbsp;<\/p>\n\n\n\n<p><strong>&#8220;A inten\u00e7\u00e3o \u00e9 que as pessoas utilizem a rua n\u00e3o apenas como local de passagem para a praia, mas de encontro e perman\u00eancia&#8221;, explica Jos\u00e9 Augusto.<\/strong>\u00a0\u00a0<\/p>\n\n\n\n<p>O projeto integralmente financiado com investimento particular e entregue em etapas, contempla a valoriza\u00e7\u00e3o do espa\u00e7o, com melhoria da paisagem urbana, da seguran\u00e7a nos deslocamentos e com a cria\u00e7\u00e3o de favorecimento \u00e0 caminhabilidade, al\u00e9m de ser uma galeria a c\u00e9u aberto, ter uma agenda anual de atra\u00e7\u00f5es culturais e ainda resgata a hist\u00f3ria do bairro.&nbsp;<\/p>\n\n\n\n<figure class=\"wp-block-image alignleft size-large is-resized\"><img src=\"https:\/\/vimagazine.com.br\/wp-content\/uploads\/2023\/11\/Jose-Augusto-na-frente-da-galeria-de-arte--768x1024.jpeg\" alt=\"\" class=\"wp-image-11268\" width=\"-361\" height=\"-481\" srcset=\"https:\/\/vimagazine.com.br\/wp-content\/uploads\/2023\/11\/Jose-Augusto-na-frente-da-galeria-de-arte--768x1024.jpeg 768w, https:\/\/vimagazine.com.br\/wp-content\/uploads\/2023\/11\/Jose-Augusto-na-frente-da-galeria-de-arte--225x300.jpeg 225w, https:\/\/vimagazine.com.br\/wp-content\/uploads\/2023\/11\/Jose-Augusto-na-frente-da-galeria-de-arte--1152x1536.jpeg 1152w, https:\/\/vimagazine.com.br\/wp-content\/uploads\/2023\/11\/Jose-Augusto-na-frente-da-galeria-de-arte--1024x1365.jpeg 1024w, https:\/\/vimagazine.com.br\/wp-content\/uploads\/2023\/11\/Jose-Augusto-na-frente-da-galeria-de-arte-.jpeg 1440w\" sizes=\"(max-width: 768px) 100vw, 768px\" \/><figcaption>O projeto foi idealizado pelo engenheiro e empres\u00e1rio Jos\u00e9 Augusto Daux<\/figcaption><\/figure>\n\n\n\n<p>Para realizar tais mudan\u00e7as, o empres\u00e1rio contou com a arquiteta e paisagista, Ana Trevisan. &#8220;Assinamos os projetos paisag\u00edsticos e de revitaliza\u00e7\u00e3o do local, ent\u00e3o, projetamos as mudan\u00e7as na rua pensando em acolher as pessoas que passarem por l\u00e1 com um visual mais gentil e confort\u00e1vel, dando espa\u00e7o para diferentes express\u00f5es culturais em uma das praias mais movimentadas da Ilha&#8221;, conta a profissional.&nbsp;<\/p>\n\n\n\n<p>Para diminuir a polui\u00e7\u00e3o visual, a fia\u00e7\u00e3o de luz tamb\u00e9m foi modificada para postes subterr\u00e2neos e o ambiente adaptado para acessibilidade. A primeira etapa foi realizada em um per\u00edodo de quatro meses.&nbsp;&nbsp;&nbsp;&nbsp;<\/p>\n\n\n\n<p>Segundo o superintendente de Obras de Florian\u00f3polis, Ivan Luiz Ceola Schneider, parcerias p\u00fablico\/privada como essa s\u00e3o incomuns na cidade, sendo esta uma melhoria sem sair dinheiro dos cofres p\u00fablicos e que trar\u00e1 v\u00e1rios benef\u00edcios para Florian\u00f3polis como um todo. &#8220;As demandas do poder p\u00fablico acabam tendo de ser destinadas para \u00e1reas mais carentes e com isso obras de embelezamento tendem a ficar em segundo plano, ent\u00e3o um projeto como esse na rua Jos\u00e9 Daux acaba sendo como um presente para os moradores e atraindo turistas&#8221;, destaca.&nbsp;&nbsp;&nbsp;&nbsp;<\/p>\n\n\n\n<p><strong>Nova gera\u00e7\u00e3o&nbsp;<\/strong><\/p>\n\n\n\n<p>Jos\u00e9 Augusto Daux \u00e9 engenheiro civil com MBA e MRED conclu\u00eddos na University of Southern California e s\u00f3cio da startup Locates Intelig\u00eancia Imobili\u00e1ria. Empresa que usa intelig\u00eancia geogr\u00e1fica e de dados para auxiliar players dos setores imobili\u00e1rios e da constru\u00e7\u00e3o civil na tomada de decis\u00f5es para a estrutura\u00e7\u00e3o, an\u00e1lise e qualifica\u00e7\u00e3o de projetos de empreendimentos. &nbsp;<\/p>\n\n\n\n<p>Al\u00e9m disso, ele tamb\u00e9m \u00e9 neto de Jos\u00e9 Carlos Daux, um homem vision\u00e1rio que, ainda na d\u00e9cada de 60, conseguiu enxergar em Florian\u00f3polis um potencial imenso para o turismo. Foi respons\u00e1vel por construir diversos hot\u00e9is e alavancar o turismo da Ilha de Santa Catarina. Entre as suas obras, destaque para o Hotel Majestic Palace e Ed. La Perle, na Beira-Mar Norte.&nbsp;<\/p>\n\n\n\n<p>&#8220;Canavieiras faz parte da hist\u00f3ria da minha fam\u00edlia. Acredito que nossos av\u00f3s desbravaram a cidade, nossos pais constru\u00edram e agora, na nossa vez, a ideia \u00e9 melhorar, evoluir e aprimorar. Como pessoa eu tenho muitos privil\u00e9gios e entre eles \u00e9 poder me dedicar a projetos que me d\u00e3o orgulho como este que estamos desenvolvendo no bairro&#8221;, pontua Jos\u00e9 Augusto.&nbsp;&nbsp;&nbsp;<\/p>\n\n\n\n<p><strong>Agende-se<\/strong><\/p>\n\n\n\n<p><strong>O que: Inaugura\u00e7\u00e3o Largo Rua Jos\u00e9 Daux<\/strong><\/p>\n\n\n\n<p>Quando: 25\/11, a partir das 15h<\/p>\n\n\n\n<p>Onde: Rua Jos\u00e9 Daux &#8211; Canasvieiras&nbsp;<\/p>\n\n\n\n<p>Quanto: Gratuito&nbsp;<\/p>\n","protected":false},"excerpt":{"rendered":"<p>Com investimento particular, projeto ser\u00e1 inaugurado com show e exposi\u00e7\u00e3o de arte, a partir das&#8230;<\/p>\n","protected":false},"author":20,"featured_media":11267,"comment_status":"closed","ping_status":"open","sticky":false,"template":"","format":"standard","meta":{"om_disable_all_campaigns":false,"_monsterinsights_skip_tracking":false,"_monsterinsights_sitenote_active":false,"_monsterinsights_sitenote_note":"","_monsterinsights_sitenote_category":0,"spay_email":""},"categories":[1],"tags":[],"jetpack_featured_media_url":"https:\/\/vimagazine.com.br\/wp-content\/uploads\/2023\/11\/WhatsApp-Image-2023-11-21-at-09.05.59-2.jpeg","_links":{"self":[{"href":"https:\/\/vimagazine.com.br\/index.php?rest_route=\/wp\/v2\/posts\/11266"}],"collection":[{"href":"https:\/\/vimagazine.com.br\/index.php?rest_route=\/wp\/v2\/posts"}],"about":[{"href":"https:\/\/vimagazine.com.br\/index.php?rest_route=\/wp\/v2\/types\/post"}],"author":[{"embeddable":true,"href":"https:\/\/vimagazine.com.br\/index.php?rest_route=\/wp\/v2\/users\/20"}],"replies":[{"embeddable":true,"href":"https:\/\/vimagazine.com.br\/index.php?rest_route=%2Fwp%2Fv2%2Fcomments&post=11266"}],"version-history":[{"count":1,"href":"https:\/\/vimagazine.com.br\/index.php?rest_route=\/wp\/v2\/posts\/11266\/revisions"}],"predecessor-version":[{"id":11269,"href":"https:\/\/vimagazine.com.br\/index.php?rest_route=\/wp\/v2\/posts\/11266\/revisions\/11269"}],"wp:featuredmedia":[{"embeddable":true,"href":"https:\/\/vimagazine.com.br\/index.php?rest_route=\/wp\/v2\/media\/11267"}],"wp:attachment":[{"href":"https:\/\/vimagazine.com.br\/index.php?rest_route=%2Fwp%2Fv2%2Fmedia&parent=11266"}],"wp:term":[{"taxonomy":"category","embeddable":true,"href":"https:\/\/vimagazine.com.br\/index.php?rest_route=%2Fwp%2Fv2%2Fcategories&post=11266"},{"taxonomy":"post_tag","embeddable":true,"href":"https:\/\/vimagazine.com.br\/index.php?rest_route=%2Fwp%2Fv2%2Ftags&post=11266"}],"curies":[{"name":"wp","href":"https:\/\/api.w.org\/{rel}","templated":true}]}}