{"id":11279,"date":"2023-11-23T06:37:13","date_gmt":"2023-11-23T09:37:13","guid":{"rendered":"https:\/\/vimagazine.com.br\/?p=11279"},"modified":"2023-11-23T06:37:16","modified_gmt":"2023-11-23T09:37:16","slug":"rossandro-klinjey-e-mario-sergio-cortella-lancam-livro-em-sao-paulo","status":"publish","type":"post","link":"https:\/\/vimagazine.com.br\/?p=11279","title":{"rendered":"<strong>Rossandro Klinjey e M\u00e1rio S\u00e9rgio Cortella lan\u00e7am livro em S\u00e3o Paulo<\/strong>"},"content":{"rendered":"\n<p class=\"has-text-align-center\">Autores lan\u00e7aram o livro &#8220;As Quatro Esta\u00e7\u00f5es da Alma: da Ang\u00fastia \u00e0 Esperan\u00e7a&#8221;, no \u00faltimo dia (21\/11), no Teatro UOL, no Shopping P\u00e1tio Higien\u00f3polis<\/p>\n\n\n\n<figure class=\"wp-block-image size-large is-resized\"><img src=\"https:\/\/vimagazine.com.br\/wp-content\/uploads\/2023\/11\/71guJ7KB2SL._SL1500_-683x1024.jpg\" alt=\"\" class=\"wp-image-11280\" width=\"840\" height=\"1259\" srcset=\"https:\/\/vimagazine.com.br\/wp-content\/uploads\/2023\/11\/71guJ7KB2SL._SL1500_-683x1024.jpg 683w, https:\/\/vimagazine.com.br\/wp-content\/uploads\/2023\/11\/71guJ7KB2SL._SL1500_-200x300.jpg 200w, https:\/\/vimagazine.com.br\/wp-content\/uploads\/2023\/11\/71guJ7KB2SL._SL1500_-768x1151.jpg 768w, https:\/\/vimagazine.com.br\/wp-content\/uploads\/2023\/11\/71guJ7KB2SL._SL1500_.jpg 1001w\" sizes=\"(max-width: 840px) 100vw, 840px\" \/><\/figure>\n\n\n\n<p>\u00a0\u00a0\u00a0\u00a0O evento come\u00e7ou \u00e0s 19h30, com um bate-papo descontra\u00eddo entre Rossandro e Cortella. \u00a0O di\u00e1logo entre os dois teve a dura\u00e7\u00e3o de 60 minutos, os autores discorreram amplamente sobre o livro, falando desde quest\u00f5es que afligem a alma do ser humano na sua individualidade at\u00e9 as v\u00e1rias nuances que permeiam o conv\u00edvio em coletividade, bem como a import\u00e2ncia do autoconhecimento e quest\u00f5es socioemocionais.<\/p>\n\n\n\n<figure class=\"wp-block-image size-full\"><img width=\"800\" height=\"648\" src=\"https:\/\/vimagazine.com.br\/wp-content\/uploads\/2023\/11\/0450dba0-6105-48ed-8e8a-9bd1682f4f49.jpg\" alt=\"\" class=\"wp-image-11281\" srcset=\"https:\/\/vimagazine.com.br\/wp-content\/uploads\/2023\/11\/0450dba0-6105-48ed-8e8a-9bd1682f4f49.jpg 800w, https:\/\/vimagazine.com.br\/wp-content\/uploads\/2023\/11\/0450dba0-6105-48ed-8e8a-9bd1682f4f49-300x243.jpg 300w, https:\/\/vimagazine.com.br\/wp-content\/uploads\/2023\/11\/0450dba0-6105-48ed-8e8a-9bd1682f4f49-768x622.jpg 768w\" sizes=\"(max-width: 800px) 100vw, 800px\" \/><\/figure>\n\n\n\n<p>\u00a0A obra intitulada &#8220;As Quatro Esta\u00e7\u00f5es da Alma: Da Ang\u00fastia \u00e0 Esperan\u00e7a&#8221;, traz in\u00fameras reflex\u00f5es e leva os leitores a uma imers\u00e3o sobre fatores ligados \u00e0s emo\u00e7\u00f5es, o que prop\u00f5e o leitor a pensar na import\u00e2ncia do autoconhecimento, a valoriza\u00e7\u00e3o do que realmente importa, dentre tantos outros aspectos que s\u00e3o fundamentais para se raciocinar e fomentar a melhoria das rela\u00e7\u00f5es humanas na atualidade.<\/p>\n\n\n\n<figure class=\"wp-block-image size-full\"><img width=\"800\" height=\"640\" src=\"https:\/\/vimagazine.com.br\/wp-content\/uploads\/2023\/11\/23575f0b-599f-4229-be25-6b89ffd76239-1.jpg\" alt=\"\" class=\"wp-image-11282\" srcset=\"https:\/\/vimagazine.com.br\/wp-content\/uploads\/2023\/11\/23575f0b-599f-4229-be25-6b89ffd76239-1.jpg 800w, https:\/\/vimagazine.com.br\/wp-content\/uploads\/2023\/11\/23575f0b-599f-4229-be25-6b89ffd76239-1-300x240.jpg 300w, https:\/\/vimagazine.com.br\/wp-content\/uploads\/2023\/11\/23575f0b-599f-4229-be25-6b89ffd76239-1-768x614.jpg 768w\" sizes=\"(max-width: 800px) 100vw, 800px\" \/><\/figure>\n\n\n\n<p>&nbsp;&nbsp;Rossandro Klinjey \u201cressaltou a relev\u00e2ncia do lan\u00e7amento do livro, j\u00e1 que a obra, cumpri um papel de transformar vidas\u201d, destacou o especialista.<\/p>\n\n\n\n<p>\u00a0\u00a0 \u201cainda segundo ele, foi uma felicidade escrever o livro em parceria com M\u00e1rio S\u00e9rgio Cortella, que \u00e9 um amigo e um ser humano por quem ele tem imensa admira\u00e7\u00e3o\u201d, concluiu.<\/p>\n\n\n\n<figure class=\"wp-block-image size-full\"><img width=\"800\" height=\"1014\" src=\"https:\/\/vimagazine.com.br\/wp-content\/uploads\/2023\/11\/2f5882d8-0904-44a4-9754-9f1828e59a08.jpg\" alt=\"Rossandro Klinjey e M\u00e1rio S\u00e9rgio Cortella lan\u00e7am livro em S\u00e3o Paulo\" class=\"wp-image-11283\" srcset=\"https:\/\/vimagazine.com.br\/wp-content\/uploads\/2023\/11\/2f5882d8-0904-44a4-9754-9f1828e59a08.jpg 800w, https:\/\/vimagazine.com.br\/wp-content\/uploads\/2023\/11\/2f5882d8-0904-44a4-9754-9f1828e59a08-237x300.jpg 237w, https:\/\/vimagazine.com.br\/wp-content\/uploads\/2023\/11\/2f5882d8-0904-44a4-9754-9f1828e59a08-768x973.jpg 768w\" sizes=\"(max-width: 800px) 100vw, 800px\" \/><\/figure>\n\n\n\n<p><strong><em>Sobre os autores&nbsp;<\/em><\/strong><\/p>\n\n\n\n<p><strong>Rossandro Klinjey<\/strong>&nbsp;\u00e9 psic\u00f3logo, professor, palestrante, consultor em Educa\u00e7\u00e3o e&nbsp;Desenvolvimento Humano. Fundador do Instituto RK e da Educa, empresa de educa\u00e7\u00e3o socioemocional, atua tamb\u00e9m como professor convidado do curso de Felicidade da Unicamp e do mestrado em Psicologia Organizacional da PUCRS. Procura traduzir a Psicologia para uma linguagem de f\u00e1cil compreens\u00e3o e consolidou-se como um dos dez maiores palestrantes em aperfei\u00e7oamento pessoal do Brasil.<\/p>\n\n\n\n<p>Seu olhar humanista e sua narrativa convidativa resultaram em best-sellers como Help! Me Eduque, Autoperd\u00e3o \u2013 O Aprendizado Necess\u00e1rio, Eu Escolho Ser Feliz, As Cinco Faces do Perd\u00e3o e O Tempo do Autoencontro. Colunista da r\u00e1dio CBN Brasil com dois quadros semanais e \u00e0 frente do podcast Cuidando da Alma, tem intensificado a&nbsp;discuss\u00e3o sobre autoconhecimento e bem-estar. Esses temas j\u00e1 atra\u00edram mais de 17 mil alunos para seu programa de desenvolvimento pessoal \u201cAprender a se amar e parar de se sabotar\u201d.<\/p>\n\n\n\n<p><strong>Mario Sergio Cortella<\/strong>&nbsp;\u00e9 fil\u00f3sofo, escritor e palestrante, com mestrado e doutorado em Educa\u00e7\u00e3o pela PUC-SP, onde atuou como professor titular por 35 anos (1977-2012). Foi secret\u00e1rio municipal de Educa\u00e7\u00e3o de S\u00e3o Paulo (1991-1992), tendo antes sido assessor especial e chefe de gabinete do professor Paulo Freire. \u00c9 autor de diversos livros nas \u00e1reas de educa\u00e7\u00e3o, filosofia, teologia e motiva\u00e7\u00e3o e carreira, como Nos labirintos da moral, com Yves de La Taille, \u00c9tica e vergonha na cara!, com Cl\u00f3vis de Barros Filho, Nem anjos nem dem\u00f4nios: A humana escolha entre virtudes e v\u00edcios, com Monja Coen, e Viver, a que se destina?, com Leandro Karnal, todos publicados pela Papirus 7 Mares.<\/p>\n\n\n\n<p>Fotos: divulga\u00e7\u00e3o<\/p>\n","protected":false},"excerpt":{"rendered":"<p>Autores lan\u00e7aram o livro &#8220;As Quatro Esta\u00e7\u00f5es da Alma: da Ang\u00fastia \u00e0 Esperan\u00e7a&#8221;, no \u00faltimo&#8230;<\/p>\n","protected":false},"author":2,"featured_media":11284,"comment_status":"closed","ping_status":"open","sticky":false,"template":"","format":"standard","meta":{"om_disable_all_campaigns":false,"_monsterinsights_skip_tracking":false,"_monsterinsights_sitenote_active":false,"_monsterinsights_sitenote_note":"","_monsterinsights_sitenote_category":0,"spay_email":""},"categories":[27,26,1],"tags":[772,771,770],"jetpack_featured_media_url":"https:\/\/vimagazine.com.br\/wp-content\/uploads\/2023\/11\/05a24004-fb76-4b8c-a2d9-68297aec4aab.jpg","_links":{"self":[{"href":"https:\/\/vimagazine.com.br\/index.php?rest_route=\/wp\/v2\/posts\/11279"}],"collection":[{"href":"https:\/\/vimagazine.com.br\/index.php?rest_route=\/wp\/v2\/posts"}],"about":[{"href":"https:\/\/vimagazine.com.br\/index.php?rest_route=\/wp\/v2\/types\/post"}],"author":[{"embeddable":true,"href":"https:\/\/vimagazine.com.br\/index.php?rest_route=\/wp\/v2\/users\/2"}],"replies":[{"embeddable":true,"href":"https:\/\/vimagazine.com.br\/index.php?rest_route=%2Fwp%2Fv2%2Fcomments&post=11279"}],"version-history":[{"count":1,"href":"https:\/\/vimagazine.com.br\/index.php?rest_route=\/wp\/v2\/posts\/11279\/revisions"}],"predecessor-version":[{"id":11285,"href":"https:\/\/vimagazine.com.br\/index.php?rest_route=\/wp\/v2\/posts\/11279\/revisions\/11285"}],"wp:featuredmedia":[{"embeddable":true,"href":"https:\/\/vimagazine.com.br\/index.php?rest_route=\/wp\/v2\/media\/11284"}],"wp:attachment":[{"href":"https:\/\/vimagazine.com.br\/index.php?rest_route=%2Fwp%2Fv2%2Fmedia&parent=11279"}],"wp:term":[{"taxonomy":"category","embeddable":true,"href":"https:\/\/vimagazine.com.br\/index.php?rest_route=%2Fwp%2Fv2%2Fcategories&post=11279"},{"taxonomy":"post_tag","embeddable":true,"href":"https:\/\/vimagazine.com.br\/index.php?rest_route=%2Fwp%2Fv2%2Ftags&post=11279"}],"curies":[{"name":"wp","href":"https:\/\/api.w.org\/{rel}","templated":true}]}}