{"id":11293,"date":"2023-11-25T12:49:34","date_gmt":"2023-11-25T15:49:34","guid":{"rendered":"https:\/\/vimagazine.com.br\/?p=11293"},"modified":"2023-11-25T13:11:19","modified_gmt":"2023-11-25T16:11:19","slug":"comunidades-tradicionais-brasileiras-se-preparam-para-ter-participacao-efetiva-na-cop28-em-dubai","status":"publish","type":"post","link":"https:\/\/vimagazine.com.br\/?p=11293","title":{"rendered":"Comunidades tradicionais brasileiras se preparam para ter participa\u00e7\u00e3o efetiva na COP28, em Dubai"},"content":{"rendered":"\n<p><\/p>\n\n\n\n<p><\/p>\n\n\n\n<figure class=\"wp-block-table\"><table><tbody><tr><td>A presen\u00e7a de jovens, militantes e representantes de comunidades tradicionais vem sendo visivelmente crescente nas Confer\u00eancia das Na\u00e7\u00f5es Unidas sobre Mudan\u00e7as Clim\u00e1ticas. Apesar de n\u00e3o fazerem parte das negocia\u00e7\u00f5es diretas, sua presen\u00e7a simboliza suas lutas e exerce press\u00e3o sobre as autoridades. Muitos, no entanto, chegam l\u00e1 e se deparam com discuss\u00f5es, sobretudo t\u00e9cnicas, dificultando a efetiva participa\u00e7\u00e3o dessas pessoas, como uma barreira invis\u00edvel. Para a delega\u00e7\u00e3o de representantes de comunidades tradicionais brasileiras do Fundo Casa Socioambiental, a COP-28, entre os dias 30 de novembro e 12 de dezembro de 2023, na Expo City, Dubai, nos Emirados \u00c1rabes Unidos, n\u00e3o ser\u00e1 assim.\u00a0<br>Com o intuito de encurtar a dist\u00e2ncia entre as pontas que separam os acordos mundiais e a realidade daqueles que vivem o dia a dia de projetos e associa\u00e7\u00f5es de base comunit\u00e1ria, o Fundo Casa Socioambiental iniciou, em 2022, um projeto que busca promover o interc\u00e2mbio de experi\u00eancias e informa\u00e7\u00f5es com lideran\u00e7as que atuam por sustentabilidade socioambiental e pela integridade de seus territ\u00f3rios, bem como a compreens\u00e3o de fatores relacionados \u00e0 implementa\u00e7\u00e3o de acordos multilaterais e pol\u00edticas p\u00fablicas.<br>Para a ativista quilombola Selma Dealdina, membro da Coordena\u00e7\u00e3o Nacional de Articula\u00e7\u00e3o das Comunidades Negras Rurais Quilombolas (CONAQ) e vice-presidente do Conselho do Fundo Casa Socioambiental, \u00e9 preciso maior representatividade para tornar a COP mais popular e acess\u00edvel. &#8220;\u00c9 preciso oportunidade e acesso e, por isso, a capacita\u00e7\u00e3o foi importante para aquecer os participantes, preparando-os para participar da tomada de decis\u00f5es que impactam a vida das pessoas que est\u00e3o na base, vivendo e atuando em comunidades tradicionais como guardi\u00f5es das florestas. \u00c9 preciso explicar \u00e0s pessoas o que significa a COP, o que ela representa a fim de popularizar o debate sobre o clima&#8221;, aponta.<br>A COP \u00e9 um espa\u00e7o de constru\u00e7\u00e3o no qual pode haver diverg\u00eancias, mas precisa ser coletiva. &#8220;Precisamos estar presentes nestes espa\u00e7os para que n\u00e3o discutam sobre n\u00f3s sem n\u00f3s. \u00c9 preciso que esse debate e esses encontros sejam mais democr\u00e1ticos e coletivos. Hoje, a COP ainda n\u00e3o \u00e9 um espa\u00e7o para quem trabalha pela preserva\u00e7\u00e3o na ponta e, no Brasil, a confer\u00eancia pode ter uma participa\u00e7\u00e3o popular abrindo espa\u00e7o para o debate sobre a distribui\u00e7\u00e3o e a destina\u00e7\u00e3o dos recursos&#8221;, acrescenta Selma.Com palestras online e presenciais, as oficinas foram ministradas durante um per\u00edodo de seis meses, motivando o debate acerca do uso do solo, restaura\u00e7\u00e3o de ecossistemas, emerg\u00eancia clim\u00e1tica, mercado de carbono, filantropia, financiamento clim\u00e1tico, entre outros temas que ser\u00e3o discutidos durante o evento.\u00a0<br>Para Cristina Orpheo, diretora executiva do Fundo Casa Socioambiental, &#8220;existe um desafio global no campo do financiamento para fazer os recursos chegarem \u00e0s comunidades tradicionais e locais e, por isso, propiciar a essas lideran\u00e7as estar nesses espa\u00e7os de tomada de decis\u00e3o e participar das discuss\u00f5es \u00e9 amplificar vozes e fortalecer as lideran\u00e7as que atuam na defesa pela preserva\u00e7\u00e3o de seus territ\u00f3rios&#8221;, explica.\u00a0<br>Ao todo, 63 pessoas de diferentes organiza\u00e7\u00f5es participaram das forma\u00e7\u00f5es oferecidas pelo Fundo Casa em 2022 e 2023, representando 15 estados brasileiros, al\u00e9m de representantes de outros sete pa\u00edses. Este ano, a delega\u00e7\u00e3o oficial do Fundo Casa \u00e9 formada por 17 pessoas, entre membros da equipe e parceiros estrat\u00e9gicos, que representar\u00e3o comunidades ribeirinhas, povos ind\u00edgenas, extrativistas e quilombolas. A participa\u00e7\u00e3o de lideran\u00e7as comunit\u00e1rias tem sido crescente nas COPs, uma vez que, al\u00e9m das discuss\u00f5es entre governos e seus negociadores, as confer\u00eancias contam com um espa\u00e7o destinado \u00e0 sociedade civil.\u00a0<br>&#8220;Partimos de uma realidade da Amaz\u00f4nia brasileira em que os desafios v\u00e3o desde assegurar os direitos da natureza em sua integralidade, incluindo os direitos dos povos, at\u00e9 garantir a prote\u00e7\u00e3o da vida de defensores das causas socioambientais, culturais e religiosas e, particularmente, o enfrentamento a projetos que ampliam as mudan\u00e7as clim\u00e1ticas na regi\u00e3o, como a constru\u00e7\u00e3o de hidrel\u00e9tricas, hidrovias, assim como a expans\u00e3o da explora\u00e7\u00e3o do petr\u00f3leo em rios e na foz do Amazonas&#8221;, destaca Iremar Ferreira, coordenador do Instituto Madeira Vivo e membro do F\u00f3rum Mudan\u00e7as Clim\u00e1ticas e Justi\u00e7a Socioambiental, um dos integrantes da delega\u00e7\u00e3o composta pelo Fundo Casa.\u00a0<br><br><strong>Sobre o Fundo Casa Socioambiental<\/strong> &#8211; O Fundo Casa Socioambiental \u00e9 uma organiza\u00e7\u00e3o que busca promover a conserva\u00e7\u00e3o e a sustentabilidade ambiental, a democracia, o respeito aos direitos socioambientais e a justi\u00e7a social por meio do apoio financeiro e fortalecimento de capacidades de iniciativas da sociedade civil.<br>Desde sua funda\u00e7\u00e3o em 2005, o Fundo Casa j\u00e1 apoiou mais de 3.200 projetos, totalizando cerca de R$80 milh\u00f5es em apoios diretos aos principais guardi\u00f5es dos biomas Sul-Americanos, se consolidando como um dos principais apoiadores de popula\u00e7\u00f5es tradicionais em toda sua diversidade.<\/td><\/tr><\/tbody><\/table><\/figure>\n\n\n\n<figure class=\"wp-block-table\"><table><tbody><tr><td><\/td><\/tr><\/tbody><\/table><\/figure>\n","protected":false},"excerpt":{"rendered":"<p>A presen\u00e7a de jovens, militantes e representantes de comunidades tradicionais vem sendo visivelmente crescente nas&#8230;<\/p>\n","protected":false},"author":1,"featured_media":11294,"comment_status":"closed","ping_status":"open","sticky":false,"template":"","format":"standard","meta":{"om_disable_all_campaigns":false,"_monsterinsights_skip_tracking":false,"_monsterinsights_sitenote_active":false,"_monsterinsights_sitenote_note":"","_monsterinsights_sitenote_category":0,"spay_email":""},"categories":[1],"tags":[],"jetpack_featured_media_url":"https:\/\/vimagazine.com.br\/wp-content\/uploads\/2023\/11\/512a193a-e77f-41b4-b0bd-7146ceb052d6.jpg","_links":{"self":[{"href":"https:\/\/vimagazine.com.br\/index.php?rest_route=\/wp\/v2\/posts\/11293"}],"collection":[{"href":"https:\/\/vimagazine.com.br\/index.php?rest_route=\/wp\/v2\/posts"}],"about":[{"href":"https:\/\/vimagazine.com.br\/index.php?rest_route=\/wp\/v2\/types\/post"}],"author":[{"embeddable":true,"href":"https:\/\/vimagazine.com.br\/index.php?rest_route=\/wp\/v2\/users\/1"}],"replies":[{"embeddable":true,"href":"https:\/\/vimagazine.com.br\/index.php?rest_route=%2Fwp%2Fv2%2Fcomments&post=11293"}],"version-history":[{"count":2,"href":"https:\/\/vimagazine.com.br\/index.php?rest_route=\/wp\/v2\/posts\/11293\/revisions"}],"predecessor-version":[{"id":11297,"href":"https:\/\/vimagazine.com.br\/index.php?rest_route=\/wp\/v2\/posts\/11293\/revisions\/11297"}],"wp:featuredmedia":[{"embeddable":true,"href":"https:\/\/vimagazine.com.br\/index.php?rest_route=\/wp\/v2\/media\/11294"}],"wp:attachment":[{"href":"https:\/\/vimagazine.com.br\/index.php?rest_route=%2Fwp%2Fv2%2Fmedia&parent=11293"}],"wp:term":[{"taxonomy":"category","embeddable":true,"href":"https:\/\/vimagazine.com.br\/index.php?rest_route=%2Fwp%2Fv2%2Fcategories&post=11293"},{"taxonomy":"post_tag","embeddable":true,"href":"https:\/\/vimagazine.com.br\/index.php?rest_route=%2Fwp%2Fv2%2Ftags&post=11293"}],"curies":[{"name":"wp","href":"https:\/\/api.w.org\/{rel}","templated":true}]}}