{"id":11312,"date":"2023-11-28T09:20:00","date_gmt":"2023-11-28T12:20:00","guid":{"rendered":"https:\/\/vimagazine.com.br\/?p=11312"},"modified":"2023-11-28T09:20:01","modified_gmt":"2023-11-28T12:20:01","slug":"projeto-diamantes-de-dalida-realiza-leilao-em-prol-de-criancas-de-mocambique","status":"publish","type":"post","link":"https:\/\/vimagazine.com.br\/?p=11312","title":{"rendered":"Projeto Diamantes de D\u00e1lida realiza leil\u00e3o em prol de crian\u00e7as de Mo\u00e7ambique\u00a0"},"content":{"rendered":"\n<p><em>Interessados em adquirir obra de artista africano podem dar lances entre os dias 6 e 23 de dezembro na Casa 97; valor ser\u00e1 destinado \u00e0 alimenta\u00e7\u00e3o de 700 crian\u00e7as da aldeia de Namacata&nbsp;<\/em><\/p>\n\n\n\n<p>Duas refei\u00e7\u00f5es por semana, apenas. \u00c9 com um prato de arroz e feij\u00e3o aos s\u00e1bados e papa de farinha branca ado\u00e7ada, servida \u00e0s quartas-feiras, que 700 crian\u00e7as da aldeia de Namacata, na regi\u00e3o da Zamb\u00e9sia, em Mo\u00e7ambique, sobrevivem. <\/p>\n\n\n\n<p>A situa\u00e7\u00e3o s\u00f3 n\u00e3o \u00e9 pior porque em Joinville, a mais de 8,5 mil quil\u00f4metros de dist\u00e2ncia, 15 volunt\u00e1rias se uniram para enviar recursos e alimentar a esperan\u00e7a por dias melhores.\u00a0<\/p>\n\n\n\n<p>Inspiradas pela mission\u00e1ria brasileira D\u00e1lida Ruiz \u2013 que atualmente vive na \u00c1frica \u2013, as joinvilenses criaram a Associa\u00e7\u00e3o Diamantes de D\u00e1lida. <\/p>\n\n\n\n<p>Desde maio, em encontros semanais, elas confeccionam artesanato e, com o dinheiro das vendas, custeiam as duas refei\u00e7\u00f5es semanais. <\/p>\n\n\n\n<figure class=\"wp-block-image size-full\"><img width=\"1024\" height=\"768\" src=\"https:\/\/vimagazine.com.br\/wp-content\/uploads\/2023\/11\/voluntarias-10.jpg\" alt=\"\" class=\"wp-image-11314\" srcset=\"https:\/\/vimagazine.com.br\/wp-content\/uploads\/2023\/11\/voluntarias-10.jpg 1024w, https:\/\/vimagazine.com.br\/wp-content\/uploads\/2023\/11\/voluntarias-10-300x225.jpg 300w, https:\/\/vimagazine.com.br\/wp-content\/uploads\/2023\/11\/voluntarias-10-768x576.jpg 768w\" sizes=\"(max-width: 1024px) 100vw, 1024px\" \/><\/figure>\n\n\n\n<p><strong>A meta \u00e9 oferecer, o mais rapidamente poss\u00edvel, uma refei\u00e7\u00e3o di\u00e1ria na aldeia.\u00a0<\/strong><\/p>\n\n\n\n<p>Al\u00e9m da produ\u00e7\u00e3o de bonecas, chaveiros, marca-p\u00e1ginas e de outros artigos que remetem \u00e0 cultura africana, o grupo vai realizar neste m\u00eas um leil\u00e3o beneficente e a venda de batiques originais \u2013 obras feitas por artes\u00e3os de Mo\u00e7ambique e compradas pela associa\u00e7\u00e3o joinvilense.&nbsp;<\/p>\n\n\n\n<p>Os batiques s\u00e3o pinturas que retratam os animais da savana africana e o cotidiano das comunidades da regi\u00e3o. A obra a ser leiloada ficar\u00e1 dispon\u00edvel na Casa 97 a partir do dia 6 de dezembro.<\/p>\n\n\n\n<p><strong> Os lances poder\u00e3o ser ofertados at\u00e9 23 de dezembro.\u00a0<\/strong><\/p>\n\n\n\n<p>Para participar do leil\u00e3o ou adquirir uma das pinturas em exposi\u00e7\u00e3o, basta visitar o local (rua Arco-\u00edris, 97, bairro Iriri\u00fa) nos dias e hor\u00e1rios de funcionamento do restaurante e registrar o lance.<\/p>\n\n\n\n<p> A Associa\u00e7\u00e3o Diamantes de D\u00e1lida entrar\u00e1 em contato com o vencedor no dia 24\/12. \u00a0<\/p>\n\n\n\n<figure class=\"wp-block-image size-full\"><img width=\"1024\" height=\"768\" src=\"https:\/\/vimagazine.com.br\/wp-content\/uploads\/2023\/11\/voluntarias-5.jpg\" alt=\"\" class=\"wp-image-11315\" srcset=\"https:\/\/vimagazine.com.br\/wp-content\/uploads\/2023\/11\/voluntarias-5.jpg 1024w, https:\/\/vimagazine.com.br\/wp-content\/uploads\/2023\/11\/voluntarias-5-300x225.jpg 300w, https:\/\/vimagazine.com.br\/wp-content\/uploads\/2023\/11\/voluntarias-5-768x576.jpg 768w\" sizes=\"(max-width: 1024px) 100vw, 1024px\" \/><\/figure>\n\n\n\n<p><strong>\u00c1rvore de Esperan\u00e7a&nbsp;<\/strong><\/p>\n\n\n\n<p>Al\u00e9m dos batiques, quem quiser colaborar com a causa pode adquirir bonecas de capulana (tecido tipicamente africano) e outros itens da grife Diamantes de D\u00e1lida que ser\u00e3o usados na decora\u00e7\u00e3o da \u00e1rvore de Natal da Casa 97, montada pela designer de interiores Ariane Godoy, da Amor de Casa Decor.&nbsp;<\/p>\n\n\n\n<p>Todo o valor arrecadado no projeto \u201c\u00c1rvore de Esperan\u00e7a: Alimentando Sonhos em Namacata\u201d ser\u00e1 destinado \u00e0 compra de alimentos para as crian\u00e7as e nas a\u00e7\u00f5es de aux\u00edlio prestadas \u00e0s fam\u00edlias que vivem no entorno da aldeia africana.&nbsp;<\/p>\n\n\n\n<p>De acordo com Amarilda Nass, vice-presidente da associa\u00e7\u00e3o, a cada boneca vendida o grupo consegue alimentar quatro crian\u00e7as com um prato de arroz e feij\u00e3o. <\/p>\n\n\n\n<p>\u201cToda ajuda \u00e9 bem-vinda porque a fome n\u00e3o espera. A fome d\u00f3i e temos pressa em garantir que mais recursos cheguem \u00e0 aldeia.\u201d\u00a0<\/p>\n\n\n\n<figure class=\"wp-block-image size-large\"><img width=\"1024\" height=\"768\" src=\"https:\/\/vimagazine.com.br\/wp-content\/uploads\/2023\/11\/diamantes-5-1024x768.jpg\" alt=\"\" class=\"wp-image-11316\" srcset=\"https:\/\/vimagazine.com.br\/wp-content\/uploads\/2023\/11\/diamantes-5-1024x768.jpg 1024w, https:\/\/vimagazine.com.br\/wp-content\/uploads\/2023\/11\/diamantes-5-300x225.jpg 300w, https:\/\/vimagazine.com.br\/wp-content\/uploads\/2023\/11\/diamantes-5-768x576.jpg 768w, https:\/\/vimagazine.com.br\/wp-content\/uploads\/2023\/11\/diamantes-5-1536x1152.jpg 1536w, https:\/\/vimagazine.com.br\/wp-content\/uploads\/2023\/11\/diamantes-5.jpg 1600w\" sizes=\"(max-width: 1024px) 100vw, 1024px\" \/><\/figure>\n\n\n\n<p><strong>Dedica\u00e7\u00e3o e generosidade&nbsp;<\/strong><\/p>\n\n\n\n<p>As volunt\u00e1rias do projeto Diamantes de D\u00e1lida se encontram uma vez por semana, mas o trabalho vai muito al\u00e9m disso.<\/p>\n\n\n\n<p> Depois de se reunir, tra\u00e7ar estrat\u00e9gias e dividir tarefas, elas levam moldes, tecidos, tesouras, agulhas, tintas e pinc\u00e9is para casa, onde dedicam mais tempo \u00e0 produ\u00e7\u00e3o de bonecas, chaveiros, marcadores de p\u00e1gina, panos de prato, canetas e l\u00e1pis estilizados. \u00a0<\/p>\n\n\n\n<p>Os itens s\u00e3o comercializados em feiras de artesanato, no Closet da Betinha Brech\u00f3 (rua Lages, 598, sala 4, fundos) ou pelo Instagram\u00a0<a href=\"https:\/\/www.instagram.com\/diamantes_de_dalida\/\" target=\"_blank\" rel=\"noreferrer noopener\">@diamantes_de_dalida<\/a>.\u00a0<\/p>\n\n\n\n<figure class=\"wp-block-image size-full\"><img width=\"1024\" height=\"768\" src=\"https:\/\/vimagazine.com.br\/wp-content\/uploads\/2023\/11\/voluntarias-2.jpg\" alt=\"\" class=\"wp-image-11317\" srcset=\"https:\/\/vimagazine.com.br\/wp-content\/uploads\/2023\/11\/voluntarias-2.jpg 1024w, https:\/\/vimagazine.com.br\/wp-content\/uploads\/2023\/11\/voluntarias-2-300x225.jpg 300w, https:\/\/vimagazine.com.br\/wp-content\/uploads\/2023\/11\/voluntarias-2-768x576.jpg 768w\" sizes=\"(max-width: 1024px) 100vw, 1024px\" \/><\/figure>\n\n\n\n<p><strong>Exemplo que inspira&nbsp;<\/strong><\/p>\n\n\n\n<p>O projeto joinvilense nasceu quando um grupo de amigas conheceu a mission\u00e1ria D\u00e1lida Ruiz e soube das dificuldades enfrentadas em Quelimane, regi\u00e3o africana duramente atingida por um ciclone em mar\u00e7o deste ano. &nbsp;<\/p>\n\n\n\n<p>O fen\u00f4meno clim\u00e1tico destruiu planta\u00e7\u00f5es e desabrigou fam\u00edlias que j\u00e1 viviam em situa\u00e7\u00e3o de vulnerabilidade extrema.<\/p>\n\n\n\n<p> Dispostas a ajudar a mission\u00e1ria, as volunt\u00e1rias colocaram a m\u00e3o na massa e, atualmente, enviam recursos para alimentar, com duas refei\u00e7\u00f5es semanais, cerca de 700 crian\u00e7as \u2013 a maioria \u00f3rf\u00e3. \u00a0<\/p>\n\n\n\n<p>A presidente da Associa\u00e7\u00e3o Diamantes de D\u00e1lida, Silvana Qu\u00e9zia, considera inadmiss\u00edvel que situa\u00e7\u00f5es como essa ainda existam no mundo. <\/p>\n\n\n\n<p>\u201cSei que h\u00e1 uma longa jornada at\u00e9 que nossos \u2018diamantes\u2019 tenham pelo menos uma refei\u00e7\u00e3o di\u00e1ria, mas o projeto est\u00e1 crescendo e, al\u00e9m de alimenta\u00e7\u00e3o digna e amor, queremos oferecer tamb\u00e9m melhores condi\u00e7\u00f5es de higiene e sa\u00fade\u201d, diz a volunt\u00e1ria.\u00a0<\/p>\n\n\n\n<p><strong>SERVI\u00c7O&nbsp;<\/strong><\/p>\n\n\n\n<ul><li><strong>O qu\u00ea:<\/strong>&nbsp;leil\u00e3o beneficente em prol de crian\u00e7as da aldeia de Namacata, na \u00c1frica.&nbsp;<\/li><li><strong>Quem promove:<\/strong>&nbsp;Associa\u00e7\u00e3o Diamantes de D\u00e1lida e&nbsp;<a href=\"https:\/\/www.instagram.com\/casa97joinville\/\" target=\"_blank\" rel=\"noreferrer noopener\">Casa 97<\/a>.&nbsp;<\/li><li><strong>Como:<\/strong>&nbsp;interessados em adquirir um batique (obra de arte original africana) podem visitar a Casa 97 e dar seu lance.&nbsp;<\/li><li><strong>Quando:<\/strong>&nbsp;6\/12 a 23\/12, nos dias e hor\u00e1rios de funcionamento do restaurante. A Casa 97 abre de ter\u00e7a-feira a s\u00e1bado, das 19h at\u00e9 meia-noite. O vencedor do leil\u00e3o ser\u00e1 contatado pela organiza\u00e7\u00e3o no dia 24\/12.&nbsp;<\/li><li><strong>Onde:<\/strong>&nbsp;Casa 97 &#8211; rua Arco-\u00edris, 97, bairro Iriri\u00fa. &nbsp;<\/li><li><strong>Informa\u00e7\u00f5es e contatos:<\/strong>&nbsp;Instagram&nbsp;<a href=\"https:\/\/www.instagram.com\/diamantes_de_dalida\/\" target=\"_blank\" rel=\"noreferrer noopener\">@diamantes_de_dalida<\/a><\/li><\/ul>\n\n\n\n<p>Assessoria de imprensa&nbsp;<\/p>\n\n\n\n<p>Graziela Lindner&nbsp;<\/p>\n","protected":false},"excerpt":{"rendered":"<p>Interessados em adquirir obra de artista africano podem dar lances entre os dias 6 e&#8230;<\/p>\n","protected":false},"author":3,"featured_media":11313,"comment_status":"closed","ping_status":"open","sticky":false,"template":"","format":"standard","meta":{"om_disable_all_campaigns":false,"_monsterinsights_skip_tracking":false,"_monsterinsights_sitenote_active":false,"_monsterinsights_sitenote_note":"","_monsterinsights_sitenote_category":0,"spay_email":""},"categories":[1],"tags":[],"jetpack_featured_media_url":"https:\/\/vimagazine.com.br\/wp-content\/uploads\/2023\/11\/diamantes-2.jpg","_links":{"self":[{"href":"https:\/\/vimagazine.com.br\/index.php?rest_route=\/wp\/v2\/posts\/11312"}],"collection":[{"href":"https:\/\/vimagazine.com.br\/index.php?rest_route=\/wp\/v2\/posts"}],"about":[{"href":"https:\/\/vimagazine.com.br\/index.php?rest_route=\/wp\/v2\/types\/post"}],"author":[{"embeddable":true,"href":"https:\/\/vimagazine.com.br\/index.php?rest_route=\/wp\/v2\/users\/3"}],"replies":[{"embeddable":true,"href":"https:\/\/vimagazine.com.br\/index.php?rest_route=%2Fwp%2Fv2%2Fcomments&post=11312"}],"version-history":[{"count":1,"href":"https:\/\/vimagazine.com.br\/index.php?rest_route=\/wp\/v2\/posts\/11312\/revisions"}],"predecessor-version":[{"id":11318,"href":"https:\/\/vimagazine.com.br\/index.php?rest_route=\/wp\/v2\/posts\/11312\/revisions\/11318"}],"wp:featuredmedia":[{"embeddable":true,"href":"https:\/\/vimagazine.com.br\/index.php?rest_route=\/wp\/v2\/media\/11313"}],"wp:attachment":[{"href":"https:\/\/vimagazine.com.br\/index.php?rest_route=%2Fwp%2Fv2%2Fmedia&parent=11312"}],"wp:term":[{"taxonomy":"category","embeddable":true,"href":"https:\/\/vimagazine.com.br\/index.php?rest_route=%2Fwp%2Fv2%2Fcategories&post=11312"},{"taxonomy":"post_tag","embeddable":true,"href":"https:\/\/vimagazine.com.br\/index.php?rest_route=%2Fwp%2Fv2%2Ftags&post=11312"}],"curies":[{"name":"wp","href":"https:\/\/api.w.org\/{rel}","templated":true}]}}