{"id":11332,"date":"2023-11-29T15:25:08","date_gmt":"2023-11-29T18:25:08","guid":{"rendered":"https:\/\/vimagazine.com.br\/?p=11332"},"modified":"2023-11-29T18:14:18","modified_gmt":"2023-11-29T21:14:18","slug":"pedro-bosnich-posa-ao-lado-da-apresentadora-gisele-alves","status":"publish","type":"post","link":"https:\/\/vimagazine.com.br\/?p=11332","title":{"rendered":"Pedro Bosnich posa ao lado da apresentadora Gisele Alves"},"content":{"rendered":"\n<p><\/p>\n\n\n\n<p><\/p>\n\n\n\n<p><\/p>\n\n\n\n<p>O ator Pedro Bosnich participou na manh\u00e3 desta quarta-feira do Programa \u201cPapo em dia\u201d na TV Rede Brasil e posou ao lado da apresentadora Gisele Alves.<\/p>\n\n\n\n<p>Em um bate papo descontra\u00eddo , Pedro falou da sua carreira e divulgou o filme \u201cA casa da \u00e1rvore\u201d que tem sua estreia no Brasil, no Cine Fantasy Festival, na mostra competitiva longas, que acontece no dia 05 de dezembro \u00e0s 20h00, no Museu de Imagem e do Som (MIS), em S\u00e3o Paulo.<\/p>\n\n\n\n<p>O filme &#8220;A Casa da \u00c1rvore&#8221;, produzido por Pedro Bosnich e do diretor brasileiro Fl\u00e1vio Erm\u00edrio, foi indicado pr\u00eamios nos Estados Unidos na categoria de melhor filme.<br>Atraindo a aten\u00e7\u00e3o dos cr\u00edticos, o filme apresenta a hist\u00f3ria de Dora (Cris Wersom), uma bi\u00f3loga que mora sozinha em uma casa isolada, onde realiza uma pesquisa eticamente question\u00e1vel. Procurando um parceiro em quem possa confiar, ela contrata um novo caseiro, Mateus (Pedro bosnich ) sem imaginar que ele tamb\u00e9m esconde seus pr\u00f3prios segredos. Aos poucos os dois se aproximam e Mateus finalmente descobre mais sobre a pesquisa de Dora, for\u00e7ando-o a tomar uma decis\u00e3o.<\/p>\n\n\n\n<p><\/p>\n\n\n\n<p><\/p>\n\n\n\n<figure class=\"wp-container-2 wp-block-gallery-1 wp-block-gallery has-nested-images columns-default is-cropped\">\n<figure class=\"wp-block-image size-large\"><img width=\"1280\" height=\"960\" data-id=\"11334\"  src=\"https:\/\/vimagazine.com.br\/wp-content\/uploads\/2023\/11\/WhatsApp-Image-2023-11-29-at-15.19.01.jpeg\" alt=\"\" class=\"wp-image-11334\" srcset=\"https:\/\/vimagazine.com.br\/wp-content\/uploads\/2023\/11\/WhatsApp-Image-2023-11-29-at-15.19.01.jpeg 1280w, https:\/\/vimagazine.com.br\/wp-content\/uploads\/2023\/11\/WhatsApp-Image-2023-11-29-at-15.19.01-300x225.jpeg 300w, https:\/\/vimagazine.com.br\/wp-content\/uploads\/2023\/11\/WhatsApp-Image-2023-11-29-at-15.19.01-1024x768.jpeg 1024w, https:\/\/vimagazine.com.br\/wp-content\/uploads\/2023\/11\/WhatsApp-Image-2023-11-29-at-15.19.01-768x576.jpeg 768w\" sizes=\"(max-width: 1280px) 100vw, 1280px\" \/><\/figure>\n<\/figure>\n\n\n\n<figure class=\"wp-block-image size-large\"><img width=\"768\" height=\"1024\" src=\"https:\/\/vimagazine.com.br\/wp-content\/uploads\/2023\/11\/WhatsApp-Image-2023-11-29-at-15.19.02-768x1024.jpeg\" alt=\"\" class=\"wp-image-11335\" srcset=\"https:\/\/vimagazine.com.br\/wp-content\/uploads\/2023\/11\/WhatsApp-Image-2023-11-29-at-15.19.02-768x1024.jpeg 768w, https:\/\/vimagazine.com.br\/wp-content\/uploads\/2023\/11\/WhatsApp-Image-2023-11-29-at-15.19.02-225x300.jpeg 225w, https:\/\/vimagazine.com.br\/wp-content\/uploads\/2023\/11\/WhatsApp-Image-2023-11-29-at-15.19.02.jpeg 960w\" sizes=\"(max-width: 768px) 100vw, 768px\" \/><\/figure>\n\n\n\n<p><\/p>\n\n\n\n<p class=\"has-small-font-size\">Imagens: Divulga\u00e7\u00e3o<\/p>\n","protected":false},"excerpt":{"rendered":"<p>O ator Pedro Bosnich participou na manh\u00e3 desta quarta-feira do Programa \u201cPapo em dia\u201d na&#8230;<\/p>\n","protected":false},"author":1,"featured_media":11333,"comment_status":"closed","ping_status":"open","sticky":false,"template":"","format":"standard","meta":{"om_disable_all_campaigns":false,"_monsterinsights_skip_tracking":false,"_monsterinsights_sitenote_active":false,"_monsterinsights_sitenote_note":"","_monsterinsights_sitenote_category":0,"spay_email":""},"categories":[1],"tags":[],"jetpack_featured_media_url":"https:\/\/vimagazine.com.br\/wp-content\/uploads\/2023\/11\/WhatsApp-Image-2023-11-29-at-15.17.47.jpeg","_links":{"self":[{"href":"https:\/\/vimagazine.com.br\/index.php?rest_route=\/wp\/v2\/posts\/11332"}],"collection":[{"href":"https:\/\/vimagazine.com.br\/index.php?rest_route=\/wp\/v2\/posts"}],"about":[{"href":"https:\/\/vimagazine.com.br\/index.php?rest_route=\/wp\/v2\/types\/post"}],"author":[{"embeddable":true,"href":"https:\/\/vimagazine.com.br\/index.php?rest_route=\/wp\/v2\/users\/1"}],"replies":[{"embeddable":true,"href":"https:\/\/vimagazine.com.br\/index.php?rest_route=%2Fwp%2Fv2%2Fcomments&post=11332"}],"version-history":[{"count":5,"href":"https:\/\/vimagazine.com.br\/index.php?rest_route=\/wp\/v2\/posts\/11332\/revisions"}],"predecessor-version":[{"id":11343,"href":"https:\/\/vimagazine.com.br\/index.php?rest_route=\/wp\/v2\/posts\/11332\/revisions\/11343"}],"wp:featuredmedia":[{"embeddable":true,"href":"https:\/\/vimagazine.com.br\/index.php?rest_route=\/wp\/v2\/media\/11333"}],"wp:attachment":[{"href":"https:\/\/vimagazine.com.br\/index.php?rest_route=%2Fwp%2Fv2%2Fmedia&parent=11332"}],"wp:term":[{"taxonomy":"category","embeddable":true,"href":"https:\/\/vimagazine.com.br\/index.php?rest_route=%2Fwp%2Fv2%2Fcategories&post=11332"},{"taxonomy":"post_tag","embeddable":true,"href":"https:\/\/vimagazine.com.br\/index.php?rest_route=%2Fwp%2Fv2%2Ftags&post=11332"}],"curies":[{"name":"wp","href":"https:\/\/api.w.org\/{rel}","templated":true}]}}