{"id":11405,"date":"2023-12-04T09:16:02","date_gmt":"2023-12-04T12:16:02","guid":{"rendered":"https:\/\/vimagazine.com.br\/?p=11405"},"modified":"2023-12-04T09:16:04","modified_gmt":"2023-12-04T12:16:04","slug":"teresa-kodama-realiza-vernissage-da-exposicao-mundo-de-sonhos-de-encantos-e-de-cores","status":"publish","type":"post","link":"https:\/\/vimagazine.com.br\/?p=11405","title":{"rendered":"Teresa Kodama realiza Vernissage da Exposi\u00e7\u00e3o &#8220;Mundo de Sonhos de Encantos e de Cores&#8221;\u00a0"},"content":{"rendered":"\n<figure class=\"wp-block-image aligncenter size-large is-resized\"><img src=\"https:\/\/vimagazine.com.br\/wp-content\/uploads\/2023\/12\/IMG-20231201-WA0141-1024x678.jpg\" alt=\"\" class=\"wp-image-11406\" width=\"451\" height=\"299\" srcset=\"https:\/\/vimagazine.com.br\/wp-content\/uploads\/2023\/12\/IMG-20231201-WA0141-1024x678.jpg 1024w, https:\/\/vimagazine.com.br\/wp-content\/uploads\/2023\/12\/IMG-20231201-WA0141-300x199.jpg 300w, https:\/\/vimagazine.com.br\/wp-content\/uploads\/2023\/12\/IMG-20231201-WA0141-768x508.jpg 768w, https:\/\/vimagazine.com.br\/wp-content\/uploads\/2023\/12\/IMG-20231201-WA0141-1536x1017.jpg 1536w, https:\/\/vimagazine.com.br\/wp-content\/uploads\/2023\/12\/IMG-20231201-WA0141.jpg 1600w\" sizes=\"(max-width: 451px) 100vw, 451px\" \/><\/figure>\n\n\n\n<figure class=\"wp-block-image alignleft size-large is-resized\"><img src=\"https:\/\/vimagazine.com.br\/wp-content\/uploads\/2023\/12\/IMG-20231201-WA0134-1024x678.jpg\" alt=\"\" class=\"wp-image-11407\" width=\"352\" height=\"233\" srcset=\"https:\/\/vimagazine.com.br\/wp-content\/uploads\/2023\/12\/IMG-20231201-WA0134-1024x678.jpg 1024w, https:\/\/vimagazine.com.br\/wp-content\/uploads\/2023\/12\/IMG-20231201-WA0134-300x199.jpg 300w, https:\/\/vimagazine.com.br\/wp-content\/uploads\/2023\/12\/IMG-20231201-WA0134-768x509.jpg 768w, https:\/\/vimagazine.com.br\/wp-content\/uploads\/2023\/12\/IMG-20231201-WA0134.jpg 1232w\" sizes=\"(max-width: 352px) 100vw, 352px\" \/><\/figure>\n\n\n\n<figure class=\"wp-block-image alignright size-large is-resized\"><img src=\"https:\/\/vimagazine.com.br\/wp-content\/uploads\/2023\/12\/IMG-20231201-WA0068-1024x666.jpg\" alt=\"\" class=\"wp-image-11408\" width=\"361\" height=\"235\" srcset=\"https:\/\/vimagazine.com.br\/wp-content\/uploads\/2023\/12\/IMG-20231201-WA0068-1024x666.jpg 1024w, https:\/\/vimagazine.com.br\/wp-content\/uploads\/2023\/12\/IMG-20231201-WA0068-300x195.jpg 300w, https:\/\/vimagazine.com.br\/wp-content\/uploads\/2023\/12\/IMG-20231201-WA0068-768x500.jpg 768w, https:\/\/vimagazine.com.br\/wp-content\/uploads\/2023\/12\/IMG-20231201-WA0068.jpg 1079w\" sizes=\"(max-width: 361px) 100vw, 361px\" \/><\/figure>\n\n\n\n<figure class=\"wp-block-image aligncenter size-large is-resized\"><img src=\"https:\/\/vimagazine.com.br\/wp-content\/uploads\/2023\/12\/IMG-20231201-WA0142-1024x678.jpg\" alt=\"\" class=\"wp-image-11409\" width=\"464\" height=\"308\" srcset=\"https:\/\/vimagazine.com.br\/wp-content\/uploads\/2023\/12\/IMG-20231201-WA0142-1024x678.jpg 1024w, https:\/\/vimagazine.com.br\/wp-content\/uploads\/2023\/12\/IMG-20231201-WA0142-300x199.jpg 300w, https:\/\/vimagazine.com.br\/wp-content\/uploads\/2023\/12\/IMG-20231201-WA0142-768x508.jpg 768w, https:\/\/vimagazine.com.br\/wp-content\/uploads\/2023\/12\/IMG-20231201-WA0142-1536x1017.jpg 1536w, https:\/\/vimagazine.com.br\/wp-content\/uploads\/2023\/12\/IMG-20231201-WA0142.jpg 1600w\" sizes=\"(max-width: 464px) 100vw, 464px\" \/><\/figure>\n\n\n\n<p>&nbsp;A artista pl\u00e1stica e escritora Teresa Kodama realiza o Vernissage de sua exposi\u00e7\u00e3o individual com o tema &#8220;Mundo de Sonhos de Encanto e Cores&#8221; prestigiada por familiares, amigos e autoridades na APAMAGIS.<\/p>\n\n\n\n<p>Sua exposi\u00e7\u00e3o individual \u00e9 encantadora e diversificada, abrangendo obras em cer\u00e2mica, tecidos de decora\u00e7\u00e3o e quadros que j\u00e1 percorreram o mundo em exposi\u00e7\u00f5es internacionais &nbsp;<\/p>\n\n\n\n<p>N\u00e3o poderia haver um momento mais adequado para lan\u00e7ar o livro &#8220;Encanto em Palavras&#8221;, da Editora Magis, onde Teresa autografou exemplares, repletos de poemas que narram sua jornada de vida. Com certeza, \u00e9 um complemento perfeito para a exposi\u00e7\u00e3o, permitindo aos visitantes mergulhar ainda mais no mundo art\u00edstico e po\u00e9tico de Teresa Kodama.<\/p>\n\n\n\n<p>Certamente, essa exposi\u00e7\u00e3o e o lan\u00e7amento do livro marcaram um momento especial na carreira desta talentosa artista pl\u00e1stica e escritora&nbsp;&nbsp;<\/p>\n\n\n\n<p>Sevi\u00e7o: Exposi\u00e7\u00e3o \u201cMundo de Sonhos de Encanto e Cores\u201d<\/p>\n\n\n\n<p>Artista: Teresa Kodama<\/p>\n\n\n\n<p>Local: Apamagis- Associa\u00e7\u00e3o Paulista de Magistrados<\/p>\n\n\n\n<p>Endere\u00e7o:Rua Dom Diniz, 29 SP<\/p>\n\n\n\n<p>Presen\u00e7as da Artista Pl\u00e1stica Ana Bittar, o Tri campe\u00e3o mundial de motonautica Lebos Chaguri, Rog\u00e9rio Romanek, Alessandra Giovanetti, Thalma Bertozzi, Zita Delgado, Lucimar Vicente, Katia B. Neves Kuhn e Priscila Silva,&nbsp;In\u00e1cio Aihara, Berenice Soubhie Nogueira Magri, Paulo Palmieri Magri, Cec\u00edlia Barreira, Juliana Barreira, Lucimar Vicente, Doutora Ana Maria Brugin,&nbsp;&nbsp;<\/p>\n\n\n\n<p>In\u00e1cio Aihara, Pedro, Alessandra e Amanda Kodama, entre&nbsp;outros<\/p>\n\n\n\n<p>FOTOS: Jos\u00e9 Domingos Guimar\u00e3es Neto<\/p>\n","protected":false},"excerpt":{"rendered":"<p>&nbsp;A artista pl\u00e1stica e escritora Teresa Kodama realiza o Vernissage de sua exposi\u00e7\u00e3o individual com&#8230;<\/p>\n","protected":false},"author":19,"featured_media":11410,"comment_status":"closed","ping_status":"open","sticky":false,"template":"","format":"standard","meta":{"om_disable_all_campaigns":false,"_monsterinsights_skip_tracking":false,"_monsterinsights_sitenote_active":false,"_monsterinsights_sitenote_note":"","_monsterinsights_sitenote_category":0,"spay_email":""},"categories":[26],"tags":[],"jetpack_featured_media_url":"https:\/\/vimagazine.com.br\/wp-content\/uploads\/2023\/12\/IMG-20231201-WA0140.jpg","_links":{"self":[{"href":"https:\/\/vimagazine.com.br\/index.php?rest_route=\/wp\/v2\/posts\/11405"}],"collection":[{"href":"https:\/\/vimagazine.com.br\/index.php?rest_route=\/wp\/v2\/posts"}],"about":[{"href":"https:\/\/vimagazine.com.br\/index.php?rest_route=\/wp\/v2\/types\/post"}],"author":[{"embeddable":true,"href":"https:\/\/vimagazine.com.br\/index.php?rest_route=\/wp\/v2\/users\/19"}],"replies":[{"embeddable":true,"href":"https:\/\/vimagazine.com.br\/index.php?rest_route=%2Fwp%2Fv2%2Fcomments&post=11405"}],"version-history":[{"count":1,"href":"https:\/\/vimagazine.com.br\/index.php?rest_route=\/wp\/v2\/posts\/11405\/revisions"}],"predecessor-version":[{"id":11411,"href":"https:\/\/vimagazine.com.br\/index.php?rest_route=\/wp\/v2\/posts\/11405\/revisions\/11411"}],"wp:featuredmedia":[{"embeddable":true,"href":"https:\/\/vimagazine.com.br\/index.php?rest_route=\/wp\/v2\/media\/11410"}],"wp:attachment":[{"href":"https:\/\/vimagazine.com.br\/index.php?rest_route=%2Fwp%2Fv2%2Fmedia&parent=11405"}],"wp:term":[{"taxonomy":"category","embeddable":true,"href":"https:\/\/vimagazine.com.br\/index.php?rest_route=%2Fwp%2Fv2%2Fcategories&post=11405"},{"taxonomy":"post_tag","embeddable":true,"href":"https:\/\/vimagazine.com.br\/index.php?rest_route=%2Fwp%2Fv2%2Ftags&post=11405"}],"curies":[{"name":"wp","href":"https:\/\/api.w.org\/{rel}","templated":true}]}}