{"id":11412,"date":"2023-12-04T12:36:55","date_gmt":"2023-12-04T15:36:55","guid":{"rendered":"https:\/\/vimagazine.com.br\/?p=11412"},"modified":"2023-12-04T12:36:56","modified_gmt":"2023-12-04T15:36:56","slug":"influencer-e-empresaria-paula-pitta-comemorou-o-aniversario-de-cinco-anos-de-sua-filha-pietra-mariah-com-muita-emocao-e-alegria","status":"publish","type":"post","link":"https:\/\/vimagazine.com.br\/?p=11412","title":{"rendered":"Influencer e empres\u00e1ria Paula Pitta comemorou o anivers\u00e1rio de cinco anos de sua filha Pietra Mariah com muita emo\u00e7\u00e3o e alegria\u00a0"},"content":{"rendered":"\n<figure class=\"wp-block-image aligncenter size-large is-resized\"><img src=\"https:\/\/vimagazine.com.br\/wp-content\/uploads\/2023\/12\/WhatsApp-Image-2023-12-04-at-10.24.57-682x1024.jpeg\" alt=\"\" class=\"wp-image-11413\" width=\"458\" height=\"687\" srcset=\"https:\/\/vimagazine.com.br\/wp-content\/uploads\/2023\/12\/WhatsApp-Image-2023-12-04-at-10.24.57-682x1024.jpeg 682w, https:\/\/vimagazine.com.br\/wp-content\/uploads\/2023\/12\/WhatsApp-Image-2023-12-04-at-10.24.57-200x300.jpeg 200w, https:\/\/vimagazine.com.br\/wp-content\/uploads\/2023\/12\/WhatsApp-Image-2023-12-04-at-10.24.57-768x1153.jpeg 768w, https:\/\/vimagazine.com.br\/wp-content\/uploads\/2023\/12\/WhatsApp-Image-2023-12-04-at-10.24.57-1023x1536.jpeg 1023w, https:\/\/vimagazine.com.br\/wp-content\/uploads\/2023\/12\/WhatsApp-Image-2023-12-04-at-10.24.57-1024x1537.jpeg 1024w, https:\/\/vimagazine.com.br\/wp-content\/uploads\/2023\/12\/WhatsApp-Image-2023-12-04-at-10.24.57.jpeg 1066w\" sizes=\"(max-width: 458px) 100vw, 458px\" \/><\/figure>\n\n\n\n<p>A influencer e empres\u00e1ria Paula Pitta comemorou o anivers\u00e1rio de cinco anos de sua filha Pietra Mariah, no dia 27 de novembro, com muita emo\u00e7\u00e3o e alegria. O evento, que aconteceu em S\u00e3o Paulo, teve o tema Frozen, e contou com a presen\u00e7a de amigos e familiares.<\/p>\n\n\n\n<p>A decora\u00e7\u00e3o da festa foi impec\u00e1vel, com direito a um castelo de gelo, bonecos dos personagens do filme e at\u00e9 uma pista de patina\u00e7\u00e3o no gelo. Pietra, que \u00e9 f\u00e3 do filme, ficou encantada com o cen\u00e1rio.<\/p>\n\n\n\n<p>A festa come\u00e7ou com a entrada triunfal da aniversariante, ela estava vestida como a princesa Elsa, e foi aplaudida por todos os convidados.<\/p>\n\n\n\n<p>Ap\u00f3s o parab\u00e9ns, Pietra e seus amigos se divertiram muito com as brincadeiras e atividades da festa, e Pietra passou um dia inesquec\u00edvel ao lado da fam\u00edlia e dos amigos.<\/p>\n\n\n\n<p>Pietra Mariah, a princesa do dia<\/p>\n\n\n\n<p>A m\u00e3e de Pietra, Paula Pitta, \u00e9 uma influencer e empres\u00e1ria muito dedicada \u00e0 fam\u00edlia. Ela fez quest\u00e3o de organizar uma festa perfeita para a filha, e se emocionou muito ao ver Pietra t\u00e3o feliz.<\/p>\n\n\n\n<p>Paula postou fotos da festa em suas redes sociais, e recebeu muitas mensagens de carinho dos seguidores.<\/p>\n\n\n\n<p>Um dia m\u00e1gico<\/p>\n","protected":false},"excerpt":{"rendered":"<p>A influencer e empres\u00e1ria Paula Pitta comemorou o anivers\u00e1rio de cinco anos de sua filha&#8230;<\/p>\n","protected":false},"author":19,"featured_media":11415,"comment_status":"closed","ping_status":"open","sticky":false,"template":"","format":"standard","meta":{"om_disable_all_campaigns":false,"_monsterinsights_skip_tracking":false,"_monsterinsights_sitenote_active":false,"_monsterinsights_sitenote_note":"","_monsterinsights_sitenote_category":0,"spay_email":""},"categories":[1],"tags":[],"jetpack_featured_media_url":"https:\/\/vimagazine.com.br\/wp-content\/uploads\/2023\/12\/IMG_1875.jpg","_links":{"self":[{"href":"https:\/\/vimagazine.com.br\/index.php?rest_route=\/wp\/v2\/posts\/11412"}],"collection":[{"href":"https:\/\/vimagazine.com.br\/index.php?rest_route=\/wp\/v2\/posts"}],"about":[{"href":"https:\/\/vimagazine.com.br\/index.php?rest_route=\/wp\/v2\/types\/post"}],"author":[{"embeddable":true,"href":"https:\/\/vimagazine.com.br\/index.php?rest_route=\/wp\/v2\/users\/19"}],"replies":[{"embeddable":true,"href":"https:\/\/vimagazine.com.br\/index.php?rest_route=%2Fwp%2Fv2%2Fcomments&post=11412"}],"version-history":[{"count":1,"href":"https:\/\/vimagazine.com.br\/index.php?rest_route=\/wp\/v2\/posts\/11412\/revisions"}],"predecessor-version":[{"id":11416,"href":"https:\/\/vimagazine.com.br\/index.php?rest_route=\/wp\/v2\/posts\/11412\/revisions\/11416"}],"wp:featuredmedia":[{"embeddable":true,"href":"https:\/\/vimagazine.com.br\/index.php?rest_route=\/wp\/v2\/media\/11415"}],"wp:attachment":[{"href":"https:\/\/vimagazine.com.br\/index.php?rest_route=%2Fwp%2Fv2%2Fmedia&parent=11412"}],"wp:term":[{"taxonomy":"category","embeddable":true,"href":"https:\/\/vimagazine.com.br\/index.php?rest_route=%2Fwp%2Fv2%2Fcategories&post=11412"},{"taxonomy":"post_tag","embeddable":true,"href":"https:\/\/vimagazine.com.br\/index.php?rest_route=%2Fwp%2Fv2%2Ftags&post=11412"}],"curies":[{"name":"wp","href":"https:\/\/api.w.org\/{rel}","templated":true}]}}