{"id":11417,"date":"2023-12-04T14:41:51","date_gmt":"2023-12-04T17:41:51","guid":{"rendered":"https:\/\/vimagazine.com.br\/?p=11417"},"modified":"2023-12-04T14:43:41","modified_gmt":"2023-12-04T17:43:41","slug":"o-retorno-triunfante-de-andre-e-adriano","status":"publish","type":"post","link":"https:\/\/vimagazine.com.br\/?p=11417","title":{"rendered":"O RETORNO TRIUNFANTE DE ANDR\u00c9 E ADRIANO"},"content":{"rendered":"\n<p><\/p>\n\n\n\n<p><\/p>\n\n\n\n<p class=\"has-medium-font-size\"><em>No pr\u00f3ximo&nbsp;<strong>dia 05 de dezembro 2023<\/strong>&nbsp;Andr\u00e9 e Adriano&nbsp;<strong>lan\u00e7am uma nova m\u00fasica<\/strong>&nbsp;nas r\u00e1dios e nas plataformas digitais.<\/em><\/p>\n\n\n\n<p>Amantes da boa m\u00fasica sertaneja, preparem-se para reviver momentos inesquec\u00edveis. Ap\u00f3s uma pausa de 10 anos dedicados a projetos pessoais, a Dupla sertaneja Andr\u00e9 e Adriano est\u00e1 de volta aos palcos, para reescrever sua hist\u00f3ria. Com uma carreira enraizada na verdadeira ess\u00eancia sertaneja, com suas vozes caracter\u00edsticas e marcantes que se entrela\u00e7am em harmonia, e um repertorio que celebra a tradi\u00e7\u00e3o sem deixar de lado a inova\u00e7\u00e3o, a Dupla retorna pronta para encantar os cora\u00e7\u00f5es com sua m\u00fasica aut\u00eantica e cativante. Andr\u00e9 e Adriano n\u00e3o apenas cantam, mas tamb\u00e9m narram a hist\u00f3ria de uma cultura, guiando-nos por trilhas de saudade e ao mesmo tempo de esperan\u00e7a.<\/p>\n\n\n\n<p><strong>Sobre a dupla Andr\u00e9 e Adriano<\/strong><\/p>\n\n\n\n<p>&nbsp;A dupla sertaneja Andr\u00e9 e Adriano \u00e9 formada por dois amigos (Rodrigo Di\u00f3z Simmonds, o Andr\u00e9, e Geovanny Bernardes de Sousa, o Adriano) que come\u00e7aram a cantar em Goi\u00e2nia em 1992. Gravaram o primeiro trabalho, &#8220;Toque de M\u00e1gica&#8221; em 1994, com produ\u00e7\u00e3o independente e distribui\u00e7\u00e3o da San Francisco Discos.<\/p>\n\n\n\n<p>Com mais de 25 anos de hist\u00f3ria, com cinco \u00e1lbuns e um DVD lan\u00e7ados, colecionam sucessos como &#8220;A Jiripoca Vai Pi\u00e1&#8221;, (autoria de Adriano e regravada pelo cantor Daniel), &#8220;Pancad\u00e3o ou Sertanejo&#8221;, (em parceria com o cantor Latino), &#8220;Al\u00f4 Porteiro&#8221; (regravada por Mar\u00edlia Mendon\u00e7a), &#8220;A Fila Anda&#8221; (regravada por Leonardo) &#8220;Amei&#8221;, &#8220;Sacramentado&#8221;, &#8220;Dose de Paix\u00e3o&#8221;, &#8220;\u00c1gua de Coco&#8221;, \u201cRapadura\u201d, \u201cVai\u201d, \u201cVoc\u00ea n\u00e3o vale nada\u201d, &#8220;Vou Gastar Meus 10 Reais&#8221; (que fez parte da trilha sonora da s\u00e9rie Carga Pesada, da Rede Globo), \u201cBeber, cair e levantar\u201d (m\u00fasica que alcan\u00e7ou primeiro lugar durante v\u00e1rios meses em todas as r\u00e1dios do Brasil, e tocando at\u00e9 em Portugal e outros pa\u00edses). Andr\u00e9 e Adriano j\u00e1 realizaram parceria com grandes nomes do sertanejo ao longo da carreira, como Rionegro &amp; Solim\u00f5es, L\u00e9o Magalh\u00e3es e Gino &amp; Geno. O cantor Eduardo Costa acaba de regravar o sucesso &#8220;Olha eu aqui&#8221;, lan\u00e7ado por Andr\u00e9 e Adriano em 1999, sendo esse tamb\u00e9m o nome escolhido para o seu novo \u00e1lbum.<\/p>\n\n\n\n<p>No \u00faltimo&nbsp;<strong>dia 26 de setembro de 2023,<\/strong>&nbsp;em Franca SP,&nbsp;<strong>Andr\u00e9 e Adriano gravaram um novo DVD intitulado 25 Anos ao vivo em Franca&nbsp;<\/strong>com produ\u00e7\u00e3o musical de Toninho Mesquita e produ\u00e7\u00e3o executiva da JAM Produ\u00e7\u00f5es, onde cantam os sucessos consagrados \u201cVira e Mexe\u201d, \u201cBeber, cair e levantar\u201d, \u201cPancad\u00e3o ou sertanejo\u201d, \u201cA jiripoca vai pi\u00e1\u201d, \u201cAmei\u201d, \u201cTer de volta teu amor\u201d, \u201cMordida de amor\u201d (feat Gutto Barbosa), \u201cVem me namorar\u201d, \u201c\u00c1gua de coco\u201d, \u201cRapadura\u201d, \u201cDose de paix\u00e3o\u201d e \u201cEu vou gastar meus dez reais\u201d, e tamb\u00e9m as faixas in\u00e9ditas \u201cCasas Bahia\u201d, \u201cTerminar gostando\u201d, \u201cQuebrado (Steve Jobs), \u201cT\u00f4 de boa com o sogr\u00e3o\u201d (feat Z\u00e9 Vitor &amp; Rael) e \u201cBelel\u00e9u\u201d (feat Rio Negro &amp; Solim\u00f5es).<\/p>\n\n\n\n<p>No pr\u00f3ximo&nbsp;<strong>dia 05 de dezembro 2023<\/strong>&nbsp;Andr\u00e9 e Adriano&nbsp;<strong>lan\u00e7am uma nova m\u00fasica<\/strong>&nbsp;nas r\u00e1dios e nas plataformas digitais. E para acentuar a sua volta, a m\u00fasica traz as principais caracter\u00edsticas da Dupla; Ritmo e humor. A letra conta a saga de um amor que, infelizmente, n\u00e3o resistiu \u00e0s surpresas da vida.&nbsp;<strong>\u201cEu fui corno, fui tra\u00eddo nesse colch\u00e3o parcelado em 24 vezes nas Casas Bahia\u201d<\/strong>, e por a\u00ed vai. Ficou curioso? Confira nas plataformas digitais essa m\u00fasica mais que engra\u00e7ada&nbsp;<strong>\u201cCasas Bahia\u201d (Conto de Fadas)&nbsp;<\/strong><a href=\"https:\/\/youtu.be\/0OatuDtfD60?si=rjga20LY7To_ROoH\" target=\"_blank\" rel=\"noreferrer noopener\">https:\/\/youtu.be\/0OatuDtfD60?si=rjga20LY7To_ROoH<\/a>&nbsp;de autoria de Adriano Bernardes\/Jam Medeiros\/Rodrigo Di\u00f3z.<\/p>\n\n\n\n<p>&#8220;Temos grandes expectativas nesse nosso retorno. Sent\u00edamos saudade dos palcos que \u00e9 a nossa segunda casa! Os f\u00e3s esperam nossa volta e torcem pelo nosso sucesso. N\u00e3o podemos desapont\u00e1-los!\u201d,&nbsp;<strong>diz Adriano, primeira voz da dupla<\/strong>. Ele tamb\u00e9m revela que entende que est\u00e3o voltando num contexto totalmente diferente da m\u00fasica sertaneja, mas que n\u00e3o tem medo de remar contra a mar\u00e9, porque a Dupla tem muita hist\u00f3ria e estilo pr\u00f3prio, sem imitar ningu\u00e9m, e que seu retorno acaba sendo uma ponte entre a m\u00fasica sertaneja mais cl\u00e1ssica e a atual, por meio de inova\u00e7\u00f5es na produ\u00e7\u00e3o, nos arranjos etc. E completa \u2013 \u201cO mercado fonogr\u00e1fico est\u00e1 necessitado do nosso estilo. Com um bom trabalho desenvolvido nas r\u00e1dios de todo o Brasil, nas plataformas digitais e todos os meios de comunica\u00e7\u00e3o, esperamos satisfazer nossos antigos admiradores e conquistar uma legi\u00e3o de novos f\u00e3s\u201d.<\/p>\n\n\n\n<p>A carreira da dupla Andr\u00e9 &amp; Adriano conta atualmente com a gest\u00e3o da JAM Produ\u00e7\u00f5es.&nbsp;<\/p>\n\n\n\n<p><\/p>\n\n\n\n<figure class=\"wp-block-image size-full\"><img width=\"886\" height=\"498\" src=\"https:\/\/vimagazine.com.br\/wp-content\/uploads\/2023\/12\/image.jpg\" alt=\"\" class=\"wp-image-11418\" srcset=\"https:\/\/vimagazine.com.br\/wp-content\/uploads\/2023\/12\/image.jpg 886w, https:\/\/vimagazine.com.br\/wp-content\/uploads\/2023\/12\/image-300x169.jpg 300w, https:\/\/vimagazine.com.br\/wp-content\/uploads\/2023\/12\/image-768x432.jpg 768w\" sizes=\"(max-width: 886px) 100vw, 886px\" \/><figcaption><em>Dupla sertaneja Andr\u00e9 e Adriano&nbsp;,&nbsp;&nbsp;Empres\u00e1rios&nbsp;Jos\u00e9 Adolfo&nbsp;e&nbsp;Rafael Lazpeck&nbsp;&nbsp;&nbsp;(&nbsp;<strong>Cr\u00e9dito Fotos:<\/strong>&nbsp;Maristela Francisconi)<\/em><\/figcaption><\/figure>\n\n\n\n<p><\/p>\n\n\n\n<p><strong>Sobre a JAM Produ\u00e7\u00f5es<\/strong><\/p>\n\n\n\n<p>Fundada em 1987 por Jos\u00e9 Adolfo Medeiros, a JAM Produ\u00e7\u00f5es \u00e9 uma empresa que trabalha na \u00e1rea de arte entretenimento, com foco na gest\u00e3o de carreiras art\u00edsticas. Respons\u00e1vel por toda a negocia\u00e7\u00e3o do evento, desde a divulga\u00e7\u00e3o at\u00e9 a realiza\u00e7\u00e3o do show em feiras, exposi\u00e7\u00f5es, eventos corporativos e festas de pe\u00e3o, a JAM Produ\u00e7\u00f5es trabalha com artistas de diferentes segmentos, com um foco mais presente no sertanejo. No portf\u00f3lio atual de artistas, destacam-se: Andr\u00e9 &amp; Adriano, Felipe &amp; Ferrari, Gutto Barbosa, e Mazinho Quevedo &amp; Adrielli. A empresa j\u00e1 realizou diversas turn\u00eas internacionais em pa\u00edses como Holanda, B\u00e9lgica, It\u00e1lia, Inglaterra, Fran\u00e7a e estabeleceu parcerias com promotores de eventos de renome que atuam fora do pa\u00eds.<\/p>\n\n\n\n<p>Para saber mais sobre a JAM Produ\u00e7\u00f5es, visite:&nbsp;<a href=\"http:\/\/www.jamproducoes.com\/\" target=\"_blank\" rel=\"noreferrer noopener\">www.jamproducoes.com<\/a><\/p>\n\n\n\n<p><strong>Siga as redes sociais:<\/strong><\/p>\n\n\n\n<figure class=\"wp-block-embed\"><div class=\"wp-block-embed__wrapper\">\nhttps:\/\/www.instagram.com\/andreeadriano_real\/\n<\/div><\/figure>\n\n\n\n<figure class=\"wp-block-embed\"><div class=\"wp-block-embed__wrapper\">\nhttps:\/\/pt-br.facebook.com\/AndreeAdrianoAVolta\/\n<\/div><\/figure>\n\n\n\n<p>Visite:&nbsp;<a href=\"https:\/\/www.andreeadriano.com.br\/\" target=\"_blank\" rel=\"noreferrer noopener\">https:\/\/www.andreeadriano.com.br\/<\/a><\/p>\n\n\n\n<p>#AndreeAdriano<br><br><strong><em>Cr\u00e9dito Fotos:<\/em><\/strong><em>&nbsp;Maristela Francisconi&nbsp;<\/em><\/p>\n","protected":false},"excerpt":{"rendered":"<p>No pr\u00f3ximo&nbsp;dia 05 de dezembro 2023&nbsp;Andr\u00e9 e Adriano&nbsp;lan\u00e7am uma nova m\u00fasica&nbsp;nas r\u00e1dios e nas plataformas&#8230;<\/p>\n","protected":false},"author":1,"featured_media":11422,"comment_status":"closed","ping_status":"open","sticky":false,"template":"","format":"standard","meta":{"om_disable_all_campaigns":false,"_monsterinsights_skip_tracking":false,"_monsterinsights_sitenote_active":false,"_monsterinsights_sitenote_note":"","_monsterinsights_sitenote_category":0,"spay_email":""},"categories":[1],"tags":[],"jetpack_featured_media_url":"https:\/\/vimagazine.com.br\/wp-content\/uploads\/2023\/12\/Andre-e-Adriano-1.jpg","_links":{"self":[{"href":"https:\/\/vimagazine.com.br\/index.php?rest_route=\/wp\/v2\/posts\/11417"}],"collection":[{"href":"https:\/\/vimagazine.com.br\/index.php?rest_route=\/wp\/v2\/posts"}],"about":[{"href":"https:\/\/vimagazine.com.br\/index.php?rest_route=\/wp\/v2\/types\/post"}],"author":[{"embeddable":true,"href":"https:\/\/vimagazine.com.br\/index.php?rest_route=\/wp\/v2\/users\/1"}],"replies":[{"embeddable":true,"href":"https:\/\/vimagazine.com.br\/index.php?rest_route=%2Fwp%2Fv2%2Fcomments&post=11417"}],"version-history":[{"count":2,"href":"https:\/\/vimagazine.com.br\/index.php?rest_route=\/wp\/v2\/posts\/11417\/revisions"}],"predecessor-version":[{"id":11423,"href":"https:\/\/vimagazine.com.br\/index.php?rest_route=\/wp\/v2\/posts\/11417\/revisions\/11423"}],"wp:featuredmedia":[{"embeddable":true,"href":"https:\/\/vimagazine.com.br\/index.php?rest_route=\/wp\/v2\/media\/11422"}],"wp:attachment":[{"href":"https:\/\/vimagazine.com.br\/index.php?rest_route=%2Fwp%2Fv2%2Fmedia&parent=11417"}],"wp:term":[{"taxonomy":"category","embeddable":true,"href":"https:\/\/vimagazine.com.br\/index.php?rest_route=%2Fwp%2Fv2%2Fcategories&post=11417"},{"taxonomy":"post_tag","embeddable":true,"href":"https:\/\/vimagazine.com.br\/index.php?rest_route=%2Fwp%2Fv2%2Ftags&post=11417"}],"curies":[{"name":"wp","href":"https:\/\/api.w.org\/{rel}","templated":true}]}}