{"id":11431,"date":"2023-12-05T10:14:40","date_gmt":"2023-12-05T13:14:40","guid":{"rendered":"https:\/\/vimagazine.com.br\/?p=11431"},"modified":"2023-12-05T10:16:40","modified_gmt":"2023-12-05T13:16:40","slug":"villa-romana-shopping-e-mayra-pauli-se-unem-para-promover-encontro-exclusivo-com-o-papai-noel%ef%bf%bc","status":"publish","type":"post","link":"https:\/\/vimagazine.com.br\/?p=11431","title":{"rendered":"Villa Romana Shopping\u00a0 e Mayra Pauli se unem para promover encontro exclusivo com o Papai Noel\ufffc"},"content":{"rendered":"\n<p class=\"has-text-align-center\"><em>Evento Ch\u00e1 com Noel vai deixar as crian\u00e7as mais pr\u00f3ximas do bom velhinho. Ingressos j\u00e1 est\u00e3o \u00e0 venda<\/em><\/p>\n\n\n\n<p class=\"has-text-align-center\">Desfrutar de um momento encantador com o bom velhinho, com as del\u00edcias do espa\u00e7o Mayra Pauli, no segundo andar do Villa Romana Shopping. <\/p>\n\n\n\n<p class=\"has-text-align-center\">Essa \u00e9 a proposta do Ch\u00e1 com Noel, evento que ocorre nos dias 06, 13 e 20 de dezembro, \u00e0s 16h, e vai proporcionar \u00e0s crian\u00e7as e fam\u00edlias um encontro mais pr\u00f3ximo e exclusivo com o Papai Noel.&nbsp;<\/p>\n\n\n\n<p class=\"has-text-align-center\">O personagem mais querido do Natal estar\u00e1 presente em todo os momentos para interagir com as crian\u00e7as e tirar fotos.<\/p>\n\n\n\n<p class=\"has-text-align-center\"><strong> Al\u00e9m do Papai Noel, tamb\u00e9m haver\u00e1 participa\u00e7\u00e3o do personagem &#8220;Willy Wonka&#8221;, do filme &#8220;Wonka&#8221;.<\/strong><\/p>\n\n\n\n<p class=\"has-text-align-center\">\u201cVai ser uma experi\u00eancia inesquec\u00edvel para a todos e estamos muito felizes de poder proporcionar esse encontro junto com a Mayra Pauli, uma refer\u00eancia na cidade quando se trata de confeitaria requintada\u201d, comenta a gerente de marketing Cl\u00e1udia Janjar.&nbsp;<\/p>\n\n\n\n<p class=\"has-text-align-center\">O ingresso individual adulto (a partir de R$ 69,90) d\u00e1 direito a uma sess\u00e3o de ch\u00e1, um menu degusta\u00e7\u00e3o composto por dois mini doces e um mini salgado, uma foto impressa e digital, um kit de decora\u00e7\u00e3o com um biscoito natalino. <\/p>\n\n\n\n<p class=\"has-text-align-center\">H\u00e1 ainda op\u00e7\u00e3o de adquirir entradas com pacotes para adultos e crian\u00e7as (a partir de R$ 99,90 para um adulto e uma crian\u00e7a de at\u00e9 oito anos). <\/p>\n\n\n\n<p class=\"has-text-align-center\">Os ingressos est\u00e3o \u00e0 venda pelo&nbsp;<a href=\"https:\/\/www.sympla.com.br\/evento\/cha-com-o-noel-villa-romana-shopping\/2258651?_gl=1*1qfkkcf*_ga*MTY0Nzk4ODYzNy4xNjk5NDcyMTEz*_ga_KXH10SQTZF*MTcwMDY4MDc4Ny45LjEuMTcwMDY4MjMzNi4wLjAuMA&amp;referrer=beacons.ai\" target=\"_blank\" rel=\"noreferrer noopener\"><strong>Sympla<\/strong><\/a>.&nbsp;<\/p>\n\n\n\n<p class=\"has-text-align-center\"><strong>Confira a programa\u00e7\u00e3o completa do Natal 2023 no Villa Romana Shopping<\/strong><\/p>\n\n\n\n<p class=\"has-text-align-center\">Com o tema &#8220;Brilho de Natal&#8221;, neste ano a cenografia oferece um espa\u00e7o l\u00fadico, com presen\u00e7a de um urso gigante, decora\u00e7\u00e3o interativa com troca de cores das bolas ao toque e, claro, presen\u00e7a do Papai Noel, que recebe as crian\u00e7as at\u00e9 o dia 24 de dezembro, das 12h \u00e0s 20h. <\/p>\n\n\n\n<p class=\"has-text-align-center\"><strong>Em dezembro, haver\u00e1 ainda:<\/strong><\/p>\n\n\n\n<p class=\"has-text-align-center\">Distribui\u00e7\u00e3o de doces &#8211; 01, 08, 15 e 22\/12, das 12h \u00e0s 14h<\/p>\n\n\n\n<p class=\"has-text-align-center\">Personagens natalinos e distribui\u00e7\u00e3o de doces &#8211;&nbsp; 02, 03, 09, 10, 16, 17 e 23\/12, das 12h \u00e0s 19h<\/p>\n\n\n\n<p class=\"has-text-align-center\">Ch\u00e1 com Noel &#8211; 06, 13 e 20\/12, \u00e0s 16h, com inscri\u00e7\u00f5es atrav\u00e9s do Sympla&nbsp;<\/p>\n\n\n\n<p class=\"has-text-align-center\">Coral Cantos da Ilha &#8211; 09 e 16\/12, \u00e0s 17h&nbsp;<\/p>\n\n\n\n<p class=\"has-text-align-center\">Coral Associa\u00e7\u00e3o Corais de Florian\u00f3polis &#8211; 08 e 15\/12, \u00e0s 17h&nbsp;<\/p>\n\n\n\n<p class=\"has-text-align-center\"><strong><br>Yasmine Holanda Fiorini<\/strong> assessora de imprensa, criadora de conte\u00fado e editora do\u00a0<strong><a href=\"https:\/\/yasss.com.br\/\" target=\"_blank\" rel=\"noreferrer noopener\">yasss<\/a><\/strong><br>tamb\u00e9m t\u00f4 no<strong>\u00a0<a href=\"https:\/\/www.instagram.com\/yasmineholanda\/\" target=\"_blank\" rel=\"noreferrer noopener\">@yasmineholanda<\/a><\/strong><\/p>\n","protected":false},"excerpt":{"rendered":"<p>Evento Ch\u00e1 com Noel vai deixar as crian\u00e7as mais pr\u00f3ximas do bom velhinho. Ingressos j\u00e1&#8230;<\/p>\n","protected":false},"author":3,"featured_media":11432,"comment_status":"closed","ping_status":"open","sticky":false,"template":"","format":"standard","meta":{"om_disable_all_campaigns":false,"_monsterinsights_skip_tracking":false,"_monsterinsights_sitenote_active":false,"_monsterinsights_sitenote_note":"","_monsterinsights_sitenote_category":0,"spay_email":""},"categories":[1],"tags":[],"jetpack_featured_media_url":"https:\/\/vimagazine.com.br\/wp-content\/uploads\/2023\/12\/villa-romana-natal-11262-Enhanced-NR-Editar-e1701781958841.jpg","_links":{"self":[{"href":"https:\/\/vimagazine.com.br\/index.php?rest_route=\/wp\/v2\/posts\/11431"}],"collection":[{"href":"https:\/\/vimagazine.com.br\/index.php?rest_route=\/wp\/v2\/posts"}],"about":[{"href":"https:\/\/vimagazine.com.br\/index.php?rest_route=\/wp\/v2\/types\/post"}],"author":[{"embeddable":true,"href":"https:\/\/vimagazine.com.br\/index.php?rest_route=\/wp\/v2\/users\/3"}],"replies":[{"embeddable":true,"href":"https:\/\/vimagazine.com.br\/index.php?rest_route=%2Fwp%2Fv2%2Fcomments&post=11431"}],"version-history":[{"count":2,"href":"https:\/\/vimagazine.com.br\/index.php?rest_route=\/wp\/v2\/posts\/11431\/revisions"}],"predecessor-version":[{"id":11434,"href":"https:\/\/vimagazine.com.br\/index.php?rest_route=\/wp\/v2\/posts\/11431\/revisions\/11434"}],"wp:featuredmedia":[{"embeddable":true,"href":"https:\/\/vimagazine.com.br\/index.php?rest_route=\/wp\/v2\/media\/11432"}],"wp:attachment":[{"href":"https:\/\/vimagazine.com.br\/index.php?rest_route=%2Fwp%2Fv2%2Fmedia&parent=11431"}],"wp:term":[{"taxonomy":"category","embeddable":true,"href":"https:\/\/vimagazine.com.br\/index.php?rest_route=%2Fwp%2Fv2%2Fcategories&post=11431"},{"taxonomy":"post_tag","embeddable":true,"href":"https:\/\/vimagazine.com.br\/index.php?rest_route=%2Fwp%2Fv2%2Ftags&post=11431"}],"curies":[{"name":"wp","href":"https:\/\/api.w.org\/{rel}","templated":true}]}}