{"id":11435,"date":"2023-12-05T10:32:57","date_gmt":"2023-12-05T13:32:57","guid":{"rendered":"https:\/\/vimagazine.com.br\/?p=11435"},"modified":"2023-12-05T10:34:55","modified_gmt":"2023-12-05T13:34:55","slug":"simec-entrega-a-comenda-merito-simec-sebastiao-de-arruda-gomes-para-ariosto-holanda-e-maragton-linard","status":"publish","type":"post","link":"https:\/\/vimagazine.com.br\/?p=11435","title":{"rendered":"SIMEC entrega a comenda \u201cM\u00e9rito SIMEC \u2013 Sebasti\u00e3o de Arruda Gomes\u201d para Ariosto Holanda e Maragton Linard"},"content":{"rendered":"\n<p class=\"has-text-align-center\">O Sindicato das Ind\u00fastrias Metal\u00fargicas, Mec\u00e2nicas e de Material El\u00e9trico no Estado do Cear\u00e1 (Simec), realizou na noite de quinta-feira (30) a solenidade de entrega da Comenda \u201cM\u00e9rito SIMEC \u2013 Sebasti\u00e3o de Arruda Gomes 2023\u201d. <\/p>\n\n\n\n<p class=\"has-text-align-center\">Os homenageados foram o professor Ariosto Holanda, deputado federal do Estado do Cear\u00e1, e Maragton Linard, diretor industrial do Grupo Linard.<\/p>\n\n\n\n<p class=\"has-text-align-center\">A solenidade aconteceu no sal\u00e3o aberto da cobertura da FIEC, em Fortaleza, e contou com a presen\u00e7a de autoridades do setor industrial, pol\u00edticos e representantes da sociedade civil.<\/p>\n\n\n\n<p class=\"has-text-align-center\">Segundo C\u00e9sar Barros, presidente do SIMEC, o objetivo da comenda \u00e9 agraciar personalidades em duas categorias: Ao empres\u00e1rio integrante do segmento que tenha sido destaque ao longo do ano e uma personalidade externa que tenha contribu\u00eddo para o desenvolvimento industrial.<\/p>\n\n\n\n<p class=\"has-text-align-center\"><strong>\u201cEsse ano escolhemos os homenageados atrav\u00e9s de vota\u00e7\u00e3o.<\/strong><\/p>\n\n\n\n<figure class=\"wp-block-image size-large\"><img width=\"1024\" height=\"819\" src=\"https:\/\/vimagazine.com.br\/wp-content\/uploads\/2023\/12\/WhatsApp-Image-2023-12-04-at-07.40.09-1024x819.jpeg\" alt=\"\" class=\"wp-image-11438\" srcset=\"https:\/\/vimagazine.com.br\/wp-content\/uploads\/2023\/12\/WhatsApp-Image-2023-12-04-at-07.40.09-1024x819.jpeg 1024w, https:\/\/vimagazine.com.br\/wp-content\/uploads\/2023\/12\/WhatsApp-Image-2023-12-04-at-07.40.09-300x240.jpeg 300w, https:\/\/vimagazine.com.br\/wp-content\/uploads\/2023\/12\/WhatsApp-Image-2023-12-04-at-07.40.09-768x614.jpeg 768w, https:\/\/vimagazine.com.br\/wp-content\/uploads\/2023\/12\/WhatsApp-Image-2023-12-04-at-07.40.09-1536x1229.jpeg 1536w, https:\/\/vimagazine.com.br\/wp-content\/uploads\/2023\/12\/WhatsApp-Image-2023-12-04-at-07.40.09.jpeg 1920w\" sizes=\"(max-width: 1024px) 100vw, 1024px\" \/><\/figure>\n\n\n\n<p class=\"has-text-align-center\">O engenheiro Ariosto Holanda, foi por suas relevantes contribui\u00e7\u00f5es \u00e0 educa\u00e7\u00e3o profissional, inova\u00e7\u00e3o tecnol\u00f3gica e desenvolvimento socioecon\u00f4mico no Cear\u00e1. <\/p>\n\n\n\n<p class=\"has-text-align-center\">E o senhor Maragton Linard, industrial associado ao sindicato, pela Antonio Linard M\u00e1quinas e Constru\u00e7\u00f5es T\u00e9cnicas S\/A, h\u00e1 90 anos, situada em Miss\u00e3o Velha.<\/p>\n\n\n\n<p class=\"has-text-align-center\">Empresa quase centen\u00e1ria, que vai virar um museu org\u00e2nico futuramente. Duas personalidades que devem ser homenageadas em vida\u201d, destaca C\u00e9sar Barros.<\/p>\n\n\n\n<p class=\"has-text-align-center\">Para o homenageado, Maragton Linard, de 85 anos, o sentimento \u00e9 de gratid\u00e3o pela homenagem recebida. <\/p>\n\n\n\n<p class=\"has-text-align-center\">\u201c\u00c9 um prazer enorme ajudar o nosso Brasil, o nosso Cear\u00e1 sofrido e ao nosso Cariri mais sofrido ainda. <\/p>\n\n\n\n<p class=\"has-text-align-center\">A nossa empresa foi iniciada em 1933 com meu pai. Este ano estamos completando 90 anos e \u00e9ramos tr\u00eas filhos, dois mudaram do Brasil e eu estou por aqui com meus 85 anos e meus filhos hoje que est\u00e3o assumindo o neg\u00f3cio. <\/p>\n\n\n\n<p class=\"has-text-align-center\">Estou muito feliz por esse reconhecimento do SIMEC. Dia 11 de dezembro, tamb\u00e9m irei fazer uma homenagem para os meus funcion\u00e1rios.\u201d<\/p>\n\n\n\n<p class=\"has-text-align-center\">Para Paulo Andr\u00e9, que estava representado seu pai Sebasti\u00e3o de Arruda Gomes, \u00e9 uma grande alegria que seu pai esteja sendo homenageado pelo SIMEC.<\/p>\n\n\n\n<p class=\"has-text-align-center\"> \u201cA hist\u00f3ria do meu pai \u00e9 voltada para educa\u00e7\u00e3o, voltada a inova\u00e7\u00e3o e novas tecnologias. <\/p>\n\n\n\n<p class=\"has-text-align-center\">Aqui t\u00eam v\u00e1rios alunos do meu pai e v\u00e1rios amigos que contribu\u00edram para o movimento do nosso Estado. Ent\u00e3o \u00e9 um momento de celebrar a educa\u00e7\u00e3o, as tecnologias, o emprego, a amizade. <\/p>\n\n\n\n<p class=\"has-text-align-center\">Para mim \u00e9 sempre uma honra representar meu pai\u201d.<\/p>\n\n\n\n<figure class=\"wp-block-image size-large\"><img width=\"1024\" height=\"819\" src=\"https:\/\/vimagazine.com.br\/wp-content\/uploads\/2023\/12\/WhatsApp-Image-2023-12-04-at-07.40.10-1024x819.jpeg\" alt=\"\" class=\"wp-image-11439\" srcset=\"https:\/\/vimagazine.com.br\/wp-content\/uploads\/2023\/12\/WhatsApp-Image-2023-12-04-at-07.40.10-1024x819.jpeg 1024w, https:\/\/vimagazine.com.br\/wp-content\/uploads\/2023\/12\/WhatsApp-Image-2023-12-04-at-07.40.10-300x240.jpeg 300w, https:\/\/vimagazine.com.br\/wp-content\/uploads\/2023\/12\/WhatsApp-Image-2023-12-04-at-07.40.10-768x614.jpeg 768w, https:\/\/vimagazine.com.br\/wp-content\/uploads\/2023\/12\/WhatsApp-Image-2023-12-04-at-07.40.10-1536x1229.jpeg 1536w, https:\/\/vimagazine.com.br\/wp-content\/uploads\/2023\/12\/WhatsApp-Image-2023-12-04-at-07.40.10.jpeg 1920w\" sizes=\"(max-width: 1024px) 100vw, 1024px\" \/><\/figure>\n\n\n\n<p class=\"has-text-align-center\"><strong>Sobre o SIMEC<\/strong><\/p>\n\n\n\n<p class=\"has-text-align-center\">O SIMEC \u00e9 um dos 40 sindicatos patronais ligados \u00e0 Federa\u00e7\u00e3o das Ind\u00fastrias do Estado do Cear\u00e1 (FIEC), que congrega diversos segmentos produtivos industriais. <\/p>\n\n\n\n<p class=\"has-text-align-center\">A FIEC \u00e9 uma impulsionadora do desenvolvimento social e econ\u00f4mico do Estado, estimulando a competitividade, gerando novos neg\u00f3cios e fortalecendo v\u00ednculos institucionais.<\/p>\n\n\n\n<p class=\"has-text-align-center\">Com abrang\u00eancia na capital e regi\u00e3o metropolitana o SIMEC atua proporcionando aos associados, capacita\u00e7\u00e3o em todos os n\u00edveis, principalmente na gest\u00e3o empresarial e emprestando o m\u00e1ximo de apoio ao desenvolvimento das empresas do setor, atra3v\u00e9s de projetos para melhorar a efici\u00eancia operacional das ind\u00fastrias, com capacita\u00e7\u00f5es em gest\u00e3o da produ\u00e7\u00e3o, planejamento de mercado e planejamento para sustentabilidade do neg\u00f3cio, inova\u00e7\u00e3o, certifica\u00e7\u00e3o em qualidade, suporte jur\u00eddico-trabalhista e tribut\u00e1rio, al\u00e9m de ser um acesso aos programas desenvolvidos pelo sistema FIEC \u00e0s ind\u00fastrias do segmento.<\/p>\n\n\n\n<p class=\"has-text-align-center\">Fonte: Fernanda Leite<\/p>\n","protected":false},"excerpt":{"rendered":"<p>O Sindicato das Ind\u00fastrias Metal\u00fargicas, Mec\u00e2nicas e de Material El\u00e9trico no Estado do Cear\u00e1 (Simec),&#8230;<\/p>\n","protected":false},"author":3,"featured_media":11436,"comment_status":"closed","ping_status":"open","sticky":false,"template":"","format":"standard","meta":{"om_disable_all_campaigns":false,"_monsterinsights_skip_tracking":false,"_monsterinsights_sitenote_active":false,"_monsterinsights_sitenote_note":"","_monsterinsights_sitenote_category":0,"spay_email":""},"categories":[1],"tags":[],"jetpack_featured_media_url":"https:\/\/vimagazine.com.br\/wp-content\/uploads\/2023\/12\/WhatsApp-Image-2023-12-04-at-07.40.08-e1701783020619.jpeg","_links":{"self":[{"href":"https:\/\/vimagazine.com.br\/index.php?rest_route=\/wp\/v2\/posts\/11435"}],"collection":[{"href":"https:\/\/vimagazine.com.br\/index.php?rest_route=\/wp\/v2\/posts"}],"about":[{"href":"https:\/\/vimagazine.com.br\/index.php?rest_route=\/wp\/v2\/types\/post"}],"author":[{"embeddable":true,"href":"https:\/\/vimagazine.com.br\/index.php?rest_route=\/wp\/v2\/users\/3"}],"replies":[{"embeddable":true,"href":"https:\/\/vimagazine.com.br\/index.php?rest_route=%2Fwp%2Fv2%2Fcomments&post=11435"}],"version-history":[{"count":3,"href":"https:\/\/vimagazine.com.br\/index.php?rest_route=\/wp\/v2\/posts\/11435\/revisions"}],"predecessor-version":[{"id":11441,"href":"https:\/\/vimagazine.com.br\/index.php?rest_route=\/wp\/v2\/posts\/11435\/revisions\/11441"}],"wp:featuredmedia":[{"embeddable":true,"href":"https:\/\/vimagazine.com.br\/index.php?rest_route=\/wp\/v2\/media\/11436"}],"wp:attachment":[{"href":"https:\/\/vimagazine.com.br\/index.php?rest_route=%2Fwp%2Fv2%2Fmedia&parent=11435"}],"wp:term":[{"taxonomy":"category","embeddable":true,"href":"https:\/\/vimagazine.com.br\/index.php?rest_route=%2Fwp%2Fv2%2Fcategories&post=11435"},{"taxonomy":"post_tag","embeddable":true,"href":"https:\/\/vimagazine.com.br\/index.php?rest_route=%2Fwp%2Fv2%2Ftags&post=11435"}],"curies":[{"name":"wp","href":"https:\/\/api.w.org\/{rel}","templated":true}]}}