{"id":11442,"date":"2023-12-05T10:40:29","date_gmt":"2023-12-05T13:40:29","guid":{"rendered":"https:\/\/vimagazine.com.br\/?p=11442"},"modified":"2023-12-05T10:40:34","modified_gmt":"2023-12-05T13:40:34","slug":"9a-edicao-do-painel-gratuito-elas-mulheres-do-futuro-reune-empreendedoras-no-garten-shopping","status":"publish","type":"post","link":"https:\/\/vimagazine.com.br\/?p=11442","title":{"rendered":"\u00a09\u00aa edi\u00e7\u00e3o do painel gratuito Elas| Mulheres do Futuro re\u00fane empreendedoras no Garten Shopping"},"content":{"rendered":"\n<p class=\"has-text-align-center\"><em>O painel traz o tema \u201cO Ponto da Virada\u201d e conta com a participa\u00e7\u00e3o de empreendedoras que compartilham conte\u00fados para inspirar e fortalecer outras mulheres<\/em><\/p>\n\n\n\n<p class=\"has-text-align-center\">Nesta quinta-feira, dia 7, a pra\u00e7a de alimenta\u00e7\u00e3o do Garten Shopping estar\u00e1 especialmente preparada para receber as participantes da 9\u00aa edi\u00e7\u00e3o do painel Elas| Mulheres do Futuro.<\/p>\n\n\n\n<p class=\"has-text-align-center\"> O evento de conte\u00fado gratuito inicia a partir das 18h30 e re\u00fane mulheres que procuram outras mulheres para se fortalecer, inspirar e se movimentar em seus neg\u00f3cios e em suas vidas.\u00a0<\/p>\n\n\n\n<p class=\"has-text-align-center\">A 9\u00aa edi\u00e7\u00e3o do painel traz o tema \u201cO Ponto da Virada\u201d e contar\u00e1 com a participa\u00e7\u00e3o da empreendedora Joice Sarmento e a pediatra Andreia Baldissera. <\/p>\n\n\n\n<p class=\"has-text-align-center\">As profissionais ir\u00e3o compartilhar suas hist\u00f3rias de supera\u00e7\u00e3o e a\u00e7\u00f5es importantes que ajudaram na virada de sucesso de seus neg\u00f3cios.<\/p>\n\n\n\n<p class=\"has-text-align-center\">O evento proporcionar\u00e1 um ambiente prop\u00edcio para a constru\u00e7\u00e3o de redes de contatos e parcerias estrat\u00e9gicas. <\/p>\n\n\n\n<p class=\"has-text-align-center\">As participantes ter\u00e3o a chance de conhecer outras empreendedoras, empres\u00e1rias e profissionais influentes. E poder\u00e3o participar de um momento de conex\u00e3o e networking liderado pelo movimento W2W (Woman to Woman) Joinville.<\/p>\n\n\n\n<p class=\"has-text-align-center\">De acordo com Grey Lopes, CEO das Valenttinas e idealizadora do painel, o evento trar\u00e1 muita bagagem para as mulheres participantes, al\u00e9m de impulsion\u00e1-las em uma rede de relacionamento \u00fanica. <\/p>\n\n\n\n<p class=\"has-text-align-center\"><strong>&#8220;Tamb\u00e9m contaremos novidades do programa experts e lan\u00e7aremos uma surpresa no evento. <\/strong><\/p>\n\n\n\n<p class=\"has-text-align-center\">N\u00e3o perca a chance de fazer parte deste evento inspirador que celebra as conquistas das empreendedoras e empres\u00e1rias de sucesso.&#8221;, comenta Grey Lopes.\u00a0<\/p>\n\n\n\n<p class=\"has-text-align-center\">Para participar as interessadas devem fazer a inscri\u00e7\u00e3o atrav\u00e9s do&nbsp;<a href=\"https:\/\/valenttinas.rds.land\/mulheres-do-futuro-2023\" target=\"_blank\" rel=\"noreferrer noopener\">formul\u00e1rio online.<\/a><\/p>\n\n\n\n<p class=\"has-text-align-center\"><strong>Sobre as palestrantes<\/strong><\/p>\n\n\n\n<p class=\"has-text-align-center\"><strong>Joice Sarmento<\/strong><\/p>\n\n\n\n<p class=\"has-text-align-center\">Joice \u00e9 empreendedora desde os 23 anos, mentora, palestrante e coautora do livro \u201cAs Chaves da Mentalidade Empreendedora\u201d com o cap\u00edtulo \u201cDesenvolvendo Marcas Fortes\u201d.&nbsp;<\/p>\n\n\n\n<p class=\"has-text-align-center\"><strong>Andreia Baldissera<\/strong><\/p>\n\n\n\n<p class=\"has-text-align-center\">Andreia Baldissera \u00e9 pediatra, leonina e m\u00e3e de 4 meninas, especialista em ajudar m\u00e3es a resolverem as pequenas emerg\u00eancias da maternidade.<\/p>\n\n\n\n<p class=\"has-text-align-center\"><strong>W2W Joinville<\/strong><\/p>\n\n\n\n<p class=\"has-text-align-center\">O movimento W2W, ou Woman to Woman, re\u00fane mais de 2500 alunas com o objetivo de faz\u00ea-las prosperar, tanto em sua vida profissional quanto em sua vida pessoal. <\/p>\n\n\n\n<p class=\"has-text-align-center\">Para isso s\u00e3o realizadas diversas atividades, como mentorias, eventos e conte\u00fados exclusivos para todas as associadas.<\/p>\n\n\n\n<p class=\"has-text-align-center\"><strong>Participe!<\/strong><\/p>\n\n\n\n<p class=\"has-text-align-center\"><strong>O qu\u00ea:&nbsp;<\/strong>9\u00aa edi\u00e7\u00e3o do painel Elas| Mulheres do Futuro<\/p>\n\n\n\n<p class=\"has-text-align-center\"><strong>Quando:&nbsp;<\/strong>07 de dezembro (quinta-feira)<\/p>\n\n\n\n<p class=\"has-text-align-center\"><strong>Hor\u00e1rio:&nbsp;<\/strong>19h \u00e0s 21h (chegar 30 min antes para networking)<\/p>\n\n\n\n<p class=\"has-text-align-center\"><strong>Local:&nbsp;<\/strong>Pra\u00e7a de alimenta\u00e7\u00e3o do Garten Shopping<\/p>\n\n\n\n<p class=\"has-text-align-center\"><strong>Inscri\u00e7\u00f5es<\/strong>\u00a0via\u00a0<a href=\"https:\/\/valenttinas.rds.land\/mulheres-do-futuro-2023\" target=\"_blank\" rel=\"noreferrer noopener\">formul\u00e1rio online<\/a>,\u00a0mais informa\u00e7\u00f5es no Instagram @valenttinas.escola\u00a0<\/p>\n\n\n\n<p class=\"has-text-align-center\"><strong>B\u00e1rbara Siementkowski<\/strong><\/p>\n\n\n\n<p class=\"has-text-align-center\"><strong>Atendimento do Garten Shopping&nbsp;<\/strong><\/p>\n\n\n\n<p class=\"has-text-align-center\"><strong>Primeira Via Comunica\u00e7\u00e3o Integrada<\/strong><\/p>\n\n\n\n<p class=\"has-text-align-center\"><strong><a href=\"mailto:barbara@1via.com.br\" target=\"_blank\" rel=\"noreferrer noopener\">barbara@1via.com.br<\/a><\/strong><\/p>\n\n\n\n<p class=\"has-text-align-center\"><a href=\"https:\/\/www.linkedin.com\/company\/primeiravia\/\" target=\"_blank\" rel=\"noreferrer noopener\"><\/a>&nbsp;<a href=\"https:\/\/www.facebook.com\/primeiravia\/\" target=\"_blank\" rel=\"noreferrer noopener\"><\/a>&nbsp;<a href=\"https:\/\/www.instagram.com\/primeiravia\" target=\"_blank\" rel=\"noreferrer noopener\"><\/a><\/p>\n","protected":false},"excerpt":{"rendered":"<p>O painel traz o tema \u201cO Ponto da Virada\u201d e conta com a participa\u00e7\u00e3o de&#8230;<\/p>\n","protected":false},"author":3,"featured_media":11443,"comment_status":"closed","ping_status":"open","sticky":false,"template":"","format":"standard","meta":{"om_disable_all_campaigns":false,"_monsterinsights_skip_tracking":false,"_monsterinsights_sitenote_active":false,"_monsterinsights_sitenote_note":"","_monsterinsights_sitenote_category":0,"spay_email":""},"categories":[1],"tags":[],"jetpack_featured_media_url":"https:\/\/vimagazine.com.br\/wp-content\/uploads\/2023\/12\/118-e1701783451630.jpg","_links":{"self":[{"href":"https:\/\/vimagazine.com.br\/index.php?rest_route=\/wp\/v2\/posts\/11442"}],"collection":[{"href":"https:\/\/vimagazine.com.br\/index.php?rest_route=\/wp\/v2\/posts"}],"about":[{"href":"https:\/\/vimagazine.com.br\/index.php?rest_route=\/wp\/v2\/types\/post"}],"author":[{"embeddable":true,"href":"https:\/\/vimagazine.com.br\/index.php?rest_route=\/wp\/v2\/users\/3"}],"replies":[{"embeddable":true,"href":"https:\/\/vimagazine.com.br\/index.php?rest_route=%2Fwp%2Fv2%2Fcomments&post=11442"}],"version-history":[{"count":1,"href":"https:\/\/vimagazine.com.br\/index.php?rest_route=\/wp\/v2\/posts\/11442\/revisions"}],"predecessor-version":[{"id":11444,"href":"https:\/\/vimagazine.com.br\/index.php?rest_route=\/wp\/v2\/posts\/11442\/revisions\/11444"}],"wp:featuredmedia":[{"embeddable":true,"href":"https:\/\/vimagazine.com.br\/index.php?rest_route=\/wp\/v2\/media\/11443"}],"wp:attachment":[{"href":"https:\/\/vimagazine.com.br\/index.php?rest_route=%2Fwp%2Fv2%2Fmedia&parent=11442"}],"wp:term":[{"taxonomy":"category","embeddable":true,"href":"https:\/\/vimagazine.com.br\/index.php?rest_route=%2Fwp%2Fv2%2Fcategories&post=11442"},{"taxonomy":"post_tag","embeddable":true,"href":"https:\/\/vimagazine.com.br\/index.php?rest_route=%2Fwp%2Fv2%2Ftags&post=11442"}],"curies":[{"name":"wp","href":"https:\/\/api.w.org\/{rel}","templated":true}]}}