{"id":11450,"date":"2023-12-06T10:12:43","date_gmt":"2023-12-06T13:12:43","guid":{"rendered":"https:\/\/vimagazine.com.br\/?p=11450"},"modified":"2023-12-06T10:12:45","modified_gmt":"2023-12-06T13:12:45","slug":"serie-de-intervencoes-artisticas-iniciam-em-joinville-a-partir-de-dezembro","status":"publish","type":"post","link":"https:\/\/vimagazine.com.br\/?p=11450","title":{"rendered":"S\u00c9RIE DE INTERVEN\u00c7\u00d5ES ART\u00cdSTICAS INICIAM EM JOINVILLE A PARTIR DE DEZEMBRO\u00a0"},"content":{"rendered":"\n<p class=\"has-text-align-center\">Os projetos concebidos pelo artista visual Jean Smekatz e viabilizados atrav\u00e9s de editais, s\u00e3o iniciativas que buscam transcender as fronteiras convencionais das artes.&nbsp;<\/p>\n\n\n\n<p class=\"has-text-align-center\">\u2002\u2002\u2002\u2002\u2002\u2002No dia 16 de dezembro, s\u00e1bado, \u00e0s 11h, no Museu de Arte de Joinville (MAJ), o artista visual e performer Jean Smekatz, iniciar\u00e1 uma s\u00e9rie de seis performances art\u00edsticas, em locais emblem\u00e1ticos e simb\u00f3licos da maior cidade catarinense, promovendo uma imers\u00e3o no universo do artista.<\/p>\n\n\n\n<p class=\"has-text-align-center\">Intitulado \u201cTrabalho de Corpo\u201d, o projeto conta com a curadoria da renomada atriz- dan\u00e7arina, performer e professora de dan\u00e7a Marta Soares.\u00a0<\/p>\n\n\n\n<p class=\"has-text-align-center\">\u2002\u2002\u2002\u2002\u2002\u2002Financiado pelo Sistema Municipal de Desenvolvimento pela Cultura (SIMDEC), essas a\u00e7\u00f5es buscam transcender as fronteiras convencionais da arte, abrindo novos horizontes de experi\u00eancia est\u00e9tica e cultural. &#8220;Derra-mar&#8221;, ser\u00e1 a performance apresentada no Museu de Arte de Joinville e dar\u00e1 in\u00edcio a s\u00e9rie de apresenta\u00e7\u00f5es, que contar\u00e1 ainda com &#8220;Rito de Ethos&#8221; que ser\u00e1 apresentado no Museu Nacional de Imigra\u00e7\u00e3o e Coloniza\u00e7\u00e3o, no dia 30 de mar\u00e7o de 2024, &#8220;Territ\u00f3rio&#8221;, a terceira performance, que ir\u00e1 transformar o Museu Arqueol\u00f3gico de Sambaqui de Joinville em um palco inusitado.&nbsp;<\/p>\n\n\n\n<p class=\"has-text-align-center\">\u2002\u2002\u2002\u2002\u2002\u2002Jean Smekatz, nos leva a uma jornada sensorial e po\u00e9tica por meio de seu projeto &#8220;Trabalho de Corpo&#8221;.<\/p>\n\n\n\n<figure class=\"wp-block-image size-large\"><img width=\"819\" height=\"1024\" src=\"https:\/\/vimagazine.com.br\/wp-content\/uploads\/2023\/12\/DERRA_MAR_JEAN_SMEKATZ_3-819x1024.jpg\" alt=\"\" class=\"wp-image-11452\" srcset=\"https:\/\/vimagazine.com.br\/wp-content\/uploads\/2023\/12\/DERRA_MAR_JEAN_SMEKATZ_3-819x1024.jpg 819w, https:\/\/vimagazine.com.br\/wp-content\/uploads\/2023\/12\/DERRA_MAR_JEAN_SMEKATZ_3-240x300.jpg 240w, https:\/\/vimagazine.com.br\/wp-content\/uploads\/2023\/12\/DERRA_MAR_JEAN_SMEKATZ_3-768x960.jpg 768w, https:\/\/vimagazine.com.br\/wp-content\/uploads\/2023\/12\/DERRA_MAR_JEAN_SMEKATZ_3-1024x1280.jpg 1024w, https:\/\/vimagazine.com.br\/wp-content\/uploads\/2023\/12\/DERRA_MAR_JEAN_SMEKATZ_3.jpg 1080w\" sizes=\"(max-width: 819px) 100vw, 819px\" \/><\/figure>\n\n\n\n<p class=\"has-text-align-center\"> Nessa explora\u00e7\u00e3o art\u00edstica, Smekatz mergulha nas profundezas da express\u00e3o corporal, utilizando performances que transcendem os limites convencionais da arte. <\/p>\n\n\n\n<p class=\"has-text-align-center\">\u201cDerra-mar\u201d, uma performance em tr\u00eas atos, inicia-se com a instala\u00e7\u00e3o prel\u00fadio, onde objetos v\u00edtreos repletos de \u00e1gua do mar comp\u00f5em uma crom\u00e1tica visual que preenche o ch\u00e3o. <\/p>\n\n\n\n<p class=\"has-text-align-center\">Smekatz, vestido de branco, despeja pigmento azul sobre os recipientes, criando uma sinfonia visual de tonalidades que se entrela\u00e7am.<\/p>\n\n\n\n<p class=\"has-text-align-center\"> A audi\u00eancia testemunha uma dan\u00e7a crom\u00e1tica em constante evolu\u00e7\u00e3o, resultando em uma instala\u00e7\u00e3o que se metamorfoseia sutilmente com o tempo.\u00a0<\/p>\n\n\n\n<p class=\"has-text-align-center\">\u2002\u2002\u2002\u2002\u2002\u2002\u201cTerrit\u00f3rio\u201d desdobra-se em fases po\u00e9ticas, preparando o espa\u00e7o-tempo com tons de branco, terracota e bege. <\/p>\n\n\n\n<p class=\"has-text-align-center\">O artista interage com bacias de barro, corpos metaf\u00edsicos e um varal de roupas, criando uma dan\u00e7a crom\u00e1tica e ef\u00eamera que transcende o tempo. <\/p>\n\n\n\n<p class=\"has-text-align-center\">Uma linha temporal representada pelo varal tece a narrativa da performance. \u201cRito de \u00c9thos &#8211; Para o Arm\u00e1rio Jamais Voltaremos\u201d, \u00e9 uma obra onde as energias das cores ganham vida. Seis bacias revelam l\u00edquidos em matizes vibrantes. <\/p>\n\n\n\n<p class=\"has-text-align-center\">O artista, imerso na composi\u00e7\u00e3o de Thaykovis, tingi tecidos e os estende no interior de um arm\u00e1rio, criando uma pintura no campo expandido.<\/p>\n\n\n\n<p class=\"has-text-align-center\"> Ao t\u00e9rmino, o arm\u00e1rio, repleto de cores e hist\u00f3rias, torna-se um testemunho da dan\u00e7a vibrante e po\u00e9tica. Assim, &#8220;Trabalho de Corpo&#8221; de Jean Smekatz \u00e9 mais do que uma s\u00e9rie de performances; \u00e9 uma experi\u00eancia sensorial e visual que convida o espectador a mergulhar na expressividade da arte contempor\u00e2nea.\u00a0<\/p>\n\n\n\n<p class=\"has-text-align-center\">&nbsp;\u2002\u2002\u2002\u2002\u2002Como contrapartida social, o projeto vai al\u00e9m do espa\u00e7o tradicional da arte, e ser\u00e1 apresentado em escolas municipais de Joinville, em bairros de vulnerabilidade social por meio de a\u00e7\u00f5es, como palestras, performances e oficinas pr\u00e1ticas conduzidas pelo pr\u00f3prio artista e refor\u00e7a o compromisso de Smekatz com a democratiza\u00e7\u00e3o e acesso da arte e sua capacidade de provocar reflex\u00f5es significativas em diversas comunidades. &nbsp;<\/p>\n\n\n\n<p class=\"has-text-align-center\">\u2002\u2002\u2002\u2002\u2002\u2002O ano de 2024, promete ser o ano de consolida\u00e7\u00e3o do artista catarinense. <\/p>\n\n\n\n<p class=\"has-text-align-center\">Al\u00e9m das performances, Jean Smekatz conquistou o apoio do programa de incentivo em artes visuais para sua primeira exposi\u00e7\u00e3o individual, intitulada &#8220;Energia do Gesto&#8221; com curadoria de Katiana Machado. <\/p>\n\n\n\n<p class=\"has-text-align-center\">A exposi\u00e7\u00e3o estar\u00e1 em cartaz na Galeria 33, de 1\u00ba de maio a 29 de junho do pr\u00f3ximo ano, proporcionando uma oportunidade para o p\u00fablico imergir ainda mais no mundo expressivo do artista. \u00a0<\/p>\n\n\n\n<figure class=\"wp-block-image size-large\"><img width=\"819\" height=\"1024\" src=\"https:\/\/vimagazine.com.br\/wp-content\/uploads\/2023\/12\/DERRA_MAR_JEAN_SMEKATZ_2-819x1024.jpg\" alt=\"\" class=\"wp-image-11453\" srcset=\"https:\/\/vimagazine.com.br\/wp-content\/uploads\/2023\/12\/DERRA_MAR_JEAN_SMEKATZ_2-819x1024.jpg 819w, https:\/\/vimagazine.com.br\/wp-content\/uploads\/2023\/12\/DERRA_MAR_JEAN_SMEKATZ_2-240x300.jpg 240w, https:\/\/vimagazine.com.br\/wp-content\/uploads\/2023\/12\/DERRA_MAR_JEAN_SMEKATZ_2-768x960.jpg 768w, https:\/\/vimagazine.com.br\/wp-content\/uploads\/2023\/12\/DERRA_MAR_JEAN_SMEKATZ_2-1024x1280.jpg 1024w, https:\/\/vimagazine.com.br\/wp-content\/uploads\/2023\/12\/DERRA_MAR_JEAN_SMEKATZ_2.jpg 1080w\" sizes=\"(max-width: 819px) 100vw, 819px\" \/><\/figure>\n\n\n\n<p class=\"has-text-align-center\"><strong>JEAN SMEKATZ&nbsp;<\/strong><\/p>\n\n\n\n<p class=\"has-text-align-center\">\u2002\u2002\u2002\u2002\u2002\u2002Jean Smekatz \u00e9 um artista visual natural de Rio Negro, Paran\u00e1\u0301, que atualmente reside e trabalha entre\u00a0 Joinville, Santa Catarina e S\u00e3o Paulo. <\/p>\n\n\n\n<p class=\"has-text-align-center\">Sua jornada art\u00edstica come\u00e7ou na inf\u00e2ncia, atrav\u00e9s da participa\u00e7\u00e3o em grupos de teatro e escolas de dan\u00e7a, o que o levou a participar de eventos de renome internacional, como o Festival de Dan\u00e7a de Joinville e a Mostra Paranaense de Dan\u00e7a. <\/p>\n\n\n\n<p class=\"has-text-align-center\">Smekatz \u00e9 bacharel em Design de Moda e estudou disciplinas do bacharelado em Artes Visuais, ambos na Universidade da Regi\u00e3o de Joinville (Univille). Al\u00e9m disso, ele possui forma\u00e7\u00e3o em artes atrav\u00e9s de cursos livres e acompanhamento de artistas e curadores da cena art\u00edstica nacional, incluindo a participa\u00e7\u00e3o na Resid\u00eancia Art\u00edstica Expressionismo Abstrato, conduzida por Ricardo Kolb, na Galeria 33, a mesma que o representa.\u00a0<\/p>\n\n\n\n<p class=\"has-text-align-center\">\u2002\u2002\u2002\u2002\u2002\u2002Smekatz executou in\u00fameros projetos de arte, cultura, design e moda, sendo um dos destaques a concep\u00e7\u00e3o do Carnaval para uma das escolas de samba mais antigas de Santa Catarina, a Pr\u00edncipes do Samba. Como artista visual, ele apresentou a performance &#8220;Derra-mar&#8221;, no Centro de Artes e Design da Univille em 2021. <\/p>\n\n\n\n<p class=\"has-text-align-center\">Em 2022 inaugurou o projeto &#8220;Galeria a c\u00e9u aberto&#8221;, da Galeria Municipal Victor Kursancew, atrav\u00e9s de um edital municipal de cultura, com a performance &#8220;Actus&#8221;. <\/p>\n\n\n\n<p class=\"has-text-align-center\">Em 2023 participou da coletiva Jovens artistas Catarinenses na Galeria de Arte Contempor\u00e2nea da Funda\u00e7\u00e3o Cultural de Crici\u00fama, Exposi\u00e7\u00e3o Sindicatos dos Artistas em S\u00e3o Paulo e Vis\u00f5es Catarinenses na Galeria 33.\u00a0<\/p>\n\n\n\n<p><\/p>\n\n\n\n<p class=\"has-text-align-center\">\u2002\u2002\u2002\u2002\u2002\u2002Smekatz tamb\u00e9m \u00e9 conselheiro da AAPLAJ &#8211; Associa\u00e7\u00e3o de Artistas Pl\u00e1sticos de Joinville e do Museu de Arte Contempor\u00e2nea Luiz Henrique Schwanke| Mac Schwanke.&nbsp;<\/p>\n\n\n\n<p class=\"has-text-align-center\"><strong>MARTA SOARES<\/strong>&nbsp;<\/p>\n\n\n\n<p class=\"has-text-align-center\">\u2002\u2002\u2002\u2002\u2002\u2002Marta Soares \u00e9 dan\u00e7arina e core\u00f3grafa. Completou o One Year Course no Laban Centre for Movement and Dance em Londres. Em Nova Iorque completou o bacharelado em artes (BA) no Empire State College na State University of New York (SUNY), o Certificado em An\u00e1lise de Movimento Laban (CMA) no Laban\/Bartenieff Institute of Movement Studies (LIMS), estudou e trabalhou com a diretora e dramaturga Lee Nagrin (fundadora do grupo \u201cThe House\u201d dirigido por Meredith Monk e ganhadora do Pr\u00eamio OBIE em dramaturgia) e nas escolas Movement Research, Susan Klein, Alwin Nickolais, entre outras. <\/p>\n\n\n\n<p class=\"has-text-align-center\">Apresentou seus trabalhos em show cases em v\u00e1rios teatros downtown de Nova Iorque, entre os quais destacam-se: PS 122, DIA Arts Foundation e The Knitting Factory. Recebeu a Bolsa para artistas da Funda\u00e7\u00e3o Jap\u00e3o atrav\u00e9s da qual estudou dan\u00e7a but\u00f4 com Kazuo Ohno em T\u00f3quio.\u00a0<\/p>\n\n\n\n<p class=\"has-text-align-center\">\u2002\u2002\u2002\u2002\u2002\u2002Os seus trabalhos foram apresentados em v\u00e1rios festivais nacionais e internacionais, tais como: F\u00f3rum Internacional de Dan\u00e7a em Belo Horizonte (FID), Festival Panorama Rio Arte de Dan\u00e7a, Festival Porto Alegre Em Cena, Festival Internacional de Dan\u00e7a de Recife, Bienal Internacional de Dan\u00e7a do Cear\u00e1 e Festival de Dan\u00e7a de Joinville. Festival Temps d\u2019Images no CentQuatre em Paris, Fran\u00e7a, Festival Queer Zagreb em Zagreb, Cro\u00e1cia, Festival Europ\u00e1lia no The Single na Antuerpia, B\u00e9lgica e Festival In Transit na Haus der Culturen der Welt em Berlim, Alemanha.&nbsp;<\/p>\n\n\n\n<p class=\"has-text-align-center\">\u2002\u2002\u2002\u2002\u2002\u2002\u00c9 mestre em Comunica\u00e7\u00e3o e Semi\u00f3tica e doutora em Psicologia Cl\u00ednica\/Artes (N\u00facleo de Subjetividade) pela Pontif\u00edcia Universidade Cat\u00f3lica de S\u00e3o Paulo, onde tamb\u00e9m lecionou na Faculdade das Artes do Corpo no per\u00edodo entre 1999 e 2012. <\/p>\n\n\n\n<p class=\"has-text-align-center\">A artista tem quatro pr\u00eamios da APCA (Associa\u00e7\u00e3o Paulista de Cr\u00edticos de Arte) na \u00e1rea da dan\u00e7a.\u00a0<\/p>\n\n\n\n<figure class=\"wp-block-image size-large\"><img width=\"1024\" height=\"739\" src=\"https:\/\/vimagazine.com.br\/wp-content\/uploads\/2023\/12\/DERRA_MAR_JEAN_SMEKATZ_5-1024x739.jpg\" alt=\"\" class=\"wp-image-11454\" srcset=\"https:\/\/vimagazine.com.br\/wp-content\/uploads\/2023\/12\/DERRA_MAR_JEAN_SMEKATZ_5-1024x739.jpg 1024w, https:\/\/vimagazine.com.br\/wp-content\/uploads\/2023\/12\/DERRA_MAR_JEAN_SMEKATZ_5-300x217.jpg 300w, https:\/\/vimagazine.com.br\/wp-content\/uploads\/2023\/12\/DERRA_MAR_JEAN_SMEKATZ_5-768x554.jpg 768w, https:\/\/vimagazine.com.br\/wp-content\/uploads\/2023\/12\/DERRA_MAR_JEAN_SMEKATZ_5-1536x1109.jpg 1536w, https:\/\/vimagazine.com.br\/wp-content\/uploads\/2023\/12\/DERRA_MAR_JEAN_SMEKATZ_5.jpg 1920w\" sizes=\"(max-width: 1024px) 100vw, 1024px\" \/><\/figure>\n\n\n\n<p class=\"has-text-align-center\"><strong>CRONOGRAMA DAS PERFORMANCES&nbsp;<\/strong><\/p>\n\n\n\n<p class=\"has-text-align-center\"><strong>Performance Derra-mar &nbsp;<\/strong><\/p>\n\n\n\n<p class=\"has-text-align-center\"><strong>Quando:<\/strong>&nbsp;16\/12\/2023 \u00e0s 11h &nbsp;<\/p>\n\n\n\n<p class=\"has-text-align-center\"><strong>Onde:<\/strong>&nbsp;Museu de Arte de Joinville&nbsp;<\/p>\n\n\n\n<p class=\"has-text-align-center\"><strong>Performance Rito de Ethos &nbsp;<\/strong><\/p>\n\n\n\n<p class=\"has-text-align-center\"><strong>Quando:<\/strong>&nbsp;30\/03\/2024 \u00e0s 11h &nbsp;<\/p>\n\n\n\n<p class=\"has-text-align-center\"><strong>Onde:<\/strong>&nbsp;Museu Nacional de Imigra\u00e7\u00e3o e Coloniza\u00e7\u00e3o &nbsp;<\/p>\n\n\n\n<p class=\"has-text-align-center\"><strong>Performance Territ\u00f3rio &nbsp;<\/strong><\/p>\n\n\n\n<p class=\"has-text-align-center\"><strong>Quando:<\/strong>&nbsp;06\/04\/2024 \u00e0s 17h&nbsp;<\/p>\n\n\n\n<p class=\"has-text-align-center\"><strong>Onde:<\/strong>&nbsp;Galeria 33&nbsp;<\/p>\n\n\n\n<p class=\"has-text-align-center\"><strong>Performance Rito de Ethos&nbsp;<\/strong><\/p>\n\n\n\n<p class=\"has-text-align-center\"><strong>Quando:<\/strong>&nbsp;18\/05\/2024 \u00e0s 19h &nbsp;<\/p>\n\n\n\n<p class=\"has-text-align-center\"><strong>Onde:<\/strong>&nbsp;Galeria 33 &nbsp;<\/p>\n\n\n\n<p class=\"has-text-align-center\"><strong>Performance Territ\u00f3rio&nbsp;<\/strong><\/p>\n\n\n\n<p class=\"has-text-align-center\"><strong>Quando:<\/strong>&nbsp;29\/06\/2024 \u00e0s 11h &nbsp;<\/p>\n\n\n\n<p class=\"has-text-align-center\"><strong>Onde:<\/strong>&nbsp;Museu Arqueol\u00f3gico de Sambaqui de Joinville &nbsp;<\/p>\n\n\n\n<p class=\"has-text-align-center\"><strong>Performance Derra-mar &nbsp;<\/strong><\/p>\n\n\n\n<p class=\"has-text-align-center\"><strong>Quando:<\/strong>&nbsp;20\/07\/2024 \u00e0s 19h &nbsp;<\/p>\n\n\n\n<p class=\"has-text-align-center\"><strong>Onde:<\/strong>&nbsp;Galeria 33 &nbsp;<\/p>\n\n\n\n<p class=\"has-text-align-center\"><strong>SERVI\u00c7O&nbsp;<\/strong><\/p>\n\n\n\n<p class=\"has-text-align-center\"><br><strong>O Qu\u00ea:<\/strong>&nbsp;Performance Derra-mar com o artista visual Jean Smekatz&nbsp;<\/p>\n\n\n\n<p class=\"has-text-align-center\"><strong>Quando:<\/strong>&nbsp;16 de dezembro de 2023 &#8211; s\u00e1bado&nbsp;<\/p>\n\n\n\n<p class=\"has-text-align-center\"><strong>Onde:&nbsp;<\/strong>&nbsp;Museu de Arte de Joinville \u2013 MAJ &#8211;&nbsp;Rua XV de Novembro, 1400 &#8211; Am\u00e9rica, Joinville &#8211; SC<\/p>\n\n\n\n<p class=\"has-text-align-center\"><strong>Hor\u00e1rio:<\/strong>&nbsp; 11h&nbsp;<\/p>\n\n\n\n<p class=\"has-text-align-center\"><strong>Quanto:<\/strong>&nbsp;entrada gratuita&nbsp;<\/p>\n\n\n\n<p class=\"has-text-align-center\"><strong><u><br>INFORMA\u00c7\u00d5ES&nbsp;<\/u><\/strong>&nbsp;<\/p>\n\n\n\n<p class=\"has-text-align-center\"><strong>Jean Smekatz<\/strong>&nbsp;<strong>\u2013 Artista Visual<\/strong><\/p>\n\n\n\n<p class=\"has-text-align-center\"><strong>E mail<\/strong><strong>:&nbsp;<\/strong><a href=\"mailto:smekatzart@gmail.com\" target=\"_blank\" rel=\"noreferrer noopener\">smekatzart@gmail.com<\/a>&nbsp;<\/p>\n\n\n\n<p class=\"has-text-align-center\"><strong>Site<\/strong>:&nbsp;<a href=\"http:\/\/www.jeansmekatz.com\/\" target=\"_blank\" rel=\"noreferrer noopener\">http:\/\/www.jeansmekatz.com<\/a>&nbsp;<\/p>\n\n\n\n<p class=\"has-text-align-center\"><strong>Instagram:&nbsp;<\/strong>@jeansmekatz&nbsp;<\/p>\n\n\n\n<p class=\"has-text-align-center\"><strong>Dom Comunica &#8211; assessoria&nbsp;de&nbsp;comunica\u00e7\u00e3o<\/strong>&nbsp;&nbsp;&nbsp;&nbsp;&nbsp;&nbsp;<\/p>\n\n\n\n<p class=\"has-text-align-center\"><strong>Telefone:&nbsp;<\/strong>47 99612 3517&nbsp;&nbsp;&nbsp;&nbsp;&nbsp;&nbsp;<\/p>\n\n\n\n<p class=\"has-text-align-center\"><strong>E mail<\/strong><strong>:&nbsp;<\/strong><a href=\"mailto:rodrigo@domcomunica.com.br\" target=\"_blank\" rel=\"noreferrer noopener\">rodrigo@domcomunica.com.br<\/a>&nbsp;&nbsp;&nbsp;&nbsp;&nbsp;&nbsp;<\/p>\n\n\n\n<p class=\"has-text-align-center\"><strong>Instagram:&nbsp;<\/strong>@domcomunica&nbsp;&nbsp;&nbsp;<\/p>\n","protected":false},"excerpt":{"rendered":"<p>Os projetos concebidos pelo artista visual Jean Smekatz e viabilizados atrav\u00e9s de editais, s\u00e3o iniciativas&#8230;<\/p>\n","protected":false},"author":3,"featured_media":11451,"comment_status":"closed","ping_status":"open","sticky":false,"template":"","format":"standard","meta":{"om_disable_all_campaigns":false,"_monsterinsights_skip_tracking":false,"_monsterinsights_sitenote_active":false,"_monsterinsights_sitenote_note":"","_monsterinsights_sitenote_category":0,"spay_email":""},"categories":[1],"tags":[],"jetpack_featured_media_url":"https:\/\/vimagazine.com.br\/wp-content\/uploads\/2023\/12\/DERRA_MAR_JEAN_SMEKATZ_4-e1701868026662.jpg","_links":{"self":[{"href":"https:\/\/vimagazine.com.br\/index.php?rest_route=\/wp\/v2\/posts\/11450"}],"collection":[{"href":"https:\/\/vimagazine.com.br\/index.php?rest_route=\/wp\/v2\/posts"}],"about":[{"href":"https:\/\/vimagazine.com.br\/index.php?rest_route=\/wp\/v2\/types\/post"}],"author":[{"embeddable":true,"href":"https:\/\/vimagazine.com.br\/index.php?rest_route=\/wp\/v2\/users\/3"}],"replies":[{"embeddable":true,"href":"https:\/\/vimagazine.com.br\/index.php?rest_route=%2Fwp%2Fv2%2Fcomments&post=11450"}],"version-history":[{"count":1,"href":"https:\/\/vimagazine.com.br\/index.php?rest_route=\/wp\/v2\/posts\/11450\/revisions"}],"predecessor-version":[{"id":11455,"href":"https:\/\/vimagazine.com.br\/index.php?rest_route=\/wp\/v2\/posts\/11450\/revisions\/11455"}],"wp:featuredmedia":[{"embeddable":true,"href":"https:\/\/vimagazine.com.br\/index.php?rest_route=\/wp\/v2\/media\/11451"}],"wp:attachment":[{"href":"https:\/\/vimagazine.com.br\/index.php?rest_route=%2Fwp%2Fv2%2Fmedia&parent=11450"}],"wp:term":[{"taxonomy":"category","embeddable":true,"href":"https:\/\/vimagazine.com.br\/index.php?rest_route=%2Fwp%2Fv2%2Fcategories&post=11450"},{"taxonomy":"post_tag","embeddable":true,"href":"https:\/\/vimagazine.com.br\/index.php?rest_route=%2Fwp%2Fv2%2Ftags&post=11450"}],"curies":[{"name":"wp","href":"https:\/\/api.w.org\/{rel}","templated":true}]}}