{"id":11467,"date":"2023-12-07T09:43:04","date_gmt":"2023-12-07T12:43:04","guid":{"rendered":"https:\/\/vimagazine.com.br\/?p=11467"},"modified":"2023-12-07T09:43:12","modified_gmt":"2023-12-07T12:43:12","slug":"musical-segredos-do-natal-encerra-temporada-com-mais-duas-apresentacoes","status":"publish","type":"post","link":"https:\/\/vimagazine.com.br\/?p=11467","title":{"rendered":"Musical \u201cSegredos do Natal\u201d encerra \ttemporada com mais duas apresenta\u00e7\u00f5es"},"content":{"rendered":"\n<p class=\"has-text-align-center\">Depois de uma semana em cartaz na Sociedade Harmonia-Lyra, no palco interno e ao ar livre, na sacada, o musical \u201cSegredos do Natal\u201d \u2013 produ\u00e7\u00e3o do Instituto Arte Maior \u2013 fecha a temporada em Joinville com mais duas encena\u00e7\u00f5es. <\/p>\n\n\n\n<p class=\"has-text-align-center\">A primeira parada \u00e9 a unidade do Sesc situada no bairro Vila Nova (Rua Alwin Pasold, s\/n), em uma a\u00e7\u00e3o do Instituto Social e Cultural Vila Nova (ICVN).<\/p>\n\n\n\n<p class=\"has-text-align-center\"><strong> A apresenta\u00e7\u00e3o est\u00e1 marcada para as 20h desta sexta-feira, 8. <\/strong><\/p>\n\n\n\n<p class=\"has-text-align-center\">No domingo, 10, a partir das 19h, o espet\u00e1culo com dez atores, 15 figurantes, 75 cantores e m\u00fasicos sobe ao palco a partir das 19h, na Travessa Bachmann, Centro.<\/p>\n\n\n\n<figure class=\"wp-block-image size-large\"><img width=\"1024\" height=\"683\" src=\"https:\/\/vimagazine.com.br\/wp-content\/uploads\/2023\/12\/WhatsApp-Image-2023-12-07-at-09.27.42-1024x683.jpeg\" alt=\"\" class=\"wp-image-11469\" srcset=\"https:\/\/vimagazine.com.br\/wp-content\/uploads\/2023\/12\/WhatsApp-Image-2023-12-07-at-09.27.42-1024x683.jpeg 1024w, https:\/\/vimagazine.com.br\/wp-content\/uploads\/2023\/12\/WhatsApp-Image-2023-12-07-at-09.27.42-300x200.jpeg 300w, https:\/\/vimagazine.com.br\/wp-content\/uploads\/2023\/12\/WhatsApp-Image-2023-12-07-at-09.27.42-768x512.jpeg 768w, https:\/\/vimagazine.com.br\/wp-content\/uploads\/2023\/12\/WhatsApp-Image-2023-12-07-at-09.27.42.jpeg 1080w\" sizes=\"(max-width: 1024px) 100vw, 1024px\" \/><\/figure>\n\n\n\n<p class=\"has-text-align-center\"><strong> Nos dois locais, a entrada \u00e9 gratuita.<\/strong><\/p>\n\n\n\n<p class=\"has-text-align-center\">\u201cEstamos muito felizes com a receptividade do p\u00fablico joinvilense ao trabalho, preparado com enorme carinho por nossa equipe\u201d, afirma a diretora K\u00e1tia Siqueira.<\/p>\n\n\n\n<p class=\"has-text-align-center\"> Na pr\u00f3xima semana, o grupo viaja para a Serra Ga\u00facha, com um roteiro de quatro apresenta\u00e7\u00f5es nas cidades de Nova Petr\u00f3polis, Gramado e Canela, onde a tradicional programa\u00e7\u00e3o natalina \u00e9 prestigiada por turistas de todo o Brasil.<\/p>\n\n\n\n<p class=\"has-text-align-center\">\u201cSegredos do Natal\u201d conta a hist\u00f3ria de tr\u00eas fam\u00edlias que buscam entender e vivenciar o real significado do Natal. <\/p>\n\n\n\n<p class=\"has-text-align-center\">A dramaturgia \u00e9 inspirada em obras e contos do interior do Brasil, e na conhecida hist\u00f3ria de \u201cO Grinch\u201d. <\/p>\n\n\n\n<p class=\"has-text-align-center\">O espet\u00e1culo tem dire\u00e7\u00e3o geral de K\u00e1tia Siqueira e dire\u00e7\u00e3o c\u00eanica de Lucas David, com produ\u00e7\u00e3o musical de Nattana Alvarenga e Edilson Forte \u00e0 frente do grupo de instrumentistas, formado tamb\u00e9m por Lucas Machado (bateria), Evandro Albino (guitarra), Kahlil Bello (baixo) e Nathalia Fernandes (teclado) e Juliane Heloise (viol\u00e3o e percuss\u00e3o).<\/p>\n\n\n\n<p class=\"has-text-align-center\">Desde 2014, o Coral Infantojuvenil Arte Maior, ligado ao Instituto Arte Maior, ajuda a espalhar o esp\u00edrito natalino por Joinville, participando de eventos em v\u00e1rios pontos da cidade. <\/p>\n\n\n\n<p class=\"has-text-align-center\">K\u00e1tia Siqueira ressalta que o objetivo \u00e9 proporcionar \u00e0 comunidade o contato com o universo das hist\u00f3rias de Natal, visando fomentar a qualifica\u00e7\u00e3o dos espet\u00e1culos musicais em Santa Catarina \u2013 e, tamb\u00e9m, a forma\u00e7\u00e3o de plateia \u2013, com repert\u00f3rio ecl\u00e9tico e dramaturgia in\u00e9dita e autoral.<\/p>\n\n\n\n<p class=\"has-text-align-center\"><strong>Assessoria de imprensa Escola de M\u00fasica Arte Maior.<\/strong> <\/p>\n\n\n\n<p class=\"has-text-align-center\"><strong>Mercado de Comunica\u00e7\u00e3o. <\/strong><\/p>\n\n\n\n<p class=\"has-text-align-center\"><strong>Atendimento: Guilherme Diefenthaeler <\/strong><\/p>\n\n\n\n<p class=\"has-text-align-center\"><strong> Ana Ribas Diefenthaeler<\/strong><\/p>\n\n\n\n<p><\/p>\n","protected":false},"excerpt":{"rendered":"<p>Depois de uma semana em cartaz na Sociedade Harmonia-Lyra, no palco interno e ao ar&#8230;<\/p>\n","protected":false},"author":3,"featured_media":11468,"comment_status":"closed","ping_status":"open","sticky":false,"template":"","format":"standard","meta":{"om_disable_all_campaigns":false,"_monsterinsights_skip_tracking":false,"_monsterinsights_sitenote_active":false,"_monsterinsights_sitenote_note":"","_monsterinsights_sitenote_category":0,"spay_email":""},"categories":[1],"tags":[],"jetpack_featured_media_url":"https:\/\/vimagazine.com.br\/wp-content\/uploads\/2023\/12\/WhatsApp-Image-2023-12-07-at-09.27.43.jpeg","_links":{"self":[{"href":"https:\/\/vimagazine.com.br\/index.php?rest_route=\/wp\/v2\/posts\/11467"}],"collection":[{"href":"https:\/\/vimagazine.com.br\/index.php?rest_route=\/wp\/v2\/posts"}],"about":[{"href":"https:\/\/vimagazine.com.br\/index.php?rest_route=\/wp\/v2\/types\/post"}],"author":[{"embeddable":true,"href":"https:\/\/vimagazine.com.br\/index.php?rest_route=\/wp\/v2\/users\/3"}],"replies":[{"embeddable":true,"href":"https:\/\/vimagazine.com.br\/index.php?rest_route=%2Fwp%2Fv2%2Fcomments&post=11467"}],"version-history":[{"count":1,"href":"https:\/\/vimagazine.com.br\/index.php?rest_route=\/wp\/v2\/posts\/11467\/revisions"}],"predecessor-version":[{"id":11470,"href":"https:\/\/vimagazine.com.br\/index.php?rest_route=\/wp\/v2\/posts\/11467\/revisions\/11470"}],"wp:featuredmedia":[{"embeddable":true,"href":"https:\/\/vimagazine.com.br\/index.php?rest_route=\/wp\/v2\/media\/11468"}],"wp:attachment":[{"href":"https:\/\/vimagazine.com.br\/index.php?rest_route=%2Fwp%2Fv2%2Fmedia&parent=11467"}],"wp:term":[{"taxonomy":"category","embeddable":true,"href":"https:\/\/vimagazine.com.br\/index.php?rest_route=%2Fwp%2Fv2%2Fcategories&post=11467"},{"taxonomy":"post_tag","embeddable":true,"href":"https:\/\/vimagazine.com.br\/index.php?rest_route=%2Fwp%2Fv2%2Ftags&post=11467"}],"curies":[{"name":"wp","href":"https:\/\/api.w.org\/{rel}","templated":true}]}}