{"id":11471,"date":"2023-12-07T10:54:24","date_gmt":"2023-12-07T13:54:24","guid":{"rendered":"https:\/\/vimagazine.com.br\/?p=11471"},"modified":"2023-12-07T10:54:25","modified_gmt":"2023-12-07T13:54:25","slug":"bernardo-guedes-o-maior-colecionador-de-bonecos-celebra-b-day-com-o-tema-toy-story","status":"publish","type":"post","link":"https:\/\/vimagazine.com.br\/?p=11471","title":{"rendered":"Bernardo Guedes o maior colecionador de bonecos celebra B-Day com o tema Toy Story\u00a0"},"content":{"rendered":"\n<figure class=\"wp-block-image alignleft size-large is-resized\"><img src=\"https:\/\/vimagazine.com.br\/wp-content\/uploads\/2023\/12\/FOTO8-Barbie-Negra-Bruna-Campos-credito-Ramon-Dias-682x1024.jpeg\" alt=\"\" class=\"wp-image-11474\" width=\"305\" height=\"458\" srcset=\"https:\/\/vimagazine.com.br\/wp-content\/uploads\/2023\/12\/FOTO8-Barbie-Negra-Bruna-Campos-credito-Ramon-Dias-682x1024.jpeg 682w, https:\/\/vimagazine.com.br\/wp-content\/uploads\/2023\/12\/FOTO8-Barbie-Negra-Bruna-Campos-credito-Ramon-Dias-200x300.jpeg 200w, https:\/\/vimagazine.com.br\/wp-content\/uploads\/2023\/12\/FOTO8-Barbie-Negra-Bruna-Campos-credito-Ramon-Dias-768x1153.jpeg 768w, https:\/\/vimagazine.com.br\/wp-content\/uploads\/2023\/12\/FOTO8-Barbie-Negra-Bruna-Campos-credito-Ramon-Dias-1023x1536.jpeg 1023w, https:\/\/vimagazine.com.br\/wp-content\/uploads\/2023\/12\/FOTO8-Barbie-Negra-Bruna-Campos-credito-Ramon-Dias-1024x1537.jpeg 1024w, https:\/\/vimagazine.com.br\/wp-content\/uploads\/2023\/12\/FOTO8-Barbie-Negra-Bruna-Campos-credito-Ramon-Dias.jpeg 1066w\" sizes=\"(max-width: 305px) 100vw, 305px\" \/><\/figure>\n\n\n\n<figure class=\"wp-block-image alignright size-large is-resized\"><img src=\"https:\/\/vimagazine.com.br\/wp-content\/uploads\/2023\/12\/FOTO10-Leticia-Swarovski-credito-Ramon-Dias-1024x682.jpeg\" alt=\"\" class=\"wp-image-11477\" width=\"433\" height=\"288\" srcset=\"https:\/\/vimagazine.com.br\/wp-content\/uploads\/2023\/12\/FOTO10-Leticia-Swarovski-credito-Ramon-Dias-1024x682.jpeg 1024w, https:\/\/vimagazine.com.br\/wp-content\/uploads\/2023\/12\/FOTO10-Leticia-Swarovski-credito-Ramon-Dias-300x200.jpeg 300w, https:\/\/vimagazine.com.br\/wp-content\/uploads\/2023\/12\/FOTO10-Leticia-Swarovski-credito-Ramon-Dias-768x512.jpeg 768w, https:\/\/vimagazine.com.br\/wp-content\/uploads\/2023\/12\/FOTO10-Leticia-Swarovski-credito-Ramon-Dias-1536x1023.jpeg 1536w, https:\/\/vimagazine.com.br\/wp-content\/uploads\/2023\/12\/FOTO10-Leticia-Swarovski-credito-Ramon-Dias.jpeg 1600w\" sizes=\"(max-width: 433px) 100vw, 433px\" \/><\/figure>\n\n\n\n<figure class=\"wp-block-image alignright size-large is-resized\"><img src=\"https:\/\/vimagazine.com.br\/wp-content\/uploads\/2023\/12\/FOTO9-Adriano-Cescani-credito-Ramon-Dias--1024x659.jpeg\" alt=\"\" class=\"wp-image-11478\" width=\"432\" height=\"278\" srcset=\"https:\/\/vimagazine.com.br\/wp-content\/uploads\/2023\/12\/FOTO9-Adriano-Cescani-credito-Ramon-Dias--1024x659.jpeg 1024w, https:\/\/vimagazine.com.br\/wp-content\/uploads\/2023\/12\/FOTO9-Adriano-Cescani-credito-Ramon-Dias--300x193.jpeg 300w, https:\/\/vimagazine.com.br\/wp-content\/uploads\/2023\/12\/FOTO9-Adriano-Cescani-credito-Ramon-Dias--768x494.jpeg 768w, https:\/\/vimagazine.com.br\/wp-content\/uploads\/2023\/12\/FOTO9-Adriano-Cescani-credito-Ramon-Dias--1115x715.jpeg 1115w, https:\/\/vimagazine.com.br\/wp-content\/uploads\/2023\/12\/FOTO9-Adriano-Cescani-credito-Ramon-Dias-.jpeg 1479w\" sizes=\"(max-width: 432px) 100vw, 432px\" \/><\/figure>\n\n\n\n<figure class=\"wp-block-image size-large is-resized\"><img src=\"https:\/\/vimagazine.com.br\/wp-content\/uploads\/2023\/12\/FOTO11-Adiel-Leal-e-Maria-Ceolin-credito-Ramon-Dias--1024x682.jpeg\" alt=\"\" class=\"wp-image-11479\" width=\"375\" height=\"250\" srcset=\"https:\/\/vimagazine.com.br\/wp-content\/uploads\/2023\/12\/FOTO11-Adiel-Leal-e-Maria-Ceolin-credito-Ramon-Dias--1024x682.jpeg 1024w, https:\/\/vimagazine.com.br\/wp-content\/uploads\/2023\/12\/FOTO11-Adiel-Leal-e-Maria-Ceolin-credito-Ramon-Dias--300x200.jpeg 300w, https:\/\/vimagazine.com.br\/wp-content\/uploads\/2023\/12\/FOTO11-Adiel-Leal-e-Maria-Ceolin-credito-Ramon-Dias--768x512.jpeg 768w, https:\/\/vimagazine.com.br\/wp-content\/uploads\/2023\/12\/FOTO11-Adiel-Leal-e-Maria-Ceolin-credito-Ramon-Dias--1536x1023.jpeg 1536w, https:\/\/vimagazine.com.br\/wp-content\/uploads\/2023\/12\/FOTO11-Adiel-Leal-e-Maria-Ceolin-credito-Ramon-Dias-.jpeg 1600w\" sizes=\"(max-width: 375px) 100vw, 375px\" \/><\/figure>\n\n\n\n<figure class=\"wp-block-image alignright size-large is-resized\"><img src=\"https:\/\/vimagazine.com.br\/wp-content\/uploads\/2023\/12\/FOTO4-Anelise-Zancanaro-e-Bernardo-Guedes-credito-Ramon-Dias-1024x682.jpeg\" alt=\"\" class=\"wp-image-11481\" width=\"389\" height=\"258\" srcset=\"https:\/\/vimagazine.com.br\/wp-content\/uploads\/2023\/12\/FOTO4-Anelise-Zancanaro-e-Bernardo-Guedes-credito-Ramon-Dias-1024x682.jpeg 1024w, https:\/\/vimagazine.com.br\/wp-content\/uploads\/2023\/12\/FOTO4-Anelise-Zancanaro-e-Bernardo-Guedes-credito-Ramon-Dias-300x200.jpeg 300w, https:\/\/vimagazine.com.br\/wp-content\/uploads\/2023\/12\/FOTO4-Anelise-Zancanaro-e-Bernardo-Guedes-credito-Ramon-Dias-768x512.jpeg 768w, https:\/\/vimagazine.com.br\/wp-content\/uploads\/2023\/12\/FOTO4-Anelise-Zancanaro-e-Bernardo-Guedes-credito-Ramon-Dias-1536x1023.jpeg 1536w, https:\/\/vimagazine.com.br\/wp-content\/uploads\/2023\/12\/FOTO4-Anelise-Zancanaro-e-Bernardo-Guedes-credito-Ramon-Dias.jpeg 1600w\" sizes=\"(max-width: 389px) 100vw, 389px\" \/><\/figure>\n\n\n\n<p>O apresentador de TV e maior colecionador de bonecos Ken homologado pelo RankBrasil, Bernardo Guedes, comemorou seu anivers\u00e1rio dia 29 de novembro com a tem\u00e1tica do filme Toy Story. \u00a0<\/p>\n\n\n\n<p>A festa aconteceu no espa\u00e7o J\u00falio Eventos em Novo Hamburgo\/RS e o sal\u00e3o foi decorado com todos os bonecos do filme da Disney\/Pixar pela Embalafest. &nbsp;<\/p>\n\n\n\n<p>Para entrar no clima do longa metragem o protagonista Bernardo recepcionou os convidados vestido de Woody com fantasia da loja Ratimbum. A gastronomia foi assinada pela La Bella Eventos Pizzaria M\u00f3vel que montou um rod\u00edzio com cinquenta sabores deliciosos de pizza dentro do sal\u00e3o proporcionando para os convidados uma experi\u00eancia m\u00e1gica. Como se eles estivessem realmente dentro do filme Toy Story na cena onde as personagens visitam a Pizza Planet. &nbsp;<\/p>\n\n\n\n<p>A Abrazeite (Associa\u00e7\u00e3o Brasileira de Consumidores de Azeite de Oliva) e o Hotel \u00cdbis Gua\u00edba produziram lindas garrafinhas de azeite de oliva para deixar as pizzas ainda mais saborosas. &nbsp;<\/p>\n\n\n\n<p>O bar da King Bartenders tamb\u00e9m entrou na brincadeira e personalizou a bancada das bebidas com drinks tem\u00e1ticos. A anima\u00e7\u00e3o da festa contou com o DJ Roger Dreissig e a apresenta\u00e7\u00e3o do Poket Show do musical \u201cToy Story uma Jornada At\u00edpica\u201d do grupo de dan\u00e7a da escola Studio B\u00e1lance de Montenegro\/RS. &nbsp;<\/p>\n\n\n\n<p>O espet\u00e1culo faz parte do projeto Universo At\u00edpico onde crian\u00e7as, adolescentes e adultos com altismo desenvolvem suas habilidades atrav\u00e9s da arte e da dan\u00e7a. Levando mais informa\u00e7\u00f5es sobre o assunto de uma forma bem l\u00fadica e educativa. &nbsp;<\/p>\n\n\n\n<p>&nbsp;A mesa de doces foi composta por doces da Jackie Macarons e Doces Hamburguesa. E o delicioso bolo pela Pituti. Um \u00f4nibus de jornalistas e influenciadores digitais foi fretado para trazer os convidados de Gua\u00edba e Porto Alegre, bem como um carro do Transfer Prime que trouxe amigos de Gramado e Canela. &nbsp;<\/p>\n\n\n\n<p>O evento que parou a internet teve a presen\u00e7a especial da YouTuber Jessy Sparkle e dos artistas da Barbie Pink Tour que este ano estiveram em S\u00e3o Paulo participando do programa de TV no SBT: Let\u00edcia Swarovski, Isinha e Bruna Campos. O fot\u00f3grafo do evento foi Ramon Dias e o cinegrafista Vinicius Breitenbach.&nbsp;<\/p>\n\n\n\n<p>Todos os convidados receberam de presente um voucher do Prime Gourmet Club para aderirem ao maior clube de vantagens e benef\u00edcios do Brasil &#8211; o qual Bernardo \u00e9 embaixador. E tamb\u00e9m participaram de v\u00e1rios sorteios surpresa dos apoiadores do evento durante a festa: Teodoro Salazar, Acqua Lokos, Hellen Carolina (que tamb\u00e9m apoiou o espet\u00e1culo), Bendita Cor, Emagrecentro NH, Divino Bronze e Doces Hamburguesa. &nbsp;<\/p>\n\n\n\n<p>Cr\u00e9dito das fotos: Ramon Dias &nbsp;<\/p>\n","protected":false},"excerpt":{"rendered":"<p>O apresentador de TV e maior colecionador de bonecos Ken homologado pelo RankBrasil, Bernardo Guedes,&#8230;<\/p>\n","protected":false},"author":19,"featured_media":11482,"comment_status":"closed","ping_status":"open","sticky":false,"template":"","format":"standard","meta":{"om_disable_all_campaigns":false,"_monsterinsights_skip_tracking":false,"_monsterinsights_sitenote_active":false,"_monsterinsights_sitenote_note":"","_monsterinsights_sitenote_category":0,"spay_email":""},"categories":[26],"tags":[],"jetpack_featured_media_url":"https:\/\/vimagazine.com.br\/wp-content\/uploads\/2023\/12\/FOTO2-Isadora-Guedes-Stephany-Sander-e-Bernardo-Guedes-credito-Ramon-Dias-1.jpg","_links":{"self":[{"href":"https:\/\/vimagazine.com.br\/index.php?rest_route=\/wp\/v2\/posts\/11471"}],"collection":[{"href":"https:\/\/vimagazine.com.br\/index.php?rest_route=\/wp\/v2\/posts"}],"about":[{"href":"https:\/\/vimagazine.com.br\/index.php?rest_route=\/wp\/v2\/types\/post"}],"author":[{"embeddable":true,"href":"https:\/\/vimagazine.com.br\/index.php?rest_route=\/wp\/v2\/users\/19"}],"replies":[{"embeddable":true,"href":"https:\/\/vimagazine.com.br\/index.php?rest_route=%2Fwp%2Fv2%2Fcomments&post=11471"}],"version-history":[{"count":1,"href":"https:\/\/vimagazine.com.br\/index.php?rest_route=\/wp\/v2\/posts\/11471\/revisions"}],"predecessor-version":[{"id":11483,"href":"https:\/\/vimagazine.com.br\/index.php?rest_route=\/wp\/v2\/posts\/11471\/revisions\/11483"}],"wp:featuredmedia":[{"embeddable":true,"href":"https:\/\/vimagazine.com.br\/index.php?rest_route=\/wp\/v2\/media\/11482"}],"wp:attachment":[{"href":"https:\/\/vimagazine.com.br\/index.php?rest_route=%2Fwp%2Fv2%2Fmedia&parent=11471"}],"wp:term":[{"taxonomy":"category","embeddable":true,"href":"https:\/\/vimagazine.com.br\/index.php?rest_route=%2Fwp%2Fv2%2Fcategories&post=11471"},{"taxonomy":"post_tag","embeddable":true,"href":"https:\/\/vimagazine.com.br\/index.php?rest_route=%2Fwp%2Fv2%2Ftags&post=11471"}],"curies":[{"name":"wp","href":"https:\/\/api.w.org\/{rel}","templated":true}]}}