{"id":11496,"date":"2023-12-08T13:01:35","date_gmt":"2023-12-08T16:01:35","guid":{"rendered":"https:\/\/vimagazine.com.br\/?p=11496"},"modified":"2023-12-08T13:01:36","modified_gmt":"2023-12-08T16:01:36","slug":"associacao-abcd-realiza-festival-cultural-gratuito-em-joinville-com-apoio-do-programa-de-incentivo-a-cultura-de-santa-catarina","status":"publish","type":"post","link":"https:\/\/vimagazine.com.br\/?p=11496","title":{"rendered":"Associa\u00e7\u00e3o ABCD realiza festival cultural gratuito em Joinville com apoio do Programa de Incentivo \u00e0 Cultura de Santa Catarina"},"content":{"rendered":"\n<p class=\"has-text-align-center\">Festival de artes integradas t\u00eam acesso gratuito ao p\u00fablico, no complexo Level Garden, e contar\u00e1 com shows do Dazaranha, Fala Fera, Soul Assim, Dany e Rafa, e Grupo Tradi\u00e7\u00e3o.&nbsp;<\/p>\n\n\n\n<p class=\"has-text-align-center\">Com o objetivo de oferecer programa\u00e7\u00e3o cultural e gratuita \u00e0 popula\u00e7\u00e3o de Joinville, a Associa\u00e7\u00e3o Brasileira de Cultura e Desporto (ABCD) promove o ABCD Festival neste final de semana. <\/p>\n\n\n\n<p class=\"has-text-align-center\">Os atrativos come\u00e7am nesta sexta-feira (8) e v\u00e3o at\u00e9 domingo (10) no complexo Level Garden, em espa\u00e7o amplo e aberto.<\/p>\n\n\n\n<p class=\"has-text-align-center\"> Na programa\u00e7\u00e3o est\u00e3o confirmados shows de Dazaranha, Fala Fera, Soul Assim, Dany e Rafa e Grupo Tradi\u00e7\u00e3o. <\/p>\n\n\n\n<p class=\"has-text-align-center\">Com apoio do Programa de Incentivo \u00e0 Cultura de Santa Catarina, o evento reunir\u00e1 artes integradas com atra\u00e7\u00f5es de m\u00fasica regionais, folclore e oficinas art\u00edsticas, artesanatos e gastronomia.<\/p>\n\n\n\n<p class=\"has-text-align-center\">O grupo de pagode Fala Fera abrir\u00e1 a programa\u00e7\u00e3o na sexta-feira (8), a partir das 18h, No s\u00e1bado (9), \u00e0s 13h, ser\u00e1 vez do Dazaranha subir ao palco com muito\u00a0reggae rock. <\/p>\n\n\n\n<p class=\"has-text-align-center\">No domingo (10), \u00faltimo dia de\u00a0ABCD Festival, a partir das 13h, haver\u00e1 a apresenta\u00e7\u00e3o de Sax&#8217;n Roll. Outras bandas conhecidas, como On Jack, Diego Ruiz, Sim\u00e3o Wolff, Soul Assim, Dany e Rafa e Grupo Tradi\u00e7\u00e3o, tamb\u00e9m v\u00e3o animar o evento.\u00a0<\/p>\n\n\n\n<p class=\"has-text-align-center\">O Festival Cultural ABCD, de acordo com a organiza\u00e7\u00e3o, surge da oportunidade de a\u00e7\u00f5es culturais com acesso livre.<\/p>\n\n\n\n<p class=\"has-text-align-center\"> A proposta do evento \u00e9 que as pessoas possam desfrutar de uma experi\u00eancia de cultura, m\u00fasica e arte com amigos e fam\u00edlia. Al\u00e9m disso, o ABCD Festival valoriza a cultura local e disponibiliza para todos um momento para desfrutar da cultura da sua pr\u00f3pria regi\u00e3o.<\/p>\n\n\n\n<figure class=\"wp-block-image size-large\"><img width=\"1024\" height=\"684\" src=\"https:\/\/vimagazine.com.br\/wp-content\/uploads\/2023\/12\/Daza2022_fundobranco-4-1024x684.jpg\" alt=\"\" class=\"wp-image-11498\" srcset=\"https:\/\/vimagazine.com.br\/wp-content\/uploads\/2023\/12\/Daza2022_fundobranco-4-1024x684.jpg 1024w, https:\/\/vimagazine.com.br\/wp-content\/uploads\/2023\/12\/Daza2022_fundobranco-4-300x200.jpg 300w, https:\/\/vimagazine.com.br\/wp-content\/uploads\/2023\/12\/Daza2022_fundobranco-4-768x513.jpg 768w, https:\/\/vimagazine.com.br\/wp-content\/uploads\/2023\/12\/Daza2022_fundobranco-4-1536x1026.jpg 1536w, https:\/\/vimagazine.com.br\/wp-content\/uploads\/2023\/12\/Daza2022_fundobranco-4.jpg 1920w\" sizes=\"(max-width: 1024px) 100vw, 1024px\" \/><\/figure>\n\n\n\n<p class=\"has-text-align-center\"><strong>Sobre o PIC<\/strong><\/p>\n\n\n\n<p class=\"has-text-align-center\">O Programa de Incentivo \u00e0 Cultura (PIC) visa ao fomento a projetos culturais catarinenses, por meio de ren\u00fancia fiscal do imposto de Opera\u00e7\u00f5es Relativas \u00e0 Circula\u00e7\u00e3o de Mercadorias e sobre Presta\u00e7\u00f5es de Servi\u00e7os de Transporte Interestadual e Intermunicipal e de Comunica\u00e7\u00e3o (ICMS). <\/p>\n\n\n\n<p class=\"has-text-align-center\">O PIC permite que as empresas contribuintes do ICMS possam patrocinar projetos culturais aprovados pela Funda\u00e7\u00e3o Catarinense de Cultura (FCC) e abater o valor investido do imposto devido, mensalmente, na forma e nos limites estabelecidos pela Lei n\u00ba 17.762, de 7 de agosto de 2019, regulamentada pelo Decreto n\u00ba 1.269 de 04 de maio de 2021.<\/p>\n\n\n\n<p class=\"has-text-align-center\"><strong>Quem \u00e9 a ABCD?&nbsp;<\/strong><\/p>\n\n\n\n<p class=\"has-text-align-center\">A Associa\u00e7\u00e3o Brasileira de Cultura e Desporto (ABCD)<strong>&nbsp;<\/strong>\u00e9 uma organiza\u00e7\u00e3o sem fins lucrativos criada em 2014, em Joinville. A ABCD tem o objetivo de promover acesso ao esporte, cultura e educa\u00e7\u00e3o para crian\u00e7as e adolescentes, por meio de projetos e a\u00e7\u00f5es, em parceria com institui\u00e7\u00f5es privadas e p\u00fablicas.&nbsp;<\/p>\n\n\n\n<p class=\"has-text-align-center\">Programa\u00e7\u00e3o<\/p>\n\n\n\n<p class=\"has-text-align-center\"><strong>8\/12 \u2013 Sexta-feira<\/strong><\/p>\n\n\n\n<p class=\"has-text-align-center\"><strong>17h \u2013 Oficinas<\/strong><\/p>\n\n\n\n<p class=\"has-text-align-center\">Dan\u00e7a Criativa<\/p>\n\n\n\n<p class=\"has-text-align-center\">Teatro de Improvisa\u00e7\u00e3o<\/p>\n\n\n\n<p class=\"has-text-align-center\">Circo para todos<\/p>\n\n\n\n<p class=\"has-text-align-center\">Percuss\u00e3o<\/p>\n\n\n\n<p class=\"has-text-align-center\"><strong>Shows<\/strong><\/p>\n\n\n\n<p class=\"has-text-align-center\"><strong>18h30 &#8211;<\/strong>&nbsp;Fala Fera:&nbsp;<a href=\"https:\/\/www.instagram.com\/falaferaoficial\/\" target=\"_blank\" rel=\"noreferrer noopener\">https:\/\/www.instagram.com\/falaferaoficial\/<\/a><\/p>\n\n\n\n<p class=\"has-text-align-center\"><strong>20h &#8211;&nbsp;<\/strong>Nego Joe:&nbsp;<a href=\"https:\/\/www.instagram.com\/negojoe\/\" target=\"_blank\" rel=\"noreferrer noopener\">https:\/\/www.instagram.com\/negojoe\/<\/a><\/p>\n\n\n\n<p class=\"has-text-align-center\"><strong>9\/12 \u2013 S\u00e1bado<\/strong><\/p>\n\n\n\n<p class=\"has-text-align-center\"><strong>9h \u2013 Oficinas<\/strong><\/p>\n\n\n\n<p class=\"has-text-align-center\">Dan\u00e7a Criativa<\/p>\n\n\n\n<p class=\"has-text-align-center\">Pintura em Tela<\/p>\n\n\n\n<p class=\"has-text-align-center\">Circo para todos<\/p>\n\n\n\n<p class=\"has-text-align-center\">Percuss\u00e3o<\/p>\n\n\n\n<p class=\"has-text-align-center\"><strong>10h \u2013 Oficinas<\/strong><\/p>\n\n\n\n<p class=\"has-text-align-center\">Fantoche<\/p>\n\n\n\n<p class=\"has-text-align-center\">Teatro de Improvisa\u00e7\u00e3o<\/p>\n\n\n\n<p class=\"has-text-align-center\">Dan\u00e7as Urbanas<\/p>\n\n\n\n<p class=\"has-text-align-center\">Criando seu Pr\u00f3prio Instrumento<\/p>\n\n\n\n<p class=\"has-text-align-center\"><strong>Shows<\/strong><\/p>\n\n\n\n<p class=\"has-text-align-center\"><strong>13h &#8211;<\/strong>&nbsp;Dazaranha:&nbsp;<a href=\"https:\/\/www.instagram.com\/dazaranha\/\" target=\"_blank\" rel=\"noreferrer noopener\">https:\/\/www.instagram.com\/dazaranha\/<\/a><\/p>\n\n\n\n<p class=\"has-text-align-center\"><strong>15h &#8211;<\/strong>&nbsp;Sax&#8217;n Roll:<a href=\"https:\/\/www.instagram.com\/saxnroll.oficial\/\" target=\"_blank\" rel=\"noreferrer noopener\">https:\/\/www.instagram.com\/saxnroll.oficial\/<\/a><\/p>\n\n\n\n<p class=\"has-text-align-center\"><strong>16h30 &#8211;&nbsp;<\/strong>Banda On Jack:<a href=\"https:\/\/www.instagram.com\/bandaonjacklagessc\/\" target=\"_blank\" rel=\"noreferrer noopener\">https:\/\/www.instagram.com\/bandaonjacklagessc\/<\/a><\/p>\n\n\n\n<p class=\"has-text-align-center\"><strong>18h &#8211;&nbsp;<\/strong>Fala Fera:&nbsp;<a href=\"https:\/\/www.instagram.com\/falaferaoficial\/\" target=\"_blank\" rel=\"noreferrer noopener\">https:\/\/www.instagram.com\/falaferaoficial\/<\/a><\/p>\n\n\n\n<p class=\"has-text-align-center\"><strong>19h30 &#8211;<\/strong>&nbsp;Soul Assim:<a href=\"https:\/\/www.instagram.com\/soulassim\/\" target=\"_blank\" rel=\"noreferrer noopener\">&nbsp;https:\/\/www.instagram.com\/soulassim\/<\/a><\/p>\n\n\n\n<p class=\"has-text-align-center\"><strong>10\/12 &#8211; Domingo<\/strong><\/p>\n\n\n\n<p class=\"has-text-align-center\"><strong>10h \u2013 Oficinas<\/strong><\/p>\n\n\n\n<p class=\"has-text-align-center\">Dan\u00e7a Criativa<\/p>\n\n\n\n<p class=\"has-text-align-center\">Pintura em Tela<\/p>\n\n\n\n<p class=\"has-text-align-center\">Dan\u00e7as Urbanas<\/p>\n\n\n\n<p class=\"has-text-align-center\">Criando seu Pr\u00f3prio Instrumento<\/p>\n\n\n\n<p class=\"has-text-align-center\">Malabares<\/p>\n\n\n\n<p class=\"has-text-align-center\">Conta\u00e7\u00e3o de Hist\u00f3rias Criativas<\/p>\n\n\n\n<p class=\"has-text-align-center\"><strong>Shows<\/strong><\/p>\n\n\n\n<p class=\"has-text-align-center\"><strong>13h &#8211;&nbsp;<\/strong>Sax&#8217;n Roll:&nbsp;<a href=\"https:\/\/www.instagram.com\/saxnroll.oficial\/\" target=\"_blank\" rel=\"noreferrer noopener\">https:\/\/www.instagram.com\/saxnroll.oficial\/<\/a><\/p>\n\n\n\n<p class=\"has-text-align-center\"><strong>14h30 \u2013<\/strong>&nbsp;Diego Ruiz:<a href=\"https:\/\/www.instagram.com\/diegoruiz_oficial\/\" target=\"_blank\" rel=\"noreferrer noopener\">https:\/\/www.instagram.com\/diegoruiz_oficial\/<\/a><\/p>\n\n\n\n<p class=\"has-text-align-center\"><strong>16h \u2013<\/strong>&nbsp;Sim\u00e3o Wolf:&nbsp;<a href=\"https:\/\/www.instagram.com\/simaowolf\/\" target=\"_blank\" rel=\"noreferrer noopener\">https:\/\/www.instagram.com\/simaowolf\/<\/a><\/p>\n\n\n\n<p class=\"has-text-align-center\"><strong>17h30 &#8211;&nbsp;<\/strong>Dany e Rafa:&nbsp;<a href=\"https:\/\/www.instagram.com\/danyerafaoficial\/\" target=\"_blank\" rel=\"noreferrer noopener\">https:\/\/www.instagram.com\/danyerafaoficial\/<\/a><\/p>\n\n\n\n<p class=\"has-text-align-center\"><strong>19h \u2013&nbsp;<\/strong>Grupo Tradi\u00e7\u00e3o:&nbsp;<a href=\"https:\/\/www.instagram.com\/grupotradicao\/\" target=\"_blank\" rel=\"noreferrer noopener\">https:\/\/www.instagram.com\/grupotradicao\/<\/a><\/p>\n\n\n\n<p class=\"has-text-align-center\"><strong>SERVI\u00c7O<\/strong><\/p>\n\n\n\n<p class=\"has-text-align-center\">ABCD Festival<\/p>\n\n\n\n<p class=\"has-text-align-center\">Quando: 8, 9 e 10 de dezembro<\/p>\n\n\n\n<p class=\"has-text-align-center\">Local: Level Garden Sports | Avenida Santos Dumont, 2400 | Joinville (SC)<\/p>\n\n\n\n<p class=\"has-text-align-center\">Acesso gratuito<\/p>\n\n\n\n<p class=\"has-text-align-center\">&nbsp;<strong>Assessoria de Imprensa<\/strong><\/p>\n\n\n\n<p class=\"has-text-align-center\"><strong>Tai Rodrigues Comunica\u00e7\u00e3o Viva<br>Jornalistas:<br>Liana Trevisan |\u00a0\u00a0<a href=\"mailto:comunica1@tairodrigues.com\" target=\"_blank\" rel=\"noreferrer noopener\">comunica1@tairodrigues.com<\/a>\u00a0<br>Ta\u00edsa Rodrigues |\u00a0<a href=\"mailto:tai@tairodrigues.com\" target=\"_blank\" rel=\"noreferrer noopener\">tai@tairodrigues.com<\/a>\u00a0<\/strong><\/p>\n","protected":false},"excerpt":{"rendered":"<p>Festival de artes integradas t\u00eam acesso gratuito ao p\u00fablico, no complexo Level Garden, e contar\u00e1&#8230;<\/p>\n","protected":false},"author":3,"featured_media":11497,"comment_status":"closed","ping_status":"open","sticky":false,"template":"","format":"standard","meta":{"om_disable_all_campaigns":false,"_monsterinsights_skip_tracking":false,"_monsterinsights_sitenote_active":false,"_monsterinsights_sitenote_note":"","_monsterinsights_sitenote_category":0,"spay_email":""},"categories":[1],"tags":[],"jetpack_featured_media_url":"https:\/\/vimagazine.com.br\/wp-content\/uploads\/2023\/12\/ABCD-Festival-1-e1702051058554.jpeg","_links":{"self":[{"href":"https:\/\/vimagazine.com.br\/index.php?rest_route=\/wp\/v2\/posts\/11496"}],"collection":[{"href":"https:\/\/vimagazine.com.br\/index.php?rest_route=\/wp\/v2\/posts"}],"about":[{"href":"https:\/\/vimagazine.com.br\/index.php?rest_route=\/wp\/v2\/types\/post"}],"author":[{"embeddable":true,"href":"https:\/\/vimagazine.com.br\/index.php?rest_route=\/wp\/v2\/users\/3"}],"replies":[{"embeddable":true,"href":"https:\/\/vimagazine.com.br\/index.php?rest_route=%2Fwp%2Fv2%2Fcomments&post=11496"}],"version-history":[{"count":1,"href":"https:\/\/vimagazine.com.br\/index.php?rest_route=\/wp\/v2\/posts\/11496\/revisions"}],"predecessor-version":[{"id":11499,"href":"https:\/\/vimagazine.com.br\/index.php?rest_route=\/wp\/v2\/posts\/11496\/revisions\/11499"}],"wp:featuredmedia":[{"embeddable":true,"href":"https:\/\/vimagazine.com.br\/index.php?rest_route=\/wp\/v2\/media\/11497"}],"wp:attachment":[{"href":"https:\/\/vimagazine.com.br\/index.php?rest_route=%2Fwp%2Fv2%2Fmedia&parent=11496"}],"wp:term":[{"taxonomy":"category","embeddable":true,"href":"https:\/\/vimagazine.com.br\/index.php?rest_route=%2Fwp%2Fv2%2Fcategories&post=11496"},{"taxonomy":"post_tag","embeddable":true,"href":"https:\/\/vimagazine.com.br\/index.php?rest_route=%2Fwp%2Fv2%2Ftags&post=11496"}],"curies":[{"name":"wp","href":"https:\/\/api.w.org\/{rel}","templated":true}]}}