{"id":11522,"date":"2023-12-11T12:18:22","date_gmt":"2023-12-11T15:18:22","guid":{"rendered":"https:\/\/vimagazine.com.br\/?p=11522"},"modified":"2023-12-11T12:18:24","modified_gmt":"2023-12-11T15:18:24","slug":"matheus-mare-lanca-seu-novo-sucesso-verao-da-historia","status":"publish","type":"post","link":"https:\/\/vimagazine.com.br\/?p=11522","title":{"rendered":"Matheus Mar\u00ea lan\u00e7a seu novo sucesso \u201cVer\u00e3o da Hist\u00f3ria\u201d"},"content":{"rendered":"\n<p>O cantor e compositor baiano Matheus Mar\u00ea est\u00e1 de volta com uma m\u00fasica que promete embalar os dias de ver\u00e3o e inspirar muitos cora\u00e7\u00f5es. &#8220;Ver\u00e3o da Hist\u00f3ria&#8221; \u00e9 uma perfeita combina\u00e7\u00e3o entre a poesia e a riqueza musical do seu EP &#8220;Viajante&#8221; e a sonoridade Reggae pop do seu \u00faltimo lan\u00e7amento, &#8220;Mel da Sua Boca&#8221;.<\/p>\n\n\n\n<p>A m\u00fasica fala sobre superar os desafios impostos pelo mundo e pela vida, construindo dias ensolarados em nossa pr\u00f3pria hist\u00f3ria. Com uma mensagem positiva e motivadora, Matheus Mar\u00ea nos convida a escrevermos nosso pr\u00f3prio ver\u00e3o, deixando para tr\u00e1s os momentos dif\u00edceis e encontrando a felicidade em cada passo do caminho.<\/p>\n\n\n\n<p>Para dar vida a esse som, Mar\u00ea contou com a ajuda de ilustres parceiros, como o produtor musical Bolinha Sanfona, o arranjador nacionalmente consagrado Jota Resende e o premiado engenheiro de som Lu\u00eds Paulo Serafim (LP) na capta\u00e7\u00e3o e mixagem. Al\u00e9m disso, m\u00fasicos lend\u00e1rios da MPB, como o baterista Cuca Teixeira, o baixista Pedro Ivo e o guitarrista Edson Guidetti, podem ser ouvidos esbanjando musicalidade nesse novo lan\u00e7amento de Mar\u00ea.<\/p>\n\n\n\n<p>A composi\u00e7\u00e3o da m\u00fasica surgiu em um dia chuvoso de inverno, quando o cantor n\u00e3o estava se sentindo muito bem. Ao pegar o viol\u00e3o e come\u00e7ar a cantar, sentiu uma m\u00e1gica acontecer e um sorriso surgir, mesmo com o dia frio do lado de fora. Essa inspira\u00e7\u00e3o se refletiu nos versos iniciais da m\u00fasica: &#8220;Eu pego o viol\u00e3o e a m\u00e1gica acontece, um sorriso aparece&#8221;. A partir da\u00ed, tudo foi mudando, de dentro para fora, revelando como a m\u00fasica pode mudar nosso estado de esp\u00edrito e, consequentemente, tudo ao nosso redor.<\/p>\n\n\n\n<p>A m\u00fasica continua com energia, poesia e reflex\u00f5es, como nos versos: &#8220;Ficam para tr\u00e1s os anos sem sorriso, a chuva que passou sem l\u00e1grimas no c\u00e9u, sem fel no amor&#8221;. Culminando em uma afirma\u00e7\u00e3o definitiva e vitoriosa: &#8220;Escrevi na minha hist\u00f3ria o ver\u00e3o!!&#8221;. Tudo isso embalado pela leveza do Reggae, com uma pegada moderna, dan\u00e7ante e revigorante.<\/p>\n\n\n\n<p>&#8220;Ver\u00e3o da Hist\u00f3ria&#8221; \u00e9 sobre vit\u00f3ria, transforma\u00e7\u00e3o e felicidade. \u00c9 uma m\u00fasica para levar no peito nos dias ensolarados e se inspirar nos dias escuros. N\u00e3o deixe de conferir! &#8220;Ver\u00e3o da Hist\u00f3ria&#8221; est\u00e1 dispon\u00edvel em todas as principais plataformas de streaming e no YouTube, acompanhado de um belo videoclipe independente.<\/p>\n\n\n\n<p><br>https:\/\/www.youtube.com\/watch?v=kc0uzX92gp8&amp;ab_channel=MatheusMar%C3%AA<\/p>\n","protected":false},"excerpt":{"rendered":"<p>O cantor e compositor baiano Matheus Mar\u00ea est\u00e1 de volta com uma m\u00fasica que promete&#8230;<\/p>\n","protected":false},"author":19,"featured_media":11523,"comment_status":"closed","ping_status":"open","sticky":false,"template":"","format":"standard","meta":{"om_disable_all_campaigns":false,"_monsterinsights_skip_tracking":false,"_monsterinsights_sitenote_active":false,"_monsterinsights_sitenote_note":"","_monsterinsights_sitenote_category":0,"spay_email":""},"categories":[26],"tags":[],"jetpack_featured_media_url":"https:\/\/vimagazine.com.br\/wp-content\/uploads\/2023\/12\/WhatsApp-Image-2023-12-11-at-10.06.40.jpeg","_links":{"self":[{"href":"https:\/\/vimagazine.com.br\/index.php?rest_route=\/wp\/v2\/posts\/11522"}],"collection":[{"href":"https:\/\/vimagazine.com.br\/index.php?rest_route=\/wp\/v2\/posts"}],"about":[{"href":"https:\/\/vimagazine.com.br\/index.php?rest_route=\/wp\/v2\/types\/post"}],"author":[{"embeddable":true,"href":"https:\/\/vimagazine.com.br\/index.php?rest_route=\/wp\/v2\/users\/19"}],"replies":[{"embeddable":true,"href":"https:\/\/vimagazine.com.br\/index.php?rest_route=%2Fwp%2Fv2%2Fcomments&post=11522"}],"version-history":[{"count":1,"href":"https:\/\/vimagazine.com.br\/index.php?rest_route=\/wp\/v2\/posts\/11522\/revisions"}],"predecessor-version":[{"id":11524,"href":"https:\/\/vimagazine.com.br\/index.php?rest_route=\/wp\/v2\/posts\/11522\/revisions\/11524"}],"wp:featuredmedia":[{"embeddable":true,"href":"https:\/\/vimagazine.com.br\/index.php?rest_route=\/wp\/v2\/media\/11523"}],"wp:attachment":[{"href":"https:\/\/vimagazine.com.br\/index.php?rest_route=%2Fwp%2Fv2%2Fmedia&parent=11522"}],"wp:term":[{"taxonomy":"category","embeddable":true,"href":"https:\/\/vimagazine.com.br\/index.php?rest_route=%2Fwp%2Fv2%2Fcategories&post=11522"},{"taxonomy":"post_tag","embeddable":true,"href":"https:\/\/vimagazine.com.br\/index.php?rest_route=%2Fwp%2Fv2%2Ftags&post=11522"}],"curies":[{"name":"wp","href":"https:\/\/api.w.org\/{rel}","templated":true}]}}