{"id":11525,"date":"2023-12-11T15:42:31","date_gmt":"2023-12-11T18:42:31","guid":{"rendered":"https:\/\/vimagazine.com.br\/?p=11525"},"modified":"2023-12-11T15:42:32","modified_gmt":"2023-12-11T18:42:32","slug":"teresa-kodama-participou-de-exposicao-coletiva-intitulada-festival-de-arte-pela-paz-2023-realizado-na-camara-municipal-de-sao-paulo","status":"publish","type":"post","link":"https:\/\/vimagazine.com.br\/?p=11525","title":{"rendered":"Teresa Kodama participou de Exposi\u00e7\u00e3o Coletiva intitulada Festival de Arte pela Paz 2023 realizado na C\u00e2mara Municipal de S\u00e3o Paulo"},"content":{"rendered":"\n<figure class=\"wp-block-image aligncenter size-large is-resized\"><img src=\"https:\/\/vimagazine.com.br\/wp-content\/uploads\/2023\/12\/Screenshot_20231208_210405_Gmail-868x1024.jpg\" alt=\"\" class=\"wp-image-11526\" width=\"514\" height=\"605\" srcset=\"https:\/\/vimagazine.com.br\/wp-content\/uploads\/2023\/12\/Screenshot_20231208_210405_Gmail-868x1024.jpg 868w, https:\/\/vimagazine.com.br\/wp-content\/uploads\/2023\/12\/Screenshot_20231208_210405_Gmail-254x300.jpg 254w, https:\/\/vimagazine.com.br\/wp-content\/uploads\/2023\/12\/Screenshot_20231208_210405_Gmail-768x906.jpg 768w, https:\/\/vimagazine.com.br\/wp-content\/uploads\/2023\/12\/Screenshot_20231208_210405_Gmail-1024x1208.jpg 1024w, https:\/\/vimagazine.com.br\/wp-content\/uploads\/2023\/12\/Screenshot_20231208_210405_Gmail.jpg 1047w\" sizes=\"(max-width: 514px) 100vw, 514px\" \/><\/figure>\n\n\n\n<figure class=\"wp-block-image aligncenter size-large is-resized\"><img src=\"https:\/\/vimagazine.com.br\/wp-content\/uploads\/2023\/12\/A-Glamurosa-e-Romantica-Amsterdam-825x1024.jpg\" alt=\"\" class=\"wp-image-11527\" width=\"510\" height=\"633\" srcset=\"https:\/\/vimagazine.com.br\/wp-content\/uploads\/2023\/12\/A-Glamurosa-e-Romantica-Amsterdam-825x1024.jpg 825w, https:\/\/vimagazine.com.br\/wp-content\/uploads\/2023\/12\/A-Glamurosa-e-Romantica-Amsterdam-242x300.jpg 242w, https:\/\/vimagazine.com.br\/wp-content\/uploads\/2023\/12\/A-Glamurosa-e-Romantica-Amsterdam-768x953.jpg 768w, https:\/\/vimagazine.com.br\/wp-content\/uploads\/2023\/12\/A-Glamurosa-e-Romantica-Amsterdam-1024x1271.jpg 1024w, https:\/\/vimagazine.com.br\/wp-content\/uploads\/2023\/12\/A-Glamurosa-e-Romantica-Amsterdam.jpg 1031w\" sizes=\"(max-width: 510px) 100vw, 510px\" \/><\/figure>\n\n\n\n<p>Teresa Kodama participou de Exposi\u00e7\u00e3o Coletiva intitulada Festival de Arte pela Paz 2023 realizado na C\u00e2mara Municipal de S\u00e3o Paulo, pela Cia Arte e Cultura e Ateli\u00ea de Arte Tsuru.\u00a0<br>\u00a0<br>\u00a0<br>A Artista Teresa Kodama participou da importante Exposi\u00e7\u00e3o com duas obras intituladas &#8220;A\u00a0Glamurosa\u00a0e Rom\u00e2ntica Amsterdam&#8221; e &#8220;Momentos Encantadores em Sevilha&#8221;.\u00a0<br>\u00a0<br>O\u00a0Vernissage\u00a0se realizou no dia 27 de novembro no Hall de Entrada da\u00a0C\u00e2mara\u00a0Municipal de S\u00e3o Paulo e v\u00e1rios Artistas receberam o Certificado, e a Exposi\u00e7\u00e3o se estendeu at\u00e9 o dia 08 de dezembro de 2023\u00a0<br>\u00a0<br>Estiveram presentes v\u00e1rios Artistas, dentre eles, a Atriz e Artista Pl\u00e1stica Regina Duarte.\u00a0<\/p>\n","protected":false},"excerpt":{"rendered":"<p>Teresa Kodama participou de Exposi\u00e7\u00e3o Coletiva intitulada Festival de Arte pela Paz 2023 realizado na&#8230;<\/p>\n","protected":false},"author":19,"featured_media":11528,"comment_status":"closed","ping_status":"open","sticky":false,"template":"","format":"standard","meta":{"om_disable_all_campaigns":false,"_monsterinsights_skip_tracking":false,"_monsterinsights_sitenote_active":false,"_monsterinsights_sitenote_note":"","_monsterinsights_sitenote_category":0,"spay_email":""},"categories":[26],"tags":[],"jetpack_featured_media_url":"https:\/\/vimagazine.com.br\/wp-content\/uploads\/2023\/12\/IMG-20231208-WA0094.jpg","_links":{"self":[{"href":"https:\/\/vimagazine.com.br\/index.php?rest_route=\/wp\/v2\/posts\/11525"}],"collection":[{"href":"https:\/\/vimagazine.com.br\/index.php?rest_route=\/wp\/v2\/posts"}],"about":[{"href":"https:\/\/vimagazine.com.br\/index.php?rest_route=\/wp\/v2\/types\/post"}],"author":[{"embeddable":true,"href":"https:\/\/vimagazine.com.br\/index.php?rest_route=\/wp\/v2\/users\/19"}],"replies":[{"embeddable":true,"href":"https:\/\/vimagazine.com.br\/index.php?rest_route=%2Fwp%2Fv2%2Fcomments&post=11525"}],"version-history":[{"count":1,"href":"https:\/\/vimagazine.com.br\/index.php?rest_route=\/wp\/v2\/posts\/11525\/revisions"}],"predecessor-version":[{"id":11529,"href":"https:\/\/vimagazine.com.br\/index.php?rest_route=\/wp\/v2\/posts\/11525\/revisions\/11529"}],"wp:featuredmedia":[{"embeddable":true,"href":"https:\/\/vimagazine.com.br\/index.php?rest_route=\/wp\/v2\/media\/11528"}],"wp:attachment":[{"href":"https:\/\/vimagazine.com.br\/index.php?rest_route=%2Fwp%2Fv2%2Fmedia&parent=11525"}],"wp:term":[{"taxonomy":"category","embeddable":true,"href":"https:\/\/vimagazine.com.br\/index.php?rest_route=%2Fwp%2Fv2%2Fcategories&post=11525"},{"taxonomy":"post_tag","embeddable":true,"href":"https:\/\/vimagazine.com.br\/index.php?rest_route=%2Fwp%2Fv2%2Ftags&post=11525"}],"curies":[{"name":"wp","href":"https:\/\/api.w.org\/{rel}","templated":true}]}}