{"id":11533,"date":"2023-12-11T17:52:30","date_gmt":"2023-12-11T20:52:30","guid":{"rendered":"https:\/\/vimagazine.com.br\/?p=11533"},"modified":"2023-12-11T17:55:50","modified_gmt":"2023-12-11T20:55:50","slug":"clima-natalino-inspira-solidariedade-com-acoes-sociais-no-garten-shopping","status":"publish","type":"post","link":"https:\/\/vimagazine.com.br\/?p=11533","title":{"rendered":"Clima natalino inspira solidariedade com a\u00e7\u00f5es sociais no Garten Shopping"},"content":{"rendered":"\n<p class=\"has-text-align-center\"><em>Grupo Almeida Junior promove a\u00e7\u00e3o \u2018\u00c1rvore dos Sonhos\u2019 com 10 institui\u00e7\u00f5es beneficiadas em 2023<\/em><\/p>\n\n\n\n<p class=\"has-text-align-center\">A magia do Natal j\u00e1 pode ser sentida nas decora\u00e7\u00f5es e luzes festivas que enchem os espa\u00e7os e ruas de alegria e no esp\u00edrito solid\u00e1rio do p\u00fablico, que este ano poder\u00e1 participar da cl\u00e1ssica a\u00e7\u00e3o beneficente \u2018\u00c1rvore dos Sonhos\u2019, nos shoppings da Almeida Junior. <\/p>\n\n\n\n<p class=\"has-text-align-center\">A a\u00e7\u00e3o, que estimula a solidariedade e leva a magia do Natal para crian\u00e7as em situa\u00e7\u00e3o de vulnerabilidade, retorna em 2023.\u00a0 Ser\u00e3o\u00a0 dez institui\u00e7\u00f5es parceiras presenteadas pela campanha, que estar\u00e1 em todos os shoppings do grupo.\u00a0<\/p>\n\n\n\n<p class=\"has-text-align-center\">No Garten Shopping, a \u2018\u00c1rvore dos Sonhos\u2019 fica pr\u00f3ximo a Livrarias Curitiba e a institui\u00e7\u00e3o participante \u00e9 o Projeto Resgate, que ir\u00e1 arrecadar livros para doar \u00e0s crian\u00e7as em idade escolar. <\/p>\n\n\n\n<p class=\"has-text-align-center\"><strong>A a\u00e7\u00e3o estar\u00e1\u00a0 dispon\u00edvel at\u00e9 o dia 24 de dezembro.<\/strong><\/p>\n\n\n\n<p class=\"has-text-align-center\">Para participar \u00e9 f\u00e1cil, basta a pessoa ir at\u00e9 a \u2018\u00c1rvore dos Sonhos\u2019 e escolher um dos cart\u00f5es que est\u00e3o decorando a \u00e1rvore.<\/p>\n\n\n\n<p class=\"has-text-align-center\"> Neste cart\u00e3o est\u00e1 o nome da crian\u00e7a e os livros que ela vai precisar durante o per\u00edodo escolar. <\/p>\n\n\n\n<p class=\"has-text-align-center\">Em seguida, basta escolher quais livros o participante tem interesse em doar para a crian\u00e7a e realizar a compra na pr\u00f3pria Livrarias Curitiba, que entregar\u00e1 todos os livros doados para a institui\u00e7\u00e3o.<\/p>\n\n\n\n<p class=\"has-text-align-center\"><strong>Os livros adquiridos na Livrarias Curitiba ter\u00e3o desconto de 15%.<\/strong><\/p>\n\n\n\n<p class=\"has-text-align-center\">\u201cNa Almeida Junior, o ano de 2023 foi marcado pela celebra\u00e7\u00e3o das experi\u00eancias, sejam elas de consumo ou culturais.<\/p>\n\n\n\n<p class=\"has-text-align-center\"> A consolida\u00e7\u00e3o dos shoppings do grupo como ambientes de lazer, conveni\u00eancia e como agentes de mudan\u00e7a social segue a todo vapor na reta final do ano com as a\u00e7\u00f5es de Natal.\u201d, explica Rafael Fiedler, diretor de Marketing e Relacionamento da Almeida Junior.<\/p>\n\n\n\n<p class=\"has-text-align-center\"> \u201cEm 2022 a campanha da \u00c1rvore dos Sonhos beneficiou seis institui\u00e7\u00f5es e nosso objetivo este ano \u00e9 duplicar esse alcance, com o apoio institucional e do p\u00fablico interessado em contribuir\u201d , completa.\u00a0<\/p>\n\n\n\n<p class=\"has-text-align-center\"><strong>Pr\u00eamios pra Valer<\/strong><\/p>\n\n\n\n<p class=\"has-text-align-center\">Para deixar a \u00e9poca ainda mais especial, as compras de fim de ano dos shoppings da Almeida Junior podem render recompensas com a promo\u00e7\u00e3o &#8220;Pr\u00eamios pra valer&#8221; com mais de R$ 2 milh\u00f5es em vales-compra. <\/p>\n\n\n\n<p class=\"has-text-align-center\">A cada R$ 300 gastos nas lojas participantes os clientes recebem n\u00fameros da sorte para concorrer.\u00a0<\/p>\n\n\n\n<p class=\"has-text-align-center\">A campanha segue em curso at\u00e9 30 de janeiro de 2024 e distribuir\u00e1 mais de R$ 100 mil em pr\u00eamios toda semana.<\/p>\n\n\n\n<p class=\"has-text-align-center\"> Ao longo de tr\u00eas meses, ser\u00e3o realizados mais de 75 sorteios, culminando com um mega sorteio de R$ 600 mil, com seis pr\u00eamios de R$ 100 mil em vales-compra.<\/p>\n\n\n\n<p class=\"has-text-align-center\"> A \u00faltima premia\u00e7\u00e3o\u00a0 ocorrer\u00e1 em 1\u00ba de fevereiro, considerando compras feitas at\u00e9 30 de janeiro.\u00a0\u00a0<\/p>\n\n\n\n<p class=\"has-text-align-center\">As compras realizadas e cadastradas de segunda a quarta-feira em outubro e novembro d\u00e3o direito a n\u00fameros da sorte em dobro. <\/p>\n\n\n\n<p class=\"has-text-align-center\">Al\u00e9m disso, a promo\u00e7\u00e3o conta com a parceria in\u00e9dita da XP, e as compras realizadas nas modalidades d\u00e9bito e cr\u00e9dito com o Cart\u00e3o XP, incluindo os Cart\u00f5es XP Visa Infinite e XP Visa Infinite One, concedem ao participante triplicar suas chances de ganhar.<\/p>\n\n\n\n<p class=\"has-text-align-center\"><strong>B\u00e1rbara Siementkowski<\/strong><\/p>\n\n\n\n<p class=\"has-text-align-center\"><strong>Atendimento do Garten Shopping&nbsp;<\/strong><\/p>\n\n\n\n<p class=\"has-text-align-center\"><strong>Primeira Via Comunica\u00e7\u00e3o Integrada<\/strong><\/p>\n","protected":false},"excerpt":{"rendered":"<p>Grupo Almeida Junior promove a\u00e7\u00e3o \u2018\u00c1rvore dos Sonhos\u2019 com 10 institui\u00e7\u00f5es beneficiadas em 2023 A&#8230;<\/p>\n","protected":false},"author":3,"featured_media":11534,"comment_status":"closed","ping_status":"open","sticky":false,"template":"","format":"standard","meta":{"om_disable_all_campaigns":false,"_monsterinsights_skip_tracking":false,"_monsterinsights_sitenote_active":false,"_monsterinsights_sitenote_note":"","_monsterinsights_sitenote_category":0,"spay_email":""},"categories":[1],"tags":[],"jetpack_featured_media_url":"https:\/\/vimagazine.com.br\/wp-content\/uploads\/2023\/12\/Arvore-dos-Sonhos-e1702327781191.jpg","_links":{"self":[{"href":"https:\/\/vimagazine.com.br\/index.php?rest_route=\/wp\/v2\/posts\/11533"}],"collection":[{"href":"https:\/\/vimagazine.com.br\/index.php?rest_route=\/wp\/v2\/posts"}],"about":[{"href":"https:\/\/vimagazine.com.br\/index.php?rest_route=\/wp\/v2\/types\/post"}],"author":[{"embeddable":true,"href":"https:\/\/vimagazine.com.br\/index.php?rest_route=\/wp\/v2\/users\/3"}],"replies":[{"embeddable":true,"href":"https:\/\/vimagazine.com.br\/index.php?rest_route=%2Fwp%2Fv2%2Fcomments&post=11533"}],"version-history":[{"count":1,"href":"https:\/\/vimagazine.com.br\/index.php?rest_route=\/wp\/v2\/posts\/11533\/revisions"}],"predecessor-version":[{"id":11535,"href":"https:\/\/vimagazine.com.br\/index.php?rest_route=\/wp\/v2\/posts\/11533\/revisions\/11535"}],"wp:featuredmedia":[{"embeddable":true,"href":"https:\/\/vimagazine.com.br\/index.php?rest_route=\/wp\/v2\/media\/11534"}],"wp:attachment":[{"href":"https:\/\/vimagazine.com.br\/index.php?rest_route=%2Fwp%2Fv2%2Fmedia&parent=11533"}],"wp:term":[{"taxonomy":"category","embeddable":true,"href":"https:\/\/vimagazine.com.br\/index.php?rest_route=%2Fwp%2Fv2%2Fcategories&post=11533"},{"taxonomy":"post_tag","embeddable":true,"href":"https:\/\/vimagazine.com.br\/index.php?rest_route=%2Fwp%2Fv2%2Ftags&post=11533"}],"curies":[{"name":"wp","href":"https:\/\/api.w.org\/{rel}","templated":true}]}}