{"id":11536,"date":"2023-12-11T19:05:20","date_gmt":"2023-12-11T22:05:20","guid":{"rendered":"https:\/\/vimagazine.com.br\/?p=11536"},"modified":"2023-12-11T19:05:20","modified_gmt":"2023-12-11T22:05:20","slug":"com-look-ousado-carla-prata-grava-vinheta-tucuruvi-do-carnaval-sob-o-olhar-atento-do-namorado-luiz-gustavo","status":"publish","type":"post","link":"https:\/\/vimagazine.com.br\/?p=11536","title":{"rendered":"Com look ousado, Carla Prata grava vinheta Tucuruvi do carnaval sob o olhar atento do namorado Luiz Gustavo"},"content":{"rendered":"\n<figure class=\"wp-block-image aligncenter size-large is-resized\"><img src=\"https:\/\/vimagazine.com.br\/wp-content\/uploads\/2023\/12\/Musas-Tucuruvi-com-Carla-Prata-e-Renato-Cipriano-Diretor-de-Comunicacao--1024x710.jpg\" alt=\"\" class=\"wp-image-11538\" width=\"540\" height=\"374\" srcset=\"https:\/\/vimagazine.com.br\/wp-content\/uploads\/2023\/12\/Musas-Tucuruvi-com-Carla-Prata-e-Renato-Cipriano-Diretor-de-Comunicacao--1024x710.jpg 1024w, https:\/\/vimagazine.com.br\/wp-content\/uploads\/2023\/12\/Musas-Tucuruvi-com-Carla-Prata-e-Renato-Cipriano-Diretor-de-Comunicacao--300x208.jpg 300w, https:\/\/vimagazine.com.br\/wp-content\/uploads\/2023\/12\/Musas-Tucuruvi-com-Carla-Prata-e-Renato-Cipriano-Diretor-de-Comunicacao--768x532.jpg 768w, https:\/\/vimagazine.com.br\/wp-content\/uploads\/2023\/12\/Musas-Tucuruvi-com-Carla-Prata-e-Renato-Cipriano-Diretor-de-Comunicacao-.jpg 1500w\" sizes=\"(max-width: 540px) 100vw, 540px\" \/><\/figure>\n\n\n\n<figure class=\"wp-block-image aligncenter size-large is-resized\"><img src=\"https:\/\/vimagazine.com.br\/wp-content\/uploads\/2023\/12\/Carla-Prata-com-as-Musas-e-Malandros-da-Tucuruvi-1024x700.jpg\" alt=\"\" class=\"wp-image-11539\" width=\"501\" height=\"342\" srcset=\"https:\/\/vimagazine.com.br\/wp-content\/uploads\/2023\/12\/Carla-Prata-com-as-Musas-e-Malandros-da-Tucuruvi-1024x700.jpg 1024w, https:\/\/vimagazine.com.br\/wp-content\/uploads\/2023\/12\/Carla-Prata-com-as-Musas-e-Malandros-da-Tucuruvi-300x205.jpg 300w, https:\/\/vimagazine.com.br\/wp-content\/uploads\/2023\/12\/Carla-Prata-com-as-Musas-e-Malandros-da-Tucuruvi-768x525.jpg 768w, https:\/\/vimagazine.com.br\/wp-content\/uploads\/2023\/12\/Carla-Prata-com-as-Musas-e-Malandros-da-Tucuruvi.jpg 1500w\" sizes=\"(max-width: 501px) 100vw, 501px\" \/><\/figure>\n\n\n\n<p>Faltando exatos 60 dias para o desfile oficial do carnaval 2024, na tarde deste domingo (10), a equipe da Rede Globo esteve na quadra da Escola de Samba Acad\u00eamicos do Tucuruvi, situada na zona norte da capital paulistana, para a grava\u00e7\u00e3o da vinheta do carnaval.<\/p>\n\n\n\n<p>Como j\u00e1 \u00e9 tradi\u00e7\u00e3o, todas as 14 agremia\u00e7\u00f5es que comp\u00f5em o grupo de elite do carnaval, estar\u00e3o gravando a vinheta, sendo cada uma com o seu samba de enredo em espec\u00edfico, as quais passar\u00e3o a serem exibidas durante a programa\u00e7\u00e3o da emissora a partir do m\u00eas de janeiro.<\/p>\n\n\n\n<p>Cada grava\u00e7\u00e3o est\u00e1 sendo realizada diretamente na quadra de sua respectiva escola de samba, com a participa\u00e7\u00e3o de cerca de 50 componentes que integram o elenco de cada agremia\u00e7\u00e3o.<\/p>\n\n\n\n<p>Entre os componentes que abrilhantaram a grava\u00e7\u00e3o da vinheta da Tucuruvi, estava a Rainha de Bateria Carla Prata que para a ocasi\u00e3o escolheu um look ousado, cavado e com muita transpar\u00eancia, todo trabalhado na pedraria e com detalhes de acess\u00f3rios de resina, simulando dentes de marfim, onde evidenciou o corp\u00e3o sarado da beldade, deixando a mostra principalmente as pernas torneadas, enquanto dava um show de simpatia, carisma e muito samba no p\u00e9.<\/p>\n\n\n\n<p>Carla chegou para a grava\u00e7\u00e3o acompanhada do namorado, o empres\u00e1rio e Mister Brasil 2023, Luiz Gustavo Mustafe, que fez quest\u00e3o de acompanhar de perto cada detalhe da grava\u00e7\u00e3o, al\u00e9m de ficar registrando por celular e paparicando a beldade, que no in\u00edcio deste m\u00eas completaram dois meses de namoro.&nbsp;<\/p>\n\n\n\n<p>Carla Prata \u00e9 apresentadora do programa Selfie na TV, influencer, e tamb\u00e9m comanda o podcast Pod Trash, o qual vem fazendo bastante sucesso a cada edi\u00e7\u00e3o que \u00e9 disponibilizada no Youtube.<\/p>\n\n\n\n<p>Em 2024 ser\u00e1 o segundo ano consecutivo que a beldade desfilar\u00e1 como Rainha de Bateria da Acad\u00eamicos do Tucuruvi, onde reina sozinha \u00e0 frente dos 250 ritmistas da &#8216;Bateria do Zaca&#8217;, comandada pelo Mestre Serginho.<\/p>\n\n\n\n<p>A grava\u00e7\u00e3o ainda contou com a participa\u00e7\u00e3o de outras beldades da agremia\u00e7\u00e3o, as quais podemos mencionar o grupo de musas e malandros da Tucuruvi, que estavam nas cores da escola, azul e amarelo e arrasaram no samba no p\u00e9, al\u00e9m de Luan Caliel e Beatriz Teixeira, o casal oficial de Mestre Sala e Porta Bandeira, que bailaram ostentando com muita maestria o pavilh\u00e3o da escola, enquanto que os ritmistas tocavam o samba ao comandado do int\u00e9rprete oficial Hudson Luiz.<\/p>\n\n\n\n<p>No carnaval de 2024, o Acad\u00eamicos do Tucuruvi ser\u00e1 a \u00faltima escola a desfilar no s\u00e1bado, 10 de fevereiro, sendo a segunda noite dos desfiles do grupo especial paulistano, onde a escola levar\u00e1 para o Samb\u00f3dromo do Anhembi o enredo \u201cIF\u00c1\u201d, o qual est\u00e1 sendo desenvolvido pelos carnavalescos Yago Duarte e Dione Leite.<\/p>\n\n\n\n<p>&#8220;Nossa proposta \u00e9 observar o or\u00e1culo de If\u00e1 n\u00e3o somente como um jogo de adivinha\u00e7\u00e3o, mas tamb\u00e9m como uma filosofia e olhar singular para a vida segundo os preceitos e princ\u00edpios Yorub\u00e1s. Temos a certeza de que faremos o maior carnaval da hist\u00f3ria de nossa escola. Queremos um samba que emocione, toque a alma de nossa comunidade e que encante todo o mundo do samba com uma mensagem de respeito a todas as religi\u00f5es&#8221;, revelou Rodrigo Delduque, vice-presidente da agremia\u00e7\u00e3o.<\/p>\n\n\n\n<p><strong>Cr\u00e9dito das Fotos: Renato Cipriano \/ Divulga\u00e7\u00e3o<\/strong><\/p>\n","protected":false},"excerpt":{"rendered":"<p>Faltando exatos 60 dias para o desfile oficial do carnaval 2024, na tarde deste domingo&#8230;<\/p>\n","protected":false},"author":19,"featured_media":11540,"comment_status":"closed","ping_status":"open","sticky":false,"template":"","format":"standard","meta":{"om_disable_all_campaigns":false,"_monsterinsights_skip_tracking":false,"_monsterinsights_sitenote_active":false,"_monsterinsights_sitenote_note":"","_monsterinsights_sitenote_category":0,"spay_email":""},"categories":[26],"tags":[],"jetpack_featured_media_url":"https:\/\/vimagazine.com.br\/wp-content\/uploads\/2023\/12\/Carla-Prata-e-o-namorado-Luiz-Gustavo-Mustafe-01-1.jpg","_links":{"self":[{"href":"https:\/\/vimagazine.com.br\/index.php?rest_route=\/wp\/v2\/posts\/11536"}],"collection":[{"href":"https:\/\/vimagazine.com.br\/index.php?rest_route=\/wp\/v2\/posts"}],"about":[{"href":"https:\/\/vimagazine.com.br\/index.php?rest_route=\/wp\/v2\/types\/post"}],"author":[{"embeddable":true,"href":"https:\/\/vimagazine.com.br\/index.php?rest_route=\/wp\/v2\/users\/19"}],"replies":[{"embeddable":true,"href":"https:\/\/vimagazine.com.br\/index.php?rest_route=%2Fwp%2Fv2%2Fcomments&post=11536"}],"version-history":[{"count":1,"href":"https:\/\/vimagazine.com.br\/index.php?rest_route=\/wp\/v2\/posts\/11536\/revisions"}],"predecessor-version":[{"id":11541,"href":"https:\/\/vimagazine.com.br\/index.php?rest_route=\/wp\/v2\/posts\/11536\/revisions\/11541"}],"wp:featuredmedia":[{"embeddable":true,"href":"https:\/\/vimagazine.com.br\/index.php?rest_route=\/wp\/v2\/media\/11540"}],"wp:attachment":[{"href":"https:\/\/vimagazine.com.br\/index.php?rest_route=%2Fwp%2Fv2%2Fmedia&parent=11536"}],"wp:term":[{"taxonomy":"category","embeddable":true,"href":"https:\/\/vimagazine.com.br\/index.php?rest_route=%2Fwp%2Fv2%2Fcategories&post=11536"},{"taxonomy":"post_tag","embeddable":true,"href":"https:\/\/vimagazine.com.br\/index.php?rest_route=%2Fwp%2Fv2%2Ftags&post=11536"}],"curies":[{"name":"wp","href":"https:\/\/api.w.org\/{rel}","templated":true}]}}