{"id":11553,"date":"2023-12-13T08:17:39","date_gmt":"2023-12-13T11:17:39","guid":{"rendered":"https:\/\/vimagazine.com.br\/?p=11553"},"modified":"2023-12-13T08:17:41","modified_gmt":"2023-12-13T11:17:41","slug":"coral-infantojuvenil-de-joinville-estreia-nesta-quinta-feira-na-lirica","status":"publish","type":"post","link":"https:\/\/vimagazine.com.br\/?p=11553","title":{"rendered":"Coral Infantojuvenil de Joinville estreia nesta quinta-feira na L\u00edrica"},"content":{"rendered":"\n<p class=\"has-text-align-center\"><em>Projeto oferece aulas semanais musica\u00e7\u00e3o e hist\u00f3ria da m\u00fasica a crian\u00e7as e jovens de forma gratuita<\/em><\/p>\n\n\n\n<p class=\"has-text-align-center\">Joinville est\u00e1 ganhando mais um coral, este, formado por crian\u00e7as e adolescentes da cidade que agora refor\u00e7am seus passos art\u00edsticos iniciais com a ida ao palco.<\/p>\n\n\n\n<p class=\"has-text-align-center\"> Nesta quinta-feira (14), o Projeto Coral Infantojuvenil faz sua estreia com uma apresenta\u00e7\u00e3o \u00e0s 19 horas na Sociedade Cultural L\u00edrica. <\/p>\n\n\n\n<p class=\"has-text-align-center\">O grupo de crian\u00e7as e adolescentes, entre sete e 15 anos, tem condu\u00e7\u00e3o e coordena\u00e7\u00e3o da maestrina e cantora l\u00edrica Karla Cristina Ziemer Huch. A entrada \u00e9 gratuita.<\/p>\n\n\n\n<p class=\"has-text-align-center\"><br>A iniciativa oferece, de forma gratuita, a viv\u00eancia musical aos jovens por meio de pr\u00e1ticas de canto. Nos encontros semanais, os participantes do projeto t\u00eam oportunidade de acesso a no\u00e7\u00f5es de musicaliza\u00e7\u00e3o e hist\u00f3ria da m\u00fasica. <\/p>\n\n\n\n<p class=\"has-text-align-center\">No evento de estreia na L\u00edrica, os coralistas apresentar\u00e3o ao p\u00fablico um repert\u00f3rio repleto de can\u00e7\u00f5es natalinas. Um momento para se emocionar e celebrar.<\/p>\n\n\n\n<p class=\"has-text-align-center\"><br>O Projeto Canto Coral Infantojuvenil (10012-138652) foi contemplado pela Lei de Incentivo\u00a0 Fiscal PIC \u2013 Programa de Incentivo \u00e0 Cultura de Santa Catarina\u00a0 da Funda\u00e7\u00e3o Catarinense de Cultura (FCC). <\/p>\n\n\n\n<p class=\"has-text-align-center\">A iniciativa conta com o patroc\u00ednio da Celesc, Instituto Carlos Roberto Hansen (ICRH), Tigre, Ciser e FCM Motores. O projeto tamb\u00e9m tem apoio da Prel\u00fadio Academia de Arte e da HS Produ\u00e7\u00f5es Musicais.<\/p>\n\n\n\n<p class=\"has-text-align-center\"><strong>SERVI\u00c7O:<\/strong><strong><br><\/strong><strong><br><\/strong><strong>O qu\u00ea: Apresenta\u00e7\u00e3o do Projeto Coral Infantojuvenil<\/strong><\/p>\n\n\n\n<p class=\"has-text-align-center\"><strong>Quando: Quinta-feira, dia 14, \u00e0s 19 horas<\/strong><\/p>\n\n\n\n<p class=\"has-text-align-center\"><strong>Onde: Sociedade Cultural L\u00edrica, rua Max Colin, 1.485, Am\u00e9rica.<\/strong><\/p>\n\n\n\n<p class=\"has-text-align-center\"><strong>Quanto: Gratuito.<\/strong><\/p>\n\n\n\n<p class=\"has-text-align-center\"><strong>Fonte: Rubens Herbst<\/strong><\/p>\n","protected":false},"excerpt":{"rendered":"<p>Projeto oferece aulas semanais musica\u00e7\u00e3o e hist\u00f3ria da m\u00fasica a crian\u00e7as e jovens de forma&#8230;<\/p>\n","protected":false},"author":3,"featured_media":11554,"comment_status":"closed","ping_status":"open","sticky":false,"template":"","format":"standard","meta":{"om_disable_all_campaigns":false,"_monsterinsights_skip_tracking":false,"_monsterinsights_sitenote_active":false,"_monsterinsights_sitenote_note":"","_monsterinsights_sitenote_category":0,"spay_email":""},"categories":[1],"tags":[],"jetpack_featured_media_url":"https:\/\/vimagazine.com.br\/wp-content\/uploads\/2023\/12\/Ensaios-Coral-Infantojuvenil-3-e1702466118608.jpeg","_links":{"self":[{"href":"https:\/\/vimagazine.com.br\/index.php?rest_route=\/wp\/v2\/posts\/11553"}],"collection":[{"href":"https:\/\/vimagazine.com.br\/index.php?rest_route=\/wp\/v2\/posts"}],"about":[{"href":"https:\/\/vimagazine.com.br\/index.php?rest_route=\/wp\/v2\/types\/post"}],"author":[{"embeddable":true,"href":"https:\/\/vimagazine.com.br\/index.php?rest_route=\/wp\/v2\/users\/3"}],"replies":[{"embeddable":true,"href":"https:\/\/vimagazine.com.br\/index.php?rest_route=%2Fwp%2Fv2%2Fcomments&post=11553"}],"version-history":[{"count":1,"href":"https:\/\/vimagazine.com.br\/index.php?rest_route=\/wp\/v2\/posts\/11553\/revisions"}],"predecessor-version":[{"id":11555,"href":"https:\/\/vimagazine.com.br\/index.php?rest_route=\/wp\/v2\/posts\/11553\/revisions\/11555"}],"wp:featuredmedia":[{"embeddable":true,"href":"https:\/\/vimagazine.com.br\/index.php?rest_route=\/wp\/v2\/media\/11554"}],"wp:attachment":[{"href":"https:\/\/vimagazine.com.br\/index.php?rest_route=%2Fwp%2Fv2%2Fmedia&parent=11553"}],"wp:term":[{"taxonomy":"category","embeddable":true,"href":"https:\/\/vimagazine.com.br\/index.php?rest_route=%2Fwp%2Fv2%2Fcategories&post=11553"},{"taxonomy":"post_tag","embeddable":true,"href":"https:\/\/vimagazine.com.br\/index.php?rest_route=%2Fwp%2Fv2%2Ftags&post=11553"}],"curies":[{"name":"wp","href":"https:\/\/api.w.org\/{rel}","templated":true}]}}