{"id":11557,"date":"2023-12-13T16:57:23","date_gmt":"2023-12-13T19:57:23","guid":{"rendered":"https:\/\/vimagazine.com.br\/?p=11557"},"modified":"2023-12-13T17:16:43","modified_gmt":"2023-12-13T20:16:43","slug":"nosso-lar-2-os-mensageiros-ganha-poster-oficial-e-abre-pre-venda-de-ingressos-em-11-de-janeiro","status":"publish","type":"post","link":"https:\/\/vimagazine.com.br\/?p=11557","title":{"rendered":"&#8216;Nosso Lar 2 &#8211; Os Mensageiros&#8217; ganha p\u00f4ster oficial e abre pr\u00e9-venda de ingressos em 11 de janeiro"},"content":{"rendered":"\n<p><\/p>\n\n\n\n<p><\/p>\n\n\n\n<p><\/p>\n\n\n\n<p class=\"has-medium-font-size\"><em><strong>Dirigido e roteirizado por Wagner de Assis, novo filme da franquia de sucesso chega aos cinemas em 25 de janeiro de 2024<\/strong><\/em><\/p>\n\n\n\n<p><strong>&#8220;Nosso Lar 2 &#8211; Os Mensageiros&#8221;<\/strong>, dirigido e roteirizado por Wagner de Assis, acaba de ganhar cartaz oficial  e anuncia&nbsp; a abertura da pr\u00e9-venda de ingressos para&nbsp;11 de janeiro de 2024. A partir desta data, o p\u00fablico poder\u00e1 garantir antecipadamente suas entradas para conferir o&nbsp; segundo filme da franquia, que foi sucesso em 2010. As vendas acontecer\u00e3o tanto pela internet quanto pelas bilheterias f\u00edsicas dos cinemas. Para mais informa\u00e7\u00f5es, consulte a disponibilidade no cinema mais pr\u00f3ximo e de sua prefer\u00eancia.<\/p>\n\n\n\n<p>Com produ\u00e7\u00e3o da Cin\u00e9tica Filmes, em coprodu\u00e7\u00e3o com Star Original Productions e distribui\u00e7\u00e3o da Star Distribution,&nbsp;<strong>\u201cNosso Lar 2 &#8211; Os Mensageiros\u201d<\/strong>&nbsp;traz uma hist\u00f3ria de amor, perd\u00e3o e f\u00e9. O novo filme da franquia \u00e9 baseado no best-seller \u201cOs Mensageiros\u201d, de Chico Xavier, lan\u00e7ado pela Federa\u00e7\u00e3o Esp\u00edrita Brasileira, e estreia nos cinemas de todo o pa\u00eds em&nbsp;<strong>25 de janeiro de 2024<\/strong>. <\/p>\n\n\n\n<p>O longa acompanha o m\u00e9dico Andr\u00e9 Luiz (Renato Prieto), que se junta a um grupo de esp\u00edritos mensageiros da cidade espiritual Nosso Lar, liderados por Aniceto (Edson Celulari), na miss\u00e3o de ajudar a salvar projetos de vidas que est\u00e3o prestes a fracassar, entre eles Ot\u00e1vio (Felipe de Carolis), Isidoro (Mouhamed Harfouch) e Fernando (Rafa Sieg).<\/p>\n\n\n\n<p>O elenco traz outros grandes nomes: F\u00e1bio Lago, como o mensageiro Vicente; Vanessa Gerbelli, como Amanda, Julianne Trevisol como Isabel e Fernanda Rodrigues no papel de Isis. Ainda integram o time de estrelas Aline Prado, Nando Brand\u00e3o, Jo\u00e3o Barreto, Let\u00edcia Braga e Camila Lucciola, al\u00e9m da participa\u00e7\u00e3o especial de Othon Bastos, como governador da cidade espiritual, e Ju Colombo, uma das ministras da cidade espiritual. Iafa Britz, nome \u00e0 frente da franquia \u201cMinha M\u00e3e \u00c9 Uma Pe\u00e7a\u201d e do primeiro filme da sequ\u00eancia \u201cNosso Lar\u201d, que levou mais de 4 milh\u00f5es de pessoas aos cinemas em 2010, tamb\u00e9m assina a produ\u00e7\u00e3o.<\/p>\n\n\n\n<p><strong>Sinopse oficial<\/strong><\/p>\n\n\n\n<p>O m\u00e9dico Andr\u00e9 Luiz junta-se a um grupo de esp\u00edritos mensageiros da cidade espiritual Nosso Lar liderados por Aniceto na miss\u00e3o de ajudar a salvar projetos de vidas que est\u00e3o prestes a fracassar. Juntos, eles se dedicam a cuidar de tr\u00eas protegidos cujas hist\u00f3rias est\u00e3o interligadas: Ot\u00e1vio, promissor m\u00e9dium que se desvirtua de sua miss\u00e3o; Isidoro, l\u00edder de uma casa esp\u00edrita e Fernando, empres\u00e1rio respons\u00e1vel pelo financiamento do projeto de cria\u00e7\u00e3o da oficina espiritual na Terra.<\/p>\n\n\n\n<p><strong>Ficha t\u00e9cnica<\/strong><\/p>\n\n\n\n<p><strong>Dire\u00e7\u00e3o, Roteiro e Produ\u00e7\u00e3o:&nbsp;<\/strong>Wagner de Assis&nbsp;<br><strong>Produ\u00e7\u00e3o:&nbsp;<\/strong>Iafa Britz&nbsp;<br><strong>Produ\u00e7\u00e3o Executiva:&nbsp;<\/strong>Richard Avila \/ Camila Medina<br><strong>Dire\u00e7\u00e3o de Fotografia:&nbsp;<\/strong>Lilis Soares<br><strong>Dire\u00e7\u00e3o de Arte:&nbsp;<\/strong>Ula Schliemann<br><strong>Figurino:&nbsp;<\/strong>Reka Koves<br><strong>Maquiagem:&nbsp;<\/strong>Juliana Mendes<br><strong>Edi\u00e7\u00e3o<\/strong>: L\u00edvia Pimentel \/ Zeca Esperan\u00e7a<br><strong>Trilha Sonora:<\/strong>&nbsp;Guto Gra\u00e7a Mello<br><strong>Desenho de Som:<\/strong>&nbsp;PC Azevedo<br><strong>Produtores Associados:&nbsp;<\/strong>Elizabeth Marinho \/ Luiz Augusto de Queiroz \/ Luis Erlanger&nbsp;<br><strong>Produ\u00e7\u00e3o:<\/strong>&nbsp;Cin\u00e9tica Filmes<br><strong>Coprodu\u00e7\u00e3o e Distribui\u00e7\u00e3o:<\/strong>&nbsp;Star Original Productions<\/p>\n\n\n\n<p><strong>Elenco<\/strong><\/p>\n\n\n\n<p>Edson Celulari<br>Fabio Lago&nbsp;<br>Aline Prado&nbsp;<br>Nando Brand\u00e3o<br>Vanessa Gerbelli<br>Fernanda Rodrigues<br>Mouhamed Harfouch<br>Felipe de Carollis<br>Rafa Sieg<br>Ju Colombo&nbsp;<br>Julianne Trevisol&nbsp;<br>Let\u00edcia Braga<br>Maria Volpe<br>Thales Miranda<br>Renato Prieto como Andr\u00e9 Luiz&nbsp;<br>Participa\u00e7\u00e3o Especial: Othon Bastos<\/p>\n\n\n\n<p><strong>Sobre o diretor Wagner de Assis<\/strong><\/p>\n\n\n\n<p>Wagner de Assis, carioca, \u00e9 diretor, roteirista e produtor. Respons\u00e1vel pelos longas \u201cA Cartomante\u201d, \u201cNosso Lar\u201d, \u201cA Menina \u00cdndigo\u201d e &#8220;Amor Assombrado\u201d,&nbsp;\u201cNingu\u00e9m \u00e9 de Ningu\u00e9m\u201d, al\u00e9m da dire\u00e7\u00e3o e roteiro da cinebiografia \u201cKardec\u201d. Assina tamb\u00e9m a produ\u00e7\u00e3o de document\u00e1rios como \u201cOs Transgressores\u201d e \u201cQue Gera\u00e7\u00e3o \u00e9 Essa?\u201d. Foi autor de s\u00e9ries para TV como \u201cRondon, o grande-chefe\u201d e autor-colaborador de novelas como \u201cAl\u00e9m do Tempo\u201d e \u201cEspelho da Vida\u201d, da TV Globo. \u00c9 respons\u00e1vel pela empresa Cin\u00e9tica Filmes, fundada em 1997.<\/p>\n\n\n\n<p><strong>Sobre a Cin\u00e9tica Filmes&nbsp;<\/strong><\/p>\n\n\n\n<p>A Cin\u00e9tica Filmes foi fundada por Wagner de Assis em 1997. A produtora tem se destacado pela produ\u00e7\u00e3o de filmes de longas-metragens e document\u00e1rios. Dentre seus mais conhecidos projetos est\u00e1 o filme \u201cNosso Lar\u201d que foi um sucesso de bilheteria, tendo alcan\u00e7ado um p\u00fablico de 1,6 milh\u00e3o de espectadores em 10 dias de exibi\u00e7\u00e3o, e, ao todo, foi visto por mais de 4 milh\u00f5es de espectadores somente nos cinemas. Outros filmes recentes s\u00e3o \u201cNingu\u00e9m \u00e9 de Ningu\u00e9m\u201d, da obra de Z\u00edbia Gasparetto, \u201cA Menina \u00cdndigo\u201d e \u201cAmor Assombrado\u201d.&nbsp;<\/p>\n\n\n\n<p>Atualmente, est\u00e3o em fases diferentes de produ\u00e7\u00e3o &#8220;Emmanuel, a cinebiografia de um esp\u00edrito&#8221; e &#8220;The Fox Sisters&#8221;, biografia das irm\u00e3s pioneiras do espiritualismo nos EUA, al\u00e9m dos document\u00e1rios que ser\u00e3o lan\u00e7ados em breve: \u201cCidade Maravilhosa\u201d, &#8220;Photochart, a hist\u00f3ria de J.Ricardo&#8221; e \u201cEm Busca de Cinderela\u201d.<\/p>\n","protected":false},"excerpt":{"rendered":"<p>Dirigido e roteirizado por Wagner de Assis, novo filme da franquia de sucesso chega aos&#8230;<\/p>\n","protected":false},"author":1,"featured_media":11561,"comment_status":"closed","ping_status":"open","sticky":false,"template":"","format":"standard","meta":{"om_disable_all_campaigns":false,"_monsterinsights_skip_tracking":false,"_monsterinsights_sitenote_active":false,"_monsterinsights_sitenote_note":"","_monsterinsights_sitenote_category":0,"spay_email":""},"categories":[1],"tags":[],"jetpack_featured_media_url":"https:\/\/vimagazine.com.br\/wp-content\/uploads\/2023\/12\/Cartaz-oficial-Cinemas.jpg","_links":{"self":[{"href":"https:\/\/vimagazine.com.br\/index.php?rest_route=\/wp\/v2\/posts\/11557"}],"collection":[{"href":"https:\/\/vimagazine.com.br\/index.php?rest_route=\/wp\/v2\/posts"}],"about":[{"href":"https:\/\/vimagazine.com.br\/index.php?rest_route=\/wp\/v2\/types\/post"}],"author":[{"embeddable":true,"href":"https:\/\/vimagazine.com.br\/index.php?rest_route=\/wp\/v2\/users\/1"}],"replies":[{"embeddable":true,"href":"https:\/\/vimagazine.com.br\/index.php?rest_route=%2Fwp%2Fv2%2Fcomments&post=11557"}],"version-history":[{"count":3,"href":"https:\/\/vimagazine.com.br\/index.php?rest_route=\/wp\/v2\/posts\/11557\/revisions"}],"predecessor-version":[{"id":11562,"href":"https:\/\/vimagazine.com.br\/index.php?rest_route=\/wp\/v2\/posts\/11557\/revisions\/11562"}],"wp:featuredmedia":[{"embeddable":true,"href":"https:\/\/vimagazine.com.br\/index.php?rest_route=\/wp\/v2\/media\/11561"}],"wp:attachment":[{"href":"https:\/\/vimagazine.com.br\/index.php?rest_route=%2Fwp%2Fv2%2Fmedia&parent=11557"}],"wp:term":[{"taxonomy":"category","embeddable":true,"href":"https:\/\/vimagazine.com.br\/index.php?rest_route=%2Fwp%2Fv2%2Fcategories&post=11557"},{"taxonomy":"post_tag","embeddable":true,"href":"https:\/\/vimagazine.com.br\/index.php?rest_route=%2Fwp%2Fv2%2Ftags&post=11557"}],"curies":[{"name":"wp","href":"https:\/\/api.w.org\/{rel}","templated":true}]}}