{"id":11576,"date":"2023-12-15T11:18:54","date_gmt":"2023-12-15T14:18:54","guid":{"rendered":"https:\/\/vimagazine.com.br\/?p=11576"},"modified":"2023-12-15T11:18:57","modified_gmt":"2023-12-15T14:18:57","slug":"max-e-luan-lancam-o-album-esqueminha-ii","status":"publish","type":"post","link":"https:\/\/vimagazine.com.br\/?p=11576","title":{"rendered":"Max e Luan lan\u00e7am o \u00e1lbum \u2013 Esqueminha II"},"content":{"rendered":"\n<p><em>Ap\u00f3s o sucesso de \u201cEsqueminha (Ao vivo)\u201d em 2019, com mais de 28 MILH\u00d5ES de streams s\u00f3 no Spotify, a dupla&nbsp;<strong>Max e Luan<\/strong>&nbsp;apresentam a sua segunda edi\u00e7\u00e3o em&nbsp;<strong>\u201cESQUEMINHA II\u201d<\/strong>.<\/em><\/p>\n\n\n\n<p>O universo da m\u00fasica sertaneja se prepara para um novo cap\u00edtulo com o lan\u00e7amento, no pr\u00f3ximo dia 15 de dezembro, do \u00e1lbum&nbsp;<strong>&#8220;Esqueminha II\u201d,<\/strong>&nbsp;com participa\u00e7\u00f5es de grandes nomes da m\u00fasica sertaneja, que j\u00e1 est\u00e1 dispon\u00edvel&nbsp;nas plataformas digitais e no canal oficial da dupla.&nbsp;<\/p>\n\n\n\n<p>O \u00e1lbum gravado do Deck Mambo,&nbsp; em Goi\u00e2nia,&nbsp; conta com regrava\u00e7\u00f5es que mesclam m\u00fasicas marcantes do rock nacional ao sertanejo universit\u00e1rio atual, com a identidade musical da dupla,&nbsp; dona do sucesso \u201cVESTIDO COLADINHO\u201d. S\u00e3o 14 faixas, sendo duas in\u00e9ditas para fechar o ano de 2023 com chave de ouro.<\/p>\n\n\n\n<p>Entre as participa\u00e7\u00f5es especiais podemos citar:<strong>&nbsp;Cleber e Cauan na m\u00fasica \u201cFaisca\u201d, Diego e Arnaldo (Prazer por prazer\/ Deixa Eu Te Amar) e os estreantes da Hitstar Gregory e Matheus (Se Eu Chorar\/Leil\u00e3o)&nbsp;<\/strong><\/p>\n\n\n\n<p>Com a produ\u00e7\u00e3o musical assinada por Jonas Mateus e produ\u00e7\u00e3o geral da Hitstar. \u201cEsqueminha II\u201d, reuniu o melhor da m\u00fasica em uma grava\u00e7\u00e3o descontra\u00edda, com faixas que ultrapassaram gera\u00e7\u00f5es e in\u00e9ditas que tem letras viciantes e melodias envolventes prontas para levar os ouvintes para o universo que s\u00f3 a m\u00fasica proporciona. O destaque do \u00e1lbum \u00e9 para a m\u00fasica \u201c\u00c9 Proibido Recair\u201d composi\u00e7\u00e3o de L\u00e9o Soares, Marcos Ant\u00f4nio, Patriki Bonieky, Theo Rodrigues.<\/p>\n\n\n\n<p>A dupla Max e Luan tiveram grandes lan\u00e7amentos este ano acumulando milh\u00f5es de streams e visualiza\u00e7\u00f5es no YouTube, o que levou multid\u00f5es a cantarem seus sucessos em shows. E tem a certeza que a nova roupagem que trouxeram para os cl\u00e1ssicos v\u00e3o conquistar n\u00e3o s\u00f3 o seu p\u00fablico, mas sim todos que gostam de m\u00fasica.<\/p>\n\n\n\n<p><strong>\u201cMais um sonho realizado aqui em Goi\u00e2nia! Esse novo \u00e1lbum com a participa\u00e7\u00e3o de nossos amigos, cantando o que gostamos e juntos, estamos realizados! Que alegria!\u201d<\/strong>. Comenta a dupla.<\/p>\n\n\n\n<p>Vale conferir!&nbsp;<\/p>\n\n\n\n<p><strong><u>\u00c1lbum \u2013 Esqueminha II&nbsp;<\/u><\/strong><\/p>\n\n\n\n<p>1 &#8211; Fica Comigo\/ Tentei Te Esquecer&nbsp;<\/p>\n\n\n\n<p>2 &#8211; Prazer por Prazer \/Deixa Eu Te Amar \u2013 Part. Diego e Arnaldo<\/p>\n\n\n\n<p>3 &#8211; Caso Marcado \/ Traz Ela de Volta pra Mim&nbsp;<\/p>\n\n\n\n<p>4 &#8211; Palpite\/ Como Eu Quero<\/p>\n\n\n\n<p>5 &#8211; Continua Nua&nbsp;<\/p>\n\n\n\n<p>6 &#8211; Proibido Recair&nbsp;<\/p>\n\n\n\n<p>7 &#8211; Cds e Livros \/ Locutor<\/p>\n\n\n\n<p>8 &#8211; Cicatrizes \/ A Dama da Noite&nbsp;<\/p>\n\n\n\n<p>9 &#8211; Fa\u00edsca \u2013 Part. Cleber e Cauan&nbsp;<\/p>\n\n\n\n<p>10 -Amante Amiga e Namorada&nbsp;<\/p>\n\n\n\n<p>11 &#8211; Eu Quero S\u00f3 Voc\u00ea\/ Eva&nbsp;<\/p>\n\n\n\n<p>12 &#8211; Se Eu Chorar \/ Leil\u00e3o \u2013 Part. Gregory e Matheus<\/p>\n\n\n\n<p>13 &#8211; Quem de N\u00f3s Dois \/ Vamos Fugir&nbsp;<\/p>\n\n\n\n<p>14 &#8211; Prefiro Ficar em Goi\u00e2nia \/ Leva Eu&nbsp;<\/p>\n\n\n\n<p>In\u00e9ditas:&nbsp;<\/p>\n\n\n\n<p>Continua Nua&nbsp;<\/p>\n\n\n\n<p>Fa\u00edsca \u2013 Part. Cleber e Cauan<\/p>\n\n\n\n<p><a href=\"https:\/\/onerpm.link\/esqueminha2\">https:\/\/onerpm.link\/esqueminha2<\/a><\/p>\n\n\n\n<figure class=\"wp-block-embed is-type-video is-provider-youtube wp-block-embed-youtube wp-embed-aspect-16-9 wp-has-aspect-ratio\"><div class=\"wp-block-embed__wrapper\">\n<iframe loading=\"lazy\" title=\"Esqueminha II - Max e Luan (DvD Completo)\" width=\"640\" height=\"360\" src=\"https:\/\/www.youtube.com\/embed\/sPoep8X4sR0?feature=oembed\" frameborder=\"0\" allow=\"accelerometer; autoplay; clipboard-write; encrypted-media; gyroscope; picture-in-picture; web-share\" allowfullscreen><\/iframe>\n<\/div><\/figure>\n\n\n\n<p>Fotos cr\u00e9dito: Marcel Bianchi<\/p>\n\n\n\n<p>Fonte: Fernanda Lara Rocca&nbsp;<\/p>\n\n\n\n<p><strong><u>Para saber mais acesse:<\/u><\/strong><\/p>\n\n\n\n<p>Youtube:&nbsp;<a href=\"https:\/\/www.youtube.com\/@MaxeLuan\" target=\"_blank\" rel=\"noreferrer noopener\">https:\/\/www.youtube.com\/@MaxeLuan<\/a><\/p>\n\n\n\n<p>Instagram:&nbsp;<a href=\"https:\/\/instagram.com\/maxeluan\" target=\"_blank\" rel=\"noreferrer noopener\">https:\/\/instagram.com\/maxeluan<\/a>&nbsp;<\/p>\n\n\n\n<p>Facebook:&nbsp;<a href=\"https:\/\/www.facebook.com\/maxeluan\" target=\"_blank\" rel=\"noreferrer noopener\">https:\/\/www.facebook.com\/maxeluan<\/a>&nbsp;<\/p>\n\n\n\n<p>Twitter:&nbsp;<a href=\"https:\/\/twitter.com\/duplamaxeluan\" target=\"_blank\" rel=\"noreferrer noopener\">https:\/\/twitter.com\/duplamaxeluan<\/a>&nbsp;<\/p>\n\n\n\n<p>TikTok:&nbsp;<a href=\"https:\/\/www.tiktok.com\/@maxeluanoficial\" target=\"_blank\" rel=\"noreferrer noopener\">https:\/\/www.tiktok.com\/@maxeluanoficial<\/a>&nbsp;<\/p>\n","protected":false},"excerpt":{"rendered":"<p>Ap\u00f3s o sucesso de \u201cEsqueminha (Ao vivo)\u201d em 2019, com mais de 28 MILH\u00d5ES de&#8230;<\/p>\n","protected":false},"author":19,"featured_media":11577,"comment_status":"closed","ping_status":"open","sticky":false,"template":"","format":"standard","meta":{"om_disable_all_campaigns":false,"_monsterinsights_skip_tracking":false,"_monsterinsights_sitenote_active":false,"_monsterinsights_sitenote_note":"","_monsterinsights_sitenote_category":0,"spay_email":""},"categories":[26],"tags":[],"jetpack_featured_media_url":"https:\/\/vimagazine.com.br\/wp-content\/uploads\/2023\/12\/Diego-e-Arnaldo.jpg","_links":{"self":[{"href":"https:\/\/vimagazine.com.br\/index.php?rest_route=\/wp\/v2\/posts\/11576"}],"collection":[{"href":"https:\/\/vimagazine.com.br\/index.php?rest_route=\/wp\/v2\/posts"}],"about":[{"href":"https:\/\/vimagazine.com.br\/index.php?rest_route=\/wp\/v2\/types\/post"}],"author":[{"embeddable":true,"href":"https:\/\/vimagazine.com.br\/index.php?rest_route=\/wp\/v2\/users\/19"}],"replies":[{"embeddable":true,"href":"https:\/\/vimagazine.com.br\/index.php?rest_route=%2Fwp%2Fv2%2Fcomments&post=11576"}],"version-history":[{"count":1,"href":"https:\/\/vimagazine.com.br\/index.php?rest_route=\/wp\/v2\/posts\/11576\/revisions"}],"predecessor-version":[{"id":11578,"href":"https:\/\/vimagazine.com.br\/index.php?rest_route=\/wp\/v2\/posts\/11576\/revisions\/11578"}],"wp:featuredmedia":[{"embeddable":true,"href":"https:\/\/vimagazine.com.br\/index.php?rest_route=\/wp\/v2\/media\/11577"}],"wp:attachment":[{"href":"https:\/\/vimagazine.com.br\/index.php?rest_route=%2Fwp%2Fv2%2Fmedia&parent=11576"}],"wp:term":[{"taxonomy":"category","embeddable":true,"href":"https:\/\/vimagazine.com.br\/index.php?rest_route=%2Fwp%2Fv2%2Fcategories&post=11576"},{"taxonomy":"post_tag","embeddable":true,"href":"https:\/\/vimagazine.com.br\/index.php?rest_route=%2Fwp%2Fv2%2Ftags&post=11576"}],"curies":[{"name":"wp","href":"https:\/\/api.w.org\/{rel}","templated":true}]}}